{"id":5296,"date":"2023-12-21T07:30:47","date_gmt":"2023-12-21T07:30:47","guid":{"rendered":"https:\/\/revistacienciaecultura.org.br\/?p=5296"},"modified":"2023-12-13T11:28:19","modified_gmt":"2023-12-13T11:28:19","slug":"videos-usam-animacao-para-explicar-conceitos-politicos","status":"publish","type":"post","link":"https:\/\/revistacienciaecultura.org.br\/?p=5296","title":{"rendered":"V\u00eddeos usam anima\u00e7\u00e3o para explicar conceitos pol\u00edticos"},"content":{"rendered":"<h4 id=\"confira-os-videos-da-serie-conceituar-da-unicamp\"><span style=\"color: #808080;\">Confira os v\u00eddeos da s\u00e9rie Conceituar, da Unicamp<\/span><\/h4>\n<p>&nbsp;<\/p>\n<p>A s\u00e9rie de v\u00eddeos &#8220;Conceituar&#8221;, produzida pela Secretaria Executiva de Comunica\u00e7\u00e3o da Unicamp, visa explicar termos debatidos publicamente, como movimentos sociais, democracia, fascismo e uberiza\u00e7\u00e3o do trabalho. A primeira temporada, lan\u00e7ada em meio a um per\u00edodo eleitoral e dissemina\u00e7\u00e3o de fake news, oferece pequenas aulas ministradas por especialistas da Unicamp, apresentadas em formato audiovisual por um bolsista de Filosofia, complementado por storyboards elaborados por uma estagi\u00e1ria de artes visuais. Para a segunda temporada, a s\u00e9rie ser\u00e1 incorporada a uma disciplina de Filosofia, introduzindo entrevistas e explorando conceitos \u00e9ticos sob diferentes perspectivas filos\u00f3ficas.<\/p>\n<p>Confira!<\/p>\n<p>&nbsp;<\/p>\n<h4 id=\"o-que-sao-direita-e-esquerda\"><span style=\"color: #800000;\"><a style=\"color: #800000;\" href=\"https:\/\/www.youtube.com\/watch?v=lEEncZiH_R8&amp;list=PLWYzeDRJEODOjeTsMxEcojPYQGvvH9S9m&amp;index=1\"><strong>O que s\u00e3o direita e esquerda?<\/strong><\/a><\/span><\/h4>\n<p>O que s\u00e3o direita e esquerda? Saiba como essas categorias pol\u00edticas se originaram na Revolu\u00e7\u00e3o Francesa, com jacobinos e girondinos ocupando lados opostos da assembleia. A direita defende a liberdade de mercado e a propriedade privada, enquanto a esquerda busca a igualdade. Descubra mais nesse v\u00eddeo informativo.<\/p>\n<p><iframe loading=\"lazy\" title=\"O que s\u00e3o direita e esquerda?\" width=\"1200\" height=\"675\" src=\"https:\/\/www.youtube.com\/embed\/lEEncZiH_R8?list=PLWYzeDRJEODOjeTsMxEcojPYQGvvH9S9m\" frameborder=\"0\" allow=\"accelerometer; autoplay; clipboard-write; encrypted-media; gyroscope; picture-in-picture; web-share\" allowfullscreen><\/iframe><\/p>\n<p>&nbsp;<\/p>\n<h4 id=\"o-que-e-colorismo\"><span style=\"color: #800000;\"><a style=\"color: #800000;\" href=\"https:\/\/www.youtube.com\/watch?v=CCasXy-qcMQ&amp;list=PLWYzeDRJEODOjeTsMxEcojPYQGvvH9S9m&amp;index=2\"><strong>O que \u00e9 colorismo?<\/strong><\/a><\/span><\/h4>\n<p>Entenda o colorismo, um fen\u00f4meno que hierarquiza grupos \u00e9tnico-raciais no Brasil. Descubra como as distin\u00e7\u00f5es entre branco, mesti\u00e7o e negro\/\u00edndio afetam a conscientiza\u00e7\u00e3o sobre a identidade racial. Este v\u00eddeo explora como o movimento negro no Brasil est\u00e1 redefinindo o pertencimento \u00e9tnico-racial.<\/p>\n<p><iframe loading=\"lazy\" title=\"O que \u00e9 colorismo?\" width=\"1200\" height=\"675\" src=\"https:\/\/www.youtube.com\/embed\/CCasXy-qcMQ?list=PLWYzeDRJEODOjeTsMxEcojPYQGvvH9S9m\" frameborder=\"0\" allow=\"accelerometer; autoplay; clipboard-write; encrypted-media; gyroscope; picture-in-picture; web-share\" allowfullscreen><\/iframe><\/p>\n<p>&nbsp;<\/p>\n<h4 id=\"o-que-e-uberizacao-do-trabalho\"><span style=\"color: #800000;\"><a style=\"color: #800000;\" href=\"https:\/\/www.youtube.com\/watch?v=2ifg2U8A9rI&amp;list=PLWYzeDRJEODOjeTsMxEcojPYQGvvH9S9m&amp;index=3\"><strong>O que \u00e9 uberiza\u00e7\u00e3o do trabalho?<\/strong><\/a><\/span><\/h4>\n<p>A uberiza\u00e7\u00e3o do trabalho \u00e9 o novo paradigma de organiza\u00e7\u00e3o baseado em plataformas digitais. Descubra como isso desafia as leis trabalhistas e como as crises econ\u00f4micas impulsionaram esse fen\u00f4meno. Saiba mais sobre essa tend\u00eancia que afeta o mundo do trabalho.<\/p>\n<p><iframe loading=\"lazy\" title=\"O que \u00e9 uberiza\u00e7\u00e3o do trabalho?\" width=\"1200\" height=\"675\" src=\"https:\/\/www.youtube.com\/embed\/2ifg2U8A9rI?list=PLWYzeDRJEODOjeTsMxEcojPYQGvvH9S9m\" frameborder=\"0\" allow=\"accelerometer; autoplay; clipboard-write; encrypted-media; gyroscope; picture-in-picture; web-share\" allowfullscreen><\/iframe><\/p>\n<p>&nbsp;<\/p>\n<h4 id=\"o-que-e-fascismo\"><span style=\"color: #800000;\"><a style=\"color: #800000;\" href=\"https:\/\/www.youtube.com\/watch?v=oAs59MnTLvQ&amp;list=PLWYzeDRJEODOjeTsMxEcojPYQGvvH9S9m&amp;index=4\"><strong>O que \u00e9 fascismo?<\/strong><\/a><\/span><\/h4>\n<p>O fascismo \u00e9 analisado em tr\u00eas elementos essenciais: a mitifica\u00e7\u00e3o da hist\u00f3ria, o fim das media\u00e7\u00f5es institucionais e a desumaniza\u00e7\u00e3o daqueles que n\u00e3o se encaixam no ideal de pureza. Descubra como esses elementos moldam essa ideologia pol\u00edtica neste v\u00eddeo esclarecedor.<\/p>\n<p><iframe loading=\"lazy\" title=\"O que \u00e9 fascismo?\" width=\"1200\" height=\"675\" src=\"https:\/\/www.youtube.com\/embed\/oAs59MnTLvQ?list=PLWYzeDRJEODOjeTsMxEcojPYQGvvH9S9m\" frameborder=\"0\" allow=\"accelerometer; autoplay; clipboard-write; encrypted-media; gyroscope; picture-in-picture; web-share\" allowfullscreen><\/iframe><\/p>\n<p>&nbsp;<\/p>\n<h4 id=\"o-que-e-democracia\"><span style=\"color: #800000;\"><a style=\"color: #800000;\" href=\"https:\/\/www.youtube.com\/watch?v=zi91O5DZ4Tg&amp;list=PLWYzeDRJEODOjeTsMxEcojPYQGvvH9S9m&amp;index=5\"><strong>O que \u00e9 democracia?<\/strong><\/a><\/span><\/h4>\n<p>A democracia \u00e9 muito mais do que apenas votar. Descubra como a inclus\u00e3o e a competi\u00e7\u00e3o s\u00e3o fundamentais para seu funcionamento. Aprofunde-se na hist\u00f3ria da democracia no Brasil e entenda os desafios que ela enfrenta.<\/p>\n<p><iframe loading=\"lazy\" title=\"O que \u00e9 democracia?\" width=\"1200\" height=\"675\" src=\"https:\/\/www.youtube.com\/embed\/zi91O5DZ4Tg?list=PLWYzeDRJEODOjeTsMxEcojPYQGvvH9S9m\" frameborder=\"0\" allow=\"accelerometer; autoplay; clipboard-write; encrypted-media; gyroscope; picture-in-picture; web-share\" allowfullscreen><\/iframe><\/p>\n<p>&nbsp;<\/p>\n<h4 id=\"o-que-sao-os-movimentos-sociais\"><span style=\"color: #800000;\"><a style=\"color: #800000;\" href=\"https:\/\/www.youtube.com\/watch?v=0YCyp6r7Y5E&amp;list=PLWYzeDRJEODOjeTsMxEcojPYQGvvH9S9m&amp;index=6\"><strong>O que s\u00e3o os movimentos sociais?<\/strong><\/a><\/span><\/h4>\n<p>Os movimentos sociais s\u00e3o mais do que protestos. Eles surgem da identifica\u00e7\u00e3o de problemas e representam uma disputa pol\u00edtica e cultural. Saiba como esses movimentos se organizam e se constroem em torno de quest\u00f5es importantes.<\/p>\n<p><iframe loading=\"lazy\" title=\"O que s\u00e3o os movimentos sociais?\" width=\"1200\" height=\"675\" src=\"https:\/\/www.youtube.com\/embed\/0YCyp6r7Y5E?list=PLWYzeDRJEODOjeTsMxEcojPYQGvvH9S9m\" frameborder=\"0\" allow=\"accelerometer; autoplay; clipboard-write; encrypted-media; gyroscope; picture-in-picture; web-share\" allowfullscreen><\/iframe><\/p>\n<p>&nbsp;<\/p>\n","protected":false},"excerpt":{"rendered":"Confira os v\u00eddeos da s\u00e9rie Conceituar, da Unicamp &nbsp; A s\u00e9rie de&hellip;\n","protected":false},"author":19,"featured_media":5298,"comment_status":"open","ping_status":"open","sticky":false,"template":"","format":"standard","meta":[],"categories":[1,2],"tags":[],"acf":[],"_links":{"self":[{"href":"https:\/\/revistacienciaecultura.org.br\/index.php?rest_route=\/wp\/v2\/posts\/5296"}],"collection":[{"href":"https:\/\/revistacienciaecultura.org.br\/index.php?rest_route=\/wp\/v2\/posts"}],"about":[{"href":"https:\/\/revistacienciaecultura.org.br\/index.php?rest_route=\/wp\/v2\/types\/post"}],"author":[{"embeddable":true,"href":"https:\/\/revistacienciaecultura.org.br\/index.php?rest_route=\/wp\/v2\/users\/19"}],"replies":[{"embeddable":true,"href":"https:\/\/revistacienciaecultura.org.br\/index.php?rest_route=%2Fwp%2Fv2%2Fcomments&post=5296"}],"version-history":[{"count":3,"href":"https:\/\/revistacienciaecultura.org.br\/index.php?rest_route=\/wp\/v2\/posts\/5296\/revisions"}],"predecessor-version":[{"id":5299,"href":"https:\/\/revistacienciaecultura.org.br\/index.php?rest_route=\/wp\/v2\/posts\/5296\/revisions\/5299"}],"wp:featuredmedia":[{"embeddable":true,"href":"https:\/\/revistacienciaecultura.org.br\/index.php?rest_route=\/wp\/v2\/media\/5298"}],"wp:attachment":[{"href":"https:\/\/revistacienciaecultura.org.br\/index.php?rest_route=%2Fwp%2Fv2%2Fmedia&parent=5296"}],"wp:term":[{"taxonomy":"category","embeddable":true,"href":"https:\/\/revistacienciaecultura.org.br\/index.php?rest_route=%2Fwp%2Fv2%2Fcategories&post=5296"},{"taxonomy":"post_tag","embeddable":true,"href":"https:\/\/revistacienciaecultura.org.br\/index.php?rest_route=%2Fwp%2Fv2%2Ftags&post=5296"}],"curies":[{"name":"wp","href":"https:\/\/api.w.org\/{rel}","templated":true}]}}