{"id":5317,"date":"2023-12-12T07:30:15","date_gmt":"2023-12-12T07:30:15","guid":{"rendered":"https:\/\/revistacienciaecultura.org.br\/?p=5317"},"modified":"2023-12-11T17:35:58","modified_gmt":"2023-12-11T17:35:58","slug":"75-anos-da-declaracao-universal-dos-direitos-humanos","status":"publish","type":"post","link":"https:\/\/revistacienciaecultura.org.br\/?p=5317","title":{"rendered":"75 anos da Declara\u00e7\u00e3o Universal dos Direitos Humanos"},"content":{"rendered":"<h4 id=\"fracasso-em-aplicar-os-principios-da-declaracao-resulta-em-guerras-fome-discriminacao-e-odio\"><span style=\"color: #808080;\">Fracasso em aplicar os princ\u00edpios da declara\u00e7\u00e3o resulta em guerras, fome, discrimina\u00e7\u00e3o e \u00f3dio<\/span><\/h4>\n<p>&nbsp;<\/p>\n<p>A Declara\u00e7\u00e3o Universal dos Direitos Humanos completou 75 anos. Em meio a um cen\u00e1rio de pouca solidariedade e muita divis\u00e3o, a <span style=\"color: #800000;\"><a style=\"color: #800000;\" href=\"https:\/\/news.un.org\/pt\/\"><strong>Organiza\u00e7\u00e3o das Na\u00e7\u00f5es Unidas (ONU)<\/strong><\/a><\/span> celebrou o acordo enfatizando a necessidade de superar a polariza\u00e7\u00e3o, projetando a energia da declara\u00e7\u00e3o para enfrentar desafios futuros. Aprovada pela ONU em 1948, a carta de princ\u00edpios visa garantir uma vida digna a todas as pessoas. No entanto, os desafios persistem.<\/p>\n<p>A declara\u00e7\u00e3o tem inspirando movimentos de liberta\u00e7\u00e3o, resist\u00eancia contra regimes opressivos e lutas por igualdade. Por\u00e9m, os numerosos fracassos na defesa dos direitos humanos vem resultando em guerras, fome, discurso de \u00f3dio, repress\u00e3o e amea\u00e7as relacionadas \u00e0s mudan\u00e7as clim\u00e1ticas e perda de biodiversidade.<\/p>\n<p><strong>\u00a0<\/strong><\/p>\n<h4 id=\"desafios\"><strong>Desafios<\/strong><\/h4>\n<p>A declara\u00e7\u00e3o conta com 30 artigos, garantindo direitos fundamentais como liberdade, vida, propriedade, educa\u00e7\u00e3o e condi\u00e7\u00f5es dignas de vida. O documento buscou uniformizar as garantias individuais ap\u00f3s a Segunda Guerra Mundial e o Holocausto. No entanto, em meio \u00e0 eros\u00e3o do multilateralismo e questionamentos sobre sua efetividade, o conte\u00fado da carta, o documento mais traduzido no mundo, \u00e9 ignorado por alguns pa\u00edses em conflito.<\/p>\n<p>As viola\u00e7\u00f5es persistem, refletindo-se em conflitos como a Guerra da Ucr\u00e2nia, o conflito Israel-Hamas e a guerra civil na S\u00edria. Quest\u00f5es migrat\u00f3rias, xenofobia e racismo tamb\u00e9m desafiam os princ\u00edpios da declara\u00e7\u00e3o. Apesar dos avan\u00e7os, as viola\u00e7\u00f5es ao direito internacional humanit\u00e1rio aumentam globalmente. Segundo o <strong><a href=\"https:\/\/www.googleadservices.com\/pagead\/aclk?sa=L&amp;ai=DChcSEwj-vPuy9oeDAxVCY0gAHQekD1UYABAAGgJjZQ&amp;ase=2&amp;gclid=CjwKCAiAg9urBhB_EiwAgw88mUKpHn5jcQ-ABPcJ4f1p1goGMDlXPQ6_6AwkcG-jSHTaHUla8tgCsBoCgzgQAvD_BwE&amp;ohost=www.google.com&amp;cid=CAESVuD2AM0qrviOZwPer5R1w0gyA18Zlicv_XbriosBE2rl8H6srbFfRt3EUYJaammbGqlrvfsnub5Gi-YdaO0I66sOjFu6ZaKt8soj9RFgv_93ovd-ZIf7&amp;sig=AOD64_2fSwSIkbdnHLv4RWK5Bog5NExuCQ&amp;q&amp;nis=4&amp;adurl&amp;ved=2ahUKEwjymPOy9oeDAxV6pZUCHaaJBYQQ0Qx6BAgJEAE\"><span style=\"color: #800000;\">Alto Comissariado das Na\u00e7\u00f5es Unidas para Refugiado (Acnur)<\/span><\/a><\/strong>, em setembro deste ano, 114 milh\u00f5es de pessoas foram deslocadas devido a conflitos e viola\u00e7\u00f5es dos direitos humanos.<\/p>\n<p>A Declara\u00e7\u00e3o Universal dos Direitos Humanos, embora tenha sido um marco na expans\u00e3o das garantias individuais, enfrenta desafios diante da atual crise clim\u00e1tica e da eros\u00e3o do multilateralismo. Apesar dos desafios, o legado da declara\u00e7\u00e3o persiste, sendo necess\u00e1rio n\u00e3o apenas criar novas normas, mas tamb\u00e9m reinterpretar as existentes diante do cen\u00e1rio internacional em constante evolu\u00e7\u00e3o.<\/p>\n<p><span style=\"color: #333333;\"><em>Com informa\u00e7\u00f5es de <\/em><a style=\"color: #333333;\" href=\"https:\/\/news.un.org\/\"><em>ONU News<\/em><\/a><\/span><\/p>\n<hr \/>\n<p><strong>Saiba mais:<\/strong><\/p>\n<p><span style=\"color: #800000;\"><strong><a style=\"color: #800000;\" href=\"https:\/\/www.unicef.org\/brazil\/declaracao-universal-dos-direitos-humanos\">Declara\u00e7\u00e3o Universal dos Direitos Humanos<\/a><\/strong><\/span><\/p>\n<hr \/>\n<h6 id=\"capa-rawpixel-freepik-com-reproducao\">Capa. Rawpixel\/ Freepik.com. Reprodu\u00e7\u00e3o<\/h6>\n","protected":false},"excerpt":{"rendered":"Fracasso em aplicar os princ\u00edpios da declara\u00e7\u00e3o resulta em guerras, fome, discrimina\u00e7\u00e3o&hellip;\n","protected":false},"author":19,"featured_media":5318,"comment_status":"open","ping_status":"open","sticky":false,"template":"","format":"standard","meta":[],"categories":[1,2],"tags":[],"acf":[],"_links":{"self":[{"href":"https:\/\/revistacienciaecultura.org.br\/index.php?rest_route=\/wp\/v2\/posts\/5317"}],"collection":[{"href":"https:\/\/revistacienciaecultura.org.br\/index.php?rest_route=\/wp\/v2\/posts"}],"about":[{"href":"https:\/\/revistacienciaecultura.org.br\/index.php?rest_route=\/wp\/v2\/types\/post"}],"author":[{"embeddable":true,"href":"https:\/\/revistacienciaecultura.org.br\/index.php?rest_route=\/wp\/v2\/users\/19"}],"replies":[{"embeddable":true,"href":"https:\/\/revistacienciaecultura.org.br\/index.php?rest_route=%2Fwp%2Fv2%2Fcomments&post=5317"}],"version-history":[{"count":3,"href":"https:\/\/revistacienciaecultura.org.br\/index.php?rest_route=\/wp\/v2\/posts\/5317\/revisions"}],"predecessor-version":[{"id":5321,"href":"https:\/\/revistacienciaecultura.org.br\/index.php?rest_route=\/wp\/v2\/posts\/5317\/revisions\/5321"}],"wp:featuredmedia":[{"embeddable":true,"href":"https:\/\/revistacienciaecultura.org.br\/index.php?rest_route=\/wp\/v2\/media\/5318"}],"wp:attachment":[{"href":"https:\/\/revistacienciaecultura.org.br\/index.php?rest_route=%2Fwp%2Fv2%2Fmedia&parent=5317"}],"wp:term":[{"taxonomy":"category","embeddable":true,"href":"https:\/\/revistacienciaecultura.org.br\/index.php?rest_route=%2Fwp%2Fv2%2Fcategories&post=5317"},{"taxonomy":"post_tag","embeddable":true,"href":"https:\/\/revistacienciaecultura.org.br\/index.php?rest_route=%2Fwp%2Fv2%2Ftags&post=5317"}],"curies":[{"name":"wp","href":"https:\/\/api.w.org\/{rel}","templated":true}]}}