{"id":5347,"date":"2023-12-13T07:35:32","date_gmt":"2023-12-13T07:35:32","guid":{"rendered":"https:\/\/revistacienciaecultura.org.br\/?p=5347"},"modified":"2023-12-12T18:37:18","modified_gmt":"2023-12-12T18:37:18","slug":"mulheres-e-maes-na-ciencia","status":"publish","type":"post","link":"https:\/\/revistacienciaecultura.org.br\/?p=5347","title":{"rendered":"Mulheres e m\u00e3es na ci\u00eancia"},"content":{"rendered":"<h4 id=\"e-possivel-conciliar-carreira-academica-e-vida-pessoal-mas-sao-necessarios-incentivos\"><span style=\"color: #808080;\">\u00c9 poss\u00edvel conciliar carreira acad\u00eamica e vida pessoal, mas s\u00e3o necess\u00e1rios incentivos<\/span><\/h4>\n<p>&nbsp;<\/p>\n<p>Na \u00faltima ter\u00e7a-feira (5\/12), a C\u00e2mara dos Deputados aprovou, por vota\u00e7\u00e3o simb\u00f3lica, o Projeto de Lei 1741\/2022, que prop\u00f5e a prorroga\u00e7\u00e3o dos prazos de defesa de mestrado e tese de doutorado por 120 dias. A justificativa para a extens\u00e3o \u00e9 a ocorr\u00eancia de parto, nascimento, obten\u00e7\u00e3o de guarda judicial para fins de ado\u00e7\u00e3o ou licen\u00e7a ado\u00e7\u00e3o. A iniciativa agora segue para an\u00e1lise do Senado.<\/p>\n<p>A deputada federal Tal\u00edria Petrone (Psol-RJ) \u00e9 a respons\u00e1vel pela proposta, inspirada na experi\u00eancia da bi\u00f3loga Ambar Soldevila Cordoba. A bi\u00f3loga teve sua especializa\u00e7\u00e3o negada por n\u00e3o cumprir o prazo de corre\u00e7\u00f5es estabelecido, mesmo ap\u00f3s ter defendido a tese e dado \u00e0 luz 19 dias depois. A deputada destaca que, embora existam regulamenta\u00e7\u00f5es da <span style=\"color: #800000;\"><strong><a style=\"color: #800000;\" href=\"https:\/\/www.gov.br\/capes\/pt-br\">Coordena\u00e7\u00e3o de Aperfei\u00e7oamento de Pessoal de N\u00edvel Superior (Capes)<\/a><\/strong> <\/span>desde 2011 e a Lei 13.536\/2017, estas n\u00e3o contemplam pesquisadoras de mestrado e doutorado.<\/p>\n<p>O projeto de lei prop\u00f5e que o afastamento tempor\u00e1rio das pesquisadoras seja comunicado ao Programa de P\u00f3s-gradua\u00e7\u00e3o ao qual o discente est\u00e1 vinculado, especificando as datas de in\u00edcio e t\u00e9rmino, al\u00e9m da apresenta\u00e7\u00e3o de documentos comprobat\u00f3rios. Tal\u00edria Petrone argumenta que o projeto busca concretizar princ\u00edpios constitucionais de igualdade de g\u00eanero e valorizar a produ\u00e7\u00e3o das m\u00e3es cientistas.<\/p>\n<p>&nbsp;<\/p>\n<h4 id=\"mudancas\"><strong>Mudan\u00e7as<\/strong><\/h4>\n<p>A proposta busca proporcionar no m\u00ednimo seis meses adicionais para a entrega de trabalhos finais, teses e disserta\u00e7\u00f5es. A mudan\u00e7a seria aplic\u00e1vel em casos de parto, ado\u00e7\u00f5es ou obten\u00e7\u00e3o de guarda judicial, com a extens\u00e3o dobrando para 360 dias em situa\u00e7\u00f5es envolvendo crian\u00e7as ou adolescentes com defici\u00eancia.<\/p>\n<p>Os estudantes afetados dever\u00e3o comunicar formalmente a faculdade e apresentar comprova\u00e7\u00f5es relacionadas \u00e0 gesta\u00e7\u00e3o, nascimento, ado\u00e7\u00e3o ou guarda judicial. Al\u00e9m disso, a prorroga\u00e7\u00e3o tamb\u00e9m abrangeria bolsas de estudo concedidas por ag\u00eancias de fomento, como o <span style=\"color: #800000;\"><strong><a style=\"color: #800000;\" href=\"https:\/\/www.gov.br\/cnpq\/pt-br\">Conselho Nacional de Desenvolvimento Cient\u00edfico e Tecnol\u00f3gico (CNPq)<\/a><\/strong><\/span>.<\/p>\n<p><strong>\u00a0<\/strong><\/p>\n<h4 id=\"desafios\"><strong>Desafios <\/strong><\/h4>\n<p>Os desafios enfrentados por pesquisadoras na concilia\u00e7\u00e3o entre ci\u00eancia e maternidade ganham destaque com a aprova\u00e7\u00e3o desse projeto de lei. A jornada das mulheres na ci\u00eancia, que j\u00e1 representa apenas 28,8% dos cientistas globais, torna-se ainda mais complexa ap\u00f3s a maternidade. No Brasil, embora 44% dos graduados em ci\u00eancias sejam mulheres, a presen\u00e7a delas em cargos de lideran\u00e7a \u00e9 limitada, com apenas 14% dos membros da Academia Brasileira de Ci\u00eancias sendo mulheres, conforme relat\u00f3rio da <strong><a href=\"https:\/\/www.unesco.org\/\">Unesco<\/a><\/strong> de 2018.<\/p>\n<p>Um estudo da Elsevier, intitulado \u201c<strong><a href=\"https:\/\/www.elsevier.com\/__data\/assets\/pdf_file\/0011\/1083971\/Elsevier-gender-report-2020.pdf\"><span style=\"color: #800000;\">A jornada do pesquisador atrav\u00e9s de lentes de g\u00eanero<\/span><\/a><\/strong>\u201d, revela que, apesar do aumento da participa\u00e7\u00e3o feminina na pesquisa, a desigualdade persiste em termos de publica\u00e7\u00f5es, cita\u00e7\u00f5es, bolsas concedidas e colabora\u00e7\u00f5es. O \u00edndice &#8220;h&#8221; do pesquisador, que mede a relev\u00e2ncia das publica\u00e7\u00f5es, reflete essa disparidade de g\u00eanero, com trabalhos de autoria feminina citados com menos frequ\u00eancia do que os masculinos. A prorroga\u00e7\u00e3o proposta nos prazos de defesa de teses visa, assim, contribuir para a equidade de g\u00eanero na ci\u00eancia, reconhecendo os desafios enfrentados pelas m\u00e3es cientistas.<\/p>\n<p>&nbsp;<\/p>\n<h6 id=\"capa-freepik-com\">Capa. Freepik.com<\/h6>\n","protected":false},"excerpt":{"rendered":"\u00c9 poss\u00edvel conciliar carreira acad\u00eamica e vida pessoal, mas s\u00e3o necess\u00e1rios incentivos&hellip;\n","protected":false},"author":19,"featured_media":5348,"comment_status":"open","ping_status":"open","sticky":false,"template":"","format":"standard","meta":[],"categories":[1,2],"tags":[],"acf":[],"_links":{"self":[{"href":"https:\/\/revistacienciaecultura.org.br\/index.php?rest_route=\/wp\/v2\/posts\/5347"}],"collection":[{"href":"https:\/\/revistacienciaecultura.org.br\/index.php?rest_route=\/wp\/v2\/posts"}],"about":[{"href":"https:\/\/revistacienciaecultura.org.br\/index.php?rest_route=\/wp\/v2\/types\/post"}],"author":[{"embeddable":true,"href":"https:\/\/revistacienciaecultura.org.br\/index.php?rest_route=\/wp\/v2\/users\/19"}],"replies":[{"embeddable":true,"href":"https:\/\/revistacienciaecultura.org.br\/index.php?rest_route=%2Fwp%2Fv2%2Fcomments&post=5347"}],"version-history":[{"count":2,"href":"https:\/\/revistacienciaecultura.org.br\/index.php?rest_route=\/wp\/v2\/posts\/5347\/revisions"}],"predecessor-version":[{"id":5350,"href":"https:\/\/revistacienciaecultura.org.br\/index.php?rest_route=\/wp\/v2\/posts\/5347\/revisions\/5350"}],"wp:featuredmedia":[{"embeddable":true,"href":"https:\/\/revistacienciaecultura.org.br\/index.php?rest_route=\/wp\/v2\/media\/5348"}],"wp:attachment":[{"href":"https:\/\/revistacienciaecultura.org.br\/index.php?rest_route=%2Fwp%2Fv2%2Fmedia&parent=5347"}],"wp:term":[{"taxonomy":"category","embeddable":true,"href":"https:\/\/revistacienciaecultura.org.br\/index.php?rest_route=%2Fwp%2Fv2%2Fcategories&post=5347"},{"taxonomy":"post_tag","embeddable":true,"href":"https:\/\/revistacienciaecultura.org.br\/index.php?rest_route=%2Fwp%2Fv2%2Ftags&post=5347"}],"curies":[{"name":"wp","href":"https:\/\/api.w.org\/{rel}","templated":true}]}}