{"id":5359,"date":"2023-12-19T07:30:53","date_gmt":"2023-12-19T07:30:53","guid":{"rendered":"https:\/\/revistacienciaecultura.org.br\/?p=5359"},"modified":"2023-12-18T18:13:47","modified_gmt":"2023-12-18T18:13:47","slug":"ciencia-para-inclusao","status":"publish","type":"post","link":"https:\/\/revistacienciaecultura.org.br\/?p=5359","title":{"rendered":"Ci\u00eancia para inclus\u00e3o"},"content":{"rendered":"<h4 id=\"novo-plano-nacional-dos-direitos-das-pessoas-com-deficiencia-e-apresentado-pelo-governo-brasileiro-com-investimento-bilionario-em-tecnologias-assistivas\"><span style=\"color: #808080;\">Novo Plano Nacional dos Direitos das Pessoas com Defici\u00eancia \u00e9 apresentado pelo governo brasileiro com investimento bilion\u00e1rio em tecnologias assistivas<\/span><\/h4>\n<p>&nbsp;<\/p>\n<p>O governo brasileiro revelou seu mais recente <strong><a href=\"https:\/\/www.gov.br\/mdh\/pt-br\/assuntos\/noticias\/2023\/novembro\/PlanoNacionaldosDireitosdaPessoacomDeficinciaNovoViverSemLimite.pdf\"><span style=\"color: #800000;\">Plano Nacional dos Direitos das Pessoas com Defici\u00eancia<\/span><\/a><\/strong>, destinando um investimento de R$ 6,5 bilh\u00f5es (US$ 1,3 bilh\u00e3o) para uma s\u00e9rie de iniciativas fundamentadas na ci\u00eancia. O objetivo \u00e9 assegurar a dignidade, promover direitos e ampliar a inclus\u00e3o das pessoas com defici\u00eancia.<\/p>\n<p>Coordenado pelo <strong><a href=\"https:\/\/www.gov.br\/mcti\/pt-br\"><span style=\"color: #800000;\">Minist\u00e9rio da Ci\u00eancia, Tecnologia e Inova\u00e7\u00e3o (MCTI)<\/span><\/a><\/strong>, o plano engloba diversas a\u00e7\u00f5es, incluindo a cria\u00e7\u00e3o de 27 centros de acesso, pesquisa e desenvolvimento de tecnologias assistivas. Essa iniciativa se soma aos esfor\u00e7os anteriores, como o financiamento de R$ 46 bilh\u00f5es (US$ 9 milh\u00f5es) anunciado em agosto de 2023 para 18 projetos voltados \u00e0 estrutura\u00e7\u00e3o do Sistema Nacional de Laborat\u00f3rios de Tecnologias Assistivas.<\/p>\n<p>Durante a apresenta\u00e7\u00e3o do plano, a ministra Luciana Santos enfatizou o papel da ci\u00eancia em resolver quest\u00f5es cruciais na vida dos brasileiros, destacando a necessidade de superar barreiras comunicacionais, arquitet\u00f4nicas, atitudinais, f\u00edsicas e sociais enfrentadas pelas pessoas com defici\u00eancia. \u201cA ci\u00eancia existe para resolver quest\u00f5es fundamentais da vida do povo brasileiro\u201d, pontuou.<\/p>\n<p><strong>\u00a0<\/strong><\/p>\n<h4 id=\"tecnologia\"><strong>Tecnologia<\/strong><\/h4>\n<p>O avan\u00e7o das tecnologias de apoio j\u00e1 \u00e9 evidente globalmente, com o desenvolvimento de solu\u00e7\u00f5es como rob\u00f4s, sistemas de intelig\u00eancia artificial e ferramentas de acessibilidade em smartphones. A <span style=\"color: #800000;\"><strong><a style=\"color: #800000;\" href=\"https:\/\/www.who.int\/pt\/about\">Organiza\u00e7\u00e3o Mundial da Sa\u00fade (OMS)<\/a><\/strong><\/span> estima que mais de 2,5 bilh\u00f5es de pessoas no mundo precisam de produtos de assist\u00eancia, sendo que mais de um bilh\u00e3o n\u00e3o t\u00eam acesso a esses recursos. No Brasil, segundo o\u00a0<span style=\"color: #800000;\"><strong><a style=\"color: #800000;\" href=\"https:\/\/www.ibge.gov.br\/\">Instituto Brasileiro de Geografia e Estat\u00edstica (IBGE)<\/a><\/strong><\/span>, existem 17,2 milh\u00f5es de pessoas com defici\u00eancia.<\/p>\n<p>O foco no desenvolvimento de dispositivos assistivos tem se intensificado, especialmente em iniciativas como o <span style=\"color: #800000;\"><strong><a style=\"color: #800000;\" href=\"https:\/\/www.gov.br\/int\/pt-br\/pesquisa-desenvolvimento\/design-industrial\/laboratorio-de-tecnologia-assistiva-e-inclusao-latai\">Laborat\u00f3rio de Tecnologia de Assist\u00eancia e Inclus\u00e3o (Latai)<\/a><\/strong><\/span>, que desde sua funda\u00e7\u00e3o em 2020 j\u00e1 produziu mais de 60 dispositivos. Entre eles, um andador inovador para aqueles que t\u00eam dificuldade em ficar em p\u00e9 sozinhos, e uma muleta projetada para reduzir a dor e facilitar a mobilidade.<\/p>\n<p>Al\u00e9m das iniciativas de pesquisa, startups desempenham um papel significativo na cria\u00e7\u00e3o de tecnologias que melhoram a qualidade de vida das pessoas com defici\u00eancia. O <em>tablet<\/em> Conversia, baseado em intelig\u00eancia artificial e reconhecimento de imagem, permite a comunica\u00e7\u00e3o facilitada para aqueles que enfrentam barreiras na fala. Outro dispositivo not\u00e1vel \u00e9 o Colibri, um mouse de cabe\u00e7a sem fio que proporciona autonomia a indiv\u00edduos com limita\u00e7\u00f5es motoras nos membros superiores. Para ampliar a acessibilidade, o aplicativo Guiaderodas fornece informa\u00e7\u00f5es sobre a acessibilidade de locais p\u00fablicos e privados, auxiliando pessoas com defici\u00eancia a planejar suas visitas.<\/p>\n<p><span style=\"color: #808080;\"><em>Com informa\u00e7\u00f5es de SciDev.Net<\/em><\/span><\/p>\n<h6 id=\"\"><\/h6>\n<h6 id=\"capa-foto-por-freepik\">Capa. Foto por <a href=\"https:\/\/www.freepik.com\/\">Freepik<\/a><\/h6>\n","protected":false},"excerpt":{"rendered":"Novo Plano Nacional dos Direitos das Pessoas com Defici\u00eancia \u00e9 apresentado pelo&hellip;\n","protected":false},"author":19,"featured_media":5360,"comment_status":"open","ping_status":"open","sticky":false,"template":"","format":"standard","meta":[],"categories":[1,2],"tags":[],"acf":[],"_links":{"self":[{"href":"https:\/\/revistacienciaecultura.org.br\/index.php?rest_route=\/wp\/v2\/posts\/5359"}],"collection":[{"href":"https:\/\/revistacienciaecultura.org.br\/index.php?rest_route=\/wp\/v2\/posts"}],"about":[{"href":"https:\/\/revistacienciaecultura.org.br\/index.php?rest_route=\/wp\/v2\/types\/post"}],"author":[{"embeddable":true,"href":"https:\/\/revistacienciaecultura.org.br\/index.php?rest_route=\/wp\/v2\/users\/19"}],"replies":[{"embeddable":true,"href":"https:\/\/revistacienciaecultura.org.br\/index.php?rest_route=%2Fwp%2Fv2%2Fcomments&post=5359"}],"version-history":[{"count":3,"href":"https:\/\/revistacienciaecultura.org.br\/index.php?rest_route=\/wp\/v2\/posts\/5359\/revisions"}],"predecessor-version":[{"id":5363,"href":"https:\/\/revistacienciaecultura.org.br\/index.php?rest_route=\/wp\/v2\/posts\/5359\/revisions\/5363"}],"wp:featuredmedia":[{"embeddable":true,"href":"https:\/\/revistacienciaecultura.org.br\/index.php?rest_route=\/wp\/v2\/media\/5360"}],"wp:attachment":[{"href":"https:\/\/revistacienciaecultura.org.br\/index.php?rest_route=%2Fwp%2Fv2%2Fmedia&parent=5359"}],"wp:term":[{"taxonomy":"category","embeddable":true,"href":"https:\/\/revistacienciaecultura.org.br\/index.php?rest_route=%2Fwp%2Fv2%2Fcategories&post=5359"},{"taxonomy":"post_tag","embeddable":true,"href":"https:\/\/revistacienciaecultura.org.br\/index.php?rest_route=%2Fwp%2Fv2%2Ftags&post=5359"}],"curies":[{"name":"wp","href":"https:\/\/api.w.org\/{rel}","templated":true}]}}