{"id":5368,"date":"2024-01-09T07:30:20","date_gmt":"2024-01-09T07:30:20","guid":{"rendered":"https:\/\/revistacienciaecultura.org.br\/?p=5368"},"modified":"2024-01-08T18:11:28","modified_gmt":"2024-01-08T18:11:28","slug":"2023-foi-o-ano-mais-quente-e-america-latina-sentiu-mais-o-impacto","status":"publish","type":"post","link":"https:\/\/revistacienciaecultura.org.br\/?p=5368","title":{"rendered":"2023 foi o ano mais quente \u2013 e Am\u00e9rica Latina sentiu mais o impacto"},"content":{"rendered":"<h4 id=\"regiao-e-altamente-vulneravel-e-enfrentou-secas-inundacoes-incendios-e-seus-impactos-socioeconomicos\"><span style=\"color: #808080;\">Regi\u00e3o \u00e9 altamente vulner\u00e1vel e enfrentou secas, inunda\u00e7\u00f5es, inc\u00eandios e seus impactos socioecon\u00f4micos<\/span><\/h4>\n<p>&nbsp;<\/p>\n<p>O ano de 2023 foi o mais quente desde o in\u00edcio dos registros clim\u00e1ticos h\u00e1 174 anos, revelam diversas observa\u00e7\u00f5es cient\u00edficas. O <span style=\"color: #800000;\"><strong><a style=\"color: #800000;\" href=\"https:\/\/wmo.int\/sites\/default\/files\/2023-11\/WMO%20Provisional%20State%20of%20the%20Global%20Climate%202023.pdf\">relat\u00f3rio<\/a><\/strong><\/span> da Organiza\u00e7\u00e3o Meteorol\u00f3gica Mundial (OMM) destaca que a temperatura m\u00e9dia global, at\u00e9 outubro, estava cerca de 1,40\u00b0C acima da m\u00e9dia de 1850-1900. Comparativamente, os anos anteriores mais quentes, 2016 e 2020, registraram 1,29\u00b0C e 1,27\u00b0C acima dessa m\u00e9dia, respectivamente.<\/p>\n<p>A Am\u00e9rica Latina emergiu como uma das regi\u00f5es mais impactadas por esse calor extremo, com s\u00e9rias ramifica\u00e7\u00f5es para a sa\u00fade humana, ecossistemas e economias locais. O fen\u00f4meno El Ni\u00f1o exacerbou os efeitos, resultando em n\u00edveis elevados do mar, inc\u00eandios florestais generalizados e uma s\u00e9rie de desafios socioecon\u00f4micos.<\/p>\n<p>A intensifica\u00e7\u00e3o das mudan\u00e7as clim\u00e1ticas e suas consequ\u00eancias causaram o aumento das ondas de calor, eventos extremos de degelo e inc\u00eandios florestais devastadores. Regi\u00f5es como Am\u00e9rica do Sul, Amaz\u00f4nia, Am\u00e9rica Central e o Cone Sul est\u00e3o sofrendo com d\u00e9ficits h\u00eddricos, perda de cultivos e uma iminente crise alimentar. Al\u00e9m disso, \u00e9 cada vez mais cr\u00edtica a crescente vulnerabilidade das popula\u00e7\u00f5es devido \u00e0 falta de \u00e1gua e acesso limitado \u00e0 energia el\u00e9trica.<\/p>\n<p>A Am\u00e9rica Latina, enfrentar\u00e1 desafios significativos nas pr\u00f3ximas d\u00e9cadas se medidas urgentes de adapta\u00e7\u00e3o e mitiga\u00e7\u00e3o contra as mudan\u00e7as clim\u00e1ticas n\u00e3o forem implementadas. Apesar da incerteza em rela\u00e7\u00e3o \u00e0s temperaturas em 2024, os cientistas alertam que a tend\u00eancia dos \u00faltimos nove anos como os mais quentes j\u00e1 registrados exige a\u00e7\u00e3o imediata. O apelo \u00e9 para decis\u00f5es climaticamente inteligentes, visando aumentar a resili\u00eancia e a sustentabilidade da regi\u00e3o diante dos crescentes extremos clim\u00e1ticos.<\/p>\n<p><em><span style=\"color: #808080;\">Com informa\u00e7\u00f5es de <\/span><a href=\"https:\/\/www.scidev.net\/\"><span style=\"color: #808080;\">SciDev.Net<\/span><\/a><\/em><\/p>\n<p>&nbsp;<\/p>\n<h6 id=\"capa-wirestock-unsplash\">Capa: @wirestock\/ Unsplash<\/h6>\n","protected":false},"excerpt":{"rendered":"Regi\u00e3o \u00e9 altamente vulner\u00e1vel e enfrentou secas, inunda\u00e7\u00f5es, inc\u00eandios e seus impactos&hellip;\n","protected":false},"author":19,"featured_media":5369,"comment_status":"open","ping_status":"open","sticky":false,"template":"","format":"standard","meta":[],"categories":[1,2],"tags":[],"acf":[],"_links":{"self":[{"href":"https:\/\/revistacienciaecultura.org.br\/index.php?rest_route=\/wp\/v2\/posts\/5368"}],"collection":[{"href":"https:\/\/revistacienciaecultura.org.br\/index.php?rest_route=\/wp\/v2\/posts"}],"about":[{"href":"https:\/\/revistacienciaecultura.org.br\/index.php?rest_route=\/wp\/v2\/types\/post"}],"author":[{"embeddable":true,"href":"https:\/\/revistacienciaecultura.org.br\/index.php?rest_route=\/wp\/v2\/users\/19"}],"replies":[{"embeddable":true,"href":"https:\/\/revistacienciaecultura.org.br\/index.php?rest_route=%2Fwp%2Fv2%2Fcomments&post=5368"}],"version-history":[{"count":2,"href":"https:\/\/revistacienciaecultura.org.br\/index.php?rest_route=\/wp\/v2\/posts\/5368\/revisions"}],"predecessor-version":[{"id":5371,"href":"https:\/\/revistacienciaecultura.org.br\/index.php?rest_route=\/wp\/v2\/posts\/5368\/revisions\/5371"}],"wp:featuredmedia":[{"embeddable":true,"href":"https:\/\/revistacienciaecultura.org.br\/index.php?rest_route=\/wp\/v2\/media\/5369"}],"wp:attachment":[{"href":"https:\/\/revistacienciaecultura.org.br\/index.php?rest_route=%2Fwp%2Fv2%2Fmedia&parent=5368"}],"wp:term":[{"taxonomy":"category","embeddable":true,"href":"https:\/\/revistacienciaecultura.org.br\/index.php?rest_route=%2Fwp%2Fv2%2Fcategories&post=5368"},{"taxonomy":"post_tag","embeddable":true,"href":"https:\/\/revistacienciaecultura.org.br\/index.php?rest_route=%2Fwp%2Fv2%2Ftags&post=5368"}],"curies":[{"name":"wp","href":"https:\/\/api.w.org\/{rel}","templated":true}]}}