{"id":5383,"date":"2024-01-17T07:30:17","date_gmt":"2024-01-17T07:30:17","guid":{"rendered":"https:\/\/revistacienciaecultura.org.br\/?p=5383"},"modified":"2024-01-16T19:32:59","modified_gmt":"2024-01-16T19:32:59","slug":"portal-educativo-lanca-material-sobre-a-ditadura-militar-no-brasil","status":"publish","type":"post","link":"https:\/\/revistacienciaecultura.org.br\/?p=5383","title":{"rendered":"Portal Educativo lan\u00e7a material sobre a Ditadura Militar no Brasil"},"content":{"rendered":"<h4 id=\"conteudo-abrangente-relembra-60-anos-do-golpe-de-1964\"><span style=\"color: #808080;\">Conte\u00fado abrangente relembra 60 anos do Golpe de 1964<\/span><\/h4>\n<p>&nbsp;<\/p>\n<p>No ano em que o Brasil recorda seis d\u00e9cadas do golpe de 1964, a import\u00e2ncia da educa\u00e7\u00e3o hist\u00f3rica ressurge como pe\u00e7a-chave para enfrentar os desafios contempor\u00e2neos. Para tanto, foi lan\u00e7ado um recurso valioso para a produ\u00e7\u00e3o de aulas, cursos e forma\u00e7\u00f5es que abordam o golpe, a ditadura e os limites da transi\u00e7\u00e3o democr\u00e1tica.<\/p>\n<p>A novidade est\u00e1 na se\u00e7\u00e3o &#8220;<span style=\"color: #800000;\"><strong><a style=\"color: #800000;\" href=\"https:\/\/memoriasdaditadura.org.br\/apoio-ao-educador\/\">Apoio ao Educador<\/a><\/strong><\/span>&#8221; do portal <span style=\"color: #800000;\"><strong><a style=\"color: #800000;\" href=\"https:\/\/memoriasdaditadura.org.br\/\">Mem\u00f3rias da Ditadura<\/a><\/strong><\/span>, uma iniciativa do <strong><a href=\"https:\/\/vladimirherzog.org\/\"><span style=\"color: #800000;\">Instituto Vladimir Herzog<\/span><\/a><\/strong>. Este trabalho, concebido, criado e supervisionado pedagogicamente, oferece 22 sequ\u00eancias did\u00e1ticas tem\u00e1ticas, todas com uma abordagem atualizada e adapt\u00e1veis a diversos contextos educacionais, como escolas, universidades, cursinhos, educa\u00e7\u00e3o popular, e forma\u00e7\u00f5es pol\u00edticas para sindicatos e movimentos sociais.<\/p>\n<p>As sequ\u00eancias did\u00e1ticas incorporam metodologias diversificadas, abrangendo an\u00e1lise de imagens, interpreta\u00e7\u00e3o de textos, contato com fontes prim\u00e1rias, sugest\u00f5es de pesquisa, estudo dos relat\u00f3rios da <strong><a href=\"http:\/\/cnv.memoriasreveladas.gov.br\/\"><span style=\"color: #800000;\">Comiss\u00e3o Nacional da Verdade (CNV)<\/span><\/a><\/strong>, al\u00e9m de videoaulas exclusivas gravadas por especialistas para o portal.<\/p>\n<p>Al\u00e9m disso, o material inclui uma trilha de ensino por projetos, apresentando sugest\u00f5es de formatos, etapas e ritmos de trabalho para assegurar o protagonismo criativo dos alunos. Uma contribui\u00e7\u00e3o valiosa para promover uma compreens\u00e3o mais profunda da ditadura militar, o portal Mem\u00f3rias da Ditadura se destaca como uma ferramenta educacional abrangente e acess\u00edvel, visando n\u00e3o apenas informar, mas tamb\u00e9m estimular reflex\u00f5es cr\u00edticas sobre um per\u00edodo crucial da hist\u00f3ria brasileira.<\/p>\n<p><strong>Confira em:<\/strong><\/p>\n<p><span style=\"color: #800000;\"><strong><a style=\"color: #800000;\" href=\"https:\/\/memoriasdaditadura.org.br\/apoio-ao-educador\/\">https:\/\/memoriasdaditadura.org.br\/apoio-ao-educador\/<\/a><\/strong><\/span><\/p>\n","protected":false},"excerpt":{"rendered":"Conte\u00fado abrangente relembra 60 anos do Golpe de 1964 &nbsp; No ano&hellip;\n","protected":false},"author":19,"featured_media":4722,"comment_status":"open","ping_status":"open","sticky":false,"template":"","format":"standard","meta":[],"categories":[1,2],"tags":[],"acf":[],"_links":{"self":[{"href":"https:\/\/revistacienciaecultura.org.br\/index.php?rest_route=\/wp\/v2\/posts\/5383"}],"collection":[{"href":"https:\/\/revistacienciaecultura.org.br\/index.php?rest_route=\/wp\/v2\/posts"}],"about":[{"href":"https:\/\/revistacienciaecultura.org.br\/index.php?rest_route=\/wp\/v2\/types\/post"}],"author":[{"embeddable":true,"href":"https:\/\/revistacienciaecultura.org.br\/index.php?rest_route=\/wp\/v2\/users\/19"}],"replies":[{"embeddable":true,"href":"https:\/\/revistacienciaecultura.org.br\/index.php?rest_route=%2Fwp%2Fv2%2Fcomments&post=5383"}],"version-history":[{"count":2,"href":"https:\/\/revistacienciaecultura.org.br\/index.php?rest_route=\/wp\/v2\/posts\/5383\/revisions"}],"predecessor-version":[{"id":5385,"href":"https:\/\/revistacienciaecultura.org.br\/index.php?rest_route=\/wp\/v2\/posts\/5383\/revisions\/5385"}],"wp:featuredmedia":[{"embeddable":true,"href":"https:\/\/revistacienciaecultura.org.br\/index.php?rest_route=\/wp\/v2\/media\/4722"}],"wp:attachment":[{"href":"https:\/\/revistacienciaecultura.org.br\/index.php?rest_route=%2Fwp%2Fv2%2Fmedia&parent=5383"}],"wp:term":[{"taxonomy":"category","embeddable":true,"href":"https:\/\/revistacienciaecultura.org.br\/index.php?rest_route=%2Fwp%2Fv2%2Fcategories&post=5383"},{"taxonomy":"post_tag","embeddable":true,"href":"https:\/\/revistacienciaecultura.org.br\/index.php?rest_route=%2Fwp%2Fv2%2Ftags&post=5383"}],"curies":[{"name":"wp","href":"https:\/\/api.w.org\/{rel}","templated":true}]}}