{"id":5394,"date":"2024-01-22T10:17:31","date_gmt":"2024-01-22T10:17:31","guid":{"rendered":"https:\/\/revistacienciaecultura.org.br\/?p=5394"},"modified":"2024-01-25T10:12:21","modified_gmt":"2024-01-25T10:12:21","slug":"leia-a-nova-edicao-da-ciencia-cultura-na-integra","status":"publish","type":"post","link":"https:\/\/revistacienciaecultura.org.br\/?p=5394","title":{"rendered":"Leia a nova edi\u00e7\u00e3o da Ci\u00eancia &#038; Cultura na \u00edntegra"},"content":{"rendered":"<h4 id=\"voce-pode-baixar-o-pdf-da-revista-ou-ler-a-edicao-em-flipbook-confira\"><span style=\"color: #808080;\">Voc\u00ea pode baixar o PDF da revista ou ler a edi\u00e7\u00e3o em flipbook. Confira!<\/span><\/h4>\n<p>&nbsp;<\/p>\n<p>A quarta edi\u00e7\u00e3o de 2023 da revista <span style=\"color: #800000;\"><strong><a style=\"color: #800000;\" href=\"https:\/\/revistacienciaecultura.org.br\/\">Ci\u00eancia &amp; Cultura<\/a><\/strong><\/span> \u2013 \u201c<span style=\"color: #800000;\"><a style=\"color: #800000;\" href=\"https:\/\/revistacienciaecultura.org.br\/?page_id=5324\"><strong>Biomas do Brasil<\/strong><\/a><\/span>\u201d \u2013 j\u00e1 est\u00e1 dispon\u00edvel para download em PDF ou para leitura online em flipbook.<\/p>\n<p>O novo n\u00famero mergulha na diversidade dos seis biomas brasileiros, desvendando os segredos e maravilhas da nossa biodiversidade \u00fanica. A revista oferece uma jornada fascinante pelos diversos ecossistemas que moldam a paisagem do nosso pa\u00eds.<\/p>\n<p>Os biomas brasileiros s\u00e3o verdadeiros laborat\u00f3rios vivos para os cientistas, proporcionando um vasto campo de estudo para bi\u00f3logos, bot\u00e2nicos e pesquisadores de diversas disciplinas. As plantas, animais e microorganismos presentes nesses biomas frequentemente escondem segredos ainda n\u00e3o desvendados, contribuindo para avan\u00e7os significativos na pesquisa cient\u00edfica e no desenvolvimento de novas tecnologias. Al\u00e9m disso, esses biomas t\u00eam uma import\u00e2ncia global significativa devido \u00e0 sua capacidade de sequestro de carbono e regula\u00e7\u00e3o clim\u00e1tica. E n\u00e3o \u00e9 s\u00f3: eles tamb\u00e9m desempenham um papel crucial na forma\u00e7\u00e3o da identidade cultural brasileira.<\/p>\n<p>No entanto, todos os biomas do pa\u00eds est\u00e3o sendo impactados tanto pela a\u00e7\u00e3o humana quanto pela mudan\u00e7a clim\u00e1tica. O aumento de temperatura e as mudan\u00e7as no regime de chuvas, juntamente com o crescimento dos eventos clim\u00e1ticos extremos, est\u00e3o alterando as fun\u00e7\u00f5es metab\u00f3licas que sustentam o funcionamento esses ecossistemas. O desmatamento no Cerrado e Amaz\u00f4nia modificou por\u00e7\u00f5es significativas da \u00e1rea desses biomas. O Pantanal tem sofrido nos \u00faltimos cinco anos com queimadas intensas que afetam a fauna e flora de maneira significativa. Por outro lado, o Pampa est\u00e1 enfrentando inunda\u00e7\u00f5es recorrentes, e a Caatinga est\u00e1 mais seca e mais quente. Enquanto isso, a press\u00e3o do agroneg\u00f3cio e do mercado imobili\u00e1rio continua a amea\u00e7ar a Mata Atl\u00e2ntica.<\/p>\n<p>A edi\u00e7\u00e3o completa &#8220;Biomas do Brasil&#8221; est\u00e1 dispon\u00edvel <a href=\"https:\/\/revistacienciaecultura.org.br\/?page_id=1052\" target=\"_blank\" rel=\"noopener\"><strong>online<\/strong><\/a>. Al\u00e9m dos textos, voc\u00ea pode conferir <a href=\"https:\/\/revistacienciaecultura.org.br\/?cat=5\" target=\"_blank\" rel=\"noopener\"><strong>v\u00eddeos<\/strong><\/a> e <a href=\"https:\/\/revistacienciaecultura.org.br\/?cat=4\" target=\"_blank\" rel=\"noopener\"><strong>podcasts<\/strong><\/a> sobre o tema nos nossos canais.<\/p>\n<p><strong>Confira os artigos, textos de opini\u00e3o e reportagens na \u00edntegra!<\/strong><\/p>\n<p style=\"text-align: center;\"><span style=\"color: #800000;\"><strong><a style=\"color: #800000;\" href=\"https:\/\/heyzine.com\/flip-book\/dc5eb6d022.html\" target=\"_blank\" rel=\"noopener\">Clique aqui para ler a vers\u00e3o em Flipbook:<\/a><\/strong><\/span><\/p>\n<p><a href=\"https:\/\/heyzine.com\/flip-book\/dc5eb6d022.html\" target=\"_blank\" rel=\"noopener\"><img loading=\"lazy\" class=\"aligncenter wp-image-5395 size-medium\" src=\"https:\/\/revistacienciaecultura.org.br\/wp-content\/uploads\/2024\/01\/Captura-de-Tela-2024-01-22-a\u0300s-07.18.14-211x300.png\" alt=\"\" width=\"211\" height=\"300\" srcset=\"https:\/\/revistacienciaecultura.org.br\/wp-content\/uploads\/2024\/01\/Captura-de-Tela-2024-01-22-a\u0300s-07.18.14-211x300.png 211w, https:\/\/revistacienciaecultura.org.br\/wp-content\/uploads\/2024\/01\/Captura-de-Tela-2024-01-22-a\u0300s-07.18.14-8x12.png 8w, https:\/\/revistacienciaecultura.org.br\/wp-content\/uploads\/2024\/01\/Captura-de-Tela-2024-01-22-a\u0300s-07.18.14.png 378w\" sizes=\"(max-width: 211px) 100vw, 211px\" \/><\/a><\/p>\n<p>&nbsp;<\/p>\n<p style=\"text-align: center;\"><span style=\"color: #800000;\"><strong><a style=\"color: #800000;\" href=\"https:\/\/drive.google.com\/file\/d\/1ddkm0MjVM62zMRmFYe-ik3ZQ9s04wEYa\/view?usp=sharing\" target=\"_blank\" rel=\"noopener\">Clique aqui para baixar a vers\u00e3o em PDF:<\/a><\/strong><\/span><\/p>\n<p><a href=\"https:\/\/drive.google.com\/file\/d\/1ddkm0MjVM62zMRmFYe-ik3ZQ9s04wEYa\/view?usp=sharing\" target=\"_blank\" rel=\"noopener\"><img loading=\"lazy\" class=\"size-medium wp-image-5395 aligncenter\" src=\"https:\/\/revistacienciaecultura.org.br\/wp-content\/uploads\/2024\/01\/Captura-de-Tela-2024-01-22-a\u0300s-07.18.14-211x300.png\" alt=\"\" width=\"211\" height=\"300\" srcset=\"https:\/\/revistacienciaecultura.org.br\/wp-content\/uploads\/2024\/01\/Captura-de-Tela-2024-01-22-a\u0300s-07.18.14-211x300.png 211w, https:\/\/revistacienciaecultura.org.br\/wp-content\/uploads\/2024\/01\/Captura-de-Tela-2024-01-22-a\u0300s-07.18.14-8x12.png 8w, https:\/\/revistacienciaecultura.org.br\/wp-content\/uploads\/2024\/01\/Captura-de-Tela-2024-01-22-a\u0300s-07.18.14.png 378w\" sizes=\"(max-width: 211px) 100vw, 211px\" \/><\/a><\/p>\n<p>&nbsp;<\/p>\n<div class=\"page\" title=\"Page 1\">\n<div class=\"layoutArea\">\n<div class=\"column\">\n<h6 id=\"capa-de-charles-j-sharp-sharp-photography\">Capa: de Charles J. Sharp\/ Sharp Photography<\/h6>\n<\/div>\n<\/div>\n<\/div>\n","protected":false},"excerpt":{"rendered":"Voc\u00ea pode baixar o PDF da revista ou ler a edi\u00e7\u00e3o em&hellip;\n","protected":false},"author":19,"featured_media":5396,"comment_status":"open","ping_status":"open","sticky":false,"template":"","format":"standard","meta":[],"categories":[1,2],"tags":[],"acf":[],"_links":{"self":[{"href":"https:\/\/revistacienciaecultura.org.br\/index.php?rest_route=\/wp\/v2\/posts\/5394"}],"collection":[{"href":"https:\/\/revistacienciaecultura.org.br\/index.php?rest_route=\/wp\/v2\/posts"}],"about":[{"href":"https:\/\/revistacienciaecultura.org.br\/index.php?rest_route=\/wp\/v2\/types\/post"}],"author":[{"embeddable":true,"href":"https:\/\/revistacienciaecultura.org.br\/index.php?rest_route=\/wp\/v2\/users\/19"}],"replies":[{"embeddable":true,"href":"https:\/\/revistacienciaecultura.org.br\/index.php?rest_route=%2Fwp%2Fv2%2Fcomments&post=5394"}],"version-history":[{"count":9,"href":"https:\/\/revistacienciaecultura.org.br\/index.php?rest_route=\/wp\/v2\/posts\/5394\/revisions"}],"predecessor-version":[{"id":5422,"href":"https:\/\/revistacienciaecultura.org.br\/index.php?rest_route=\/wp\/v2\/posts\/5394\/revisions\/5422"}],"wp:featuredmedia":[{"embeddable":true,"href":"https:\/\/revistacienciaecultura.org.br\/index.php?rest_route=\/wp\/v2\/media\/5396"}],"wp:attachment":[{"href":"https:\/\/revistacienciaecultura.org.br\/index.php?rest_route=%2Fwp%2Fv2%2Fmedia&parent=5394"}],"wp:term":[{"taxonomy":"category","embeddable":true,"href":"https:\/\/revistacienciaecultura.org.br\/index.php?rest_route=%2Fwp%2Fv2%2Fcategories&post=5394"},{"taxonomy":"post_tag","embeddable":true,"href":"https:\/\/revistacienciaecultura.org.br\/index.php?rest_route=%2Fwp%2Fv2%2Ftags&post=5394"}],"curies":[{"name":"wp","href":"https:\/\/api.w.org\/{rel}","templated":true}]}}