{"id":5405,"date":"2024-01-24T07:30:31","date_gmt":"2024-01-24T07:30:31","guid":{"rendered":"https:\/\/revistacienciaecultura.org.br\/?p=5405"},"modified":"2024-01-23T17:31:03","modified_gmt":"2024-01-23T17:31:03","slug":"sbpc-realiza-um-dia-inteiro-de-atividades-em-homenagem-ao-centenario-de-carolina-bori","status":"publish","type":"post","link":"https:\/\/revistacienciaecultura.org.br\/?p=5405","title":{"rendered":"SBPC realiza um dia inteiro de atividades em homenagem ao Centen\u00e1rio de Carolina Bori"},"content":{"rendered":"<h4 id=\"o-evento-aberto-e-gratuito-sera-no-dia-6-de-fevereiro-no-salao-nobre-do-centro-mariantonia-da-usp-em-sao-paulo-a-programacao-contara-com-a-cerimonia-de-outorga-do-5o-premio-carolina-bori\"><span style=\"color: #808080;\">O evento, aberto e gratuito, ser\u00e1 no dia 6 de fevereiro, no Sal\u00e3o Nobre do Centro MariAntonia da USP, em S\u00e3o Paulo. A programa\u00e7\u00e3o contar\u00e1 com a cerim\u00f4nia de outorga do 5\u00ba Pr\u00eamio \u201cCarolina Bori Ci\u00eancia &amp; Mulher\u201d,\u00a0pela manh\u00e3, e duas mesas-redondas \u00e0 tarde<\/span><\/h4>\n<p>&nbsp;<\/p>\n<p>A Sociedade Brasileira para o Progresso da Ci\u00eancia (SBPC) realiza no dia 6 de fevereiro, a partir das 10h, no Sal\u00e3o Nobre do Centro MariAntonia da USP (Rua Maria Ant\u00f4nia, 294 \u2013 3\u00ba andar), um dia inteiro de atividades em homenagem ao Centen\u00e1rio de Nascimento da pioneira da psicologia comportamental no Brasil e primeira mulher a presidir a entidade, Carolina Martuscelli Bori. Toda a programa\u00e7\u00e3o ser\u00e1 transmitida pelo canal da SBPC no YouTube.<\/p>\n<p>Na parte da manh\u00e3, das 10h \u00e0s 12h, ser\u00e1 realizada a cerim\u00f4nia de entrega do 5\u00ba\u00a0<strong><a href=\"https:\/\/www.jornaldaciencia.org.br\/sbpc-divulga-vencedoras-do-5o-premio-carolina-bori-ciencia-mulher\/\"><span style=\"color: #800000;\">Pr\u00eamio \u201cCarolina Bori Ci\u00eancia &amp; Mulher\u201d<\/span><\/a><\/strong>, que nesta edi\u00e7\u00e3o premia \u201cMulheres cientistas\u201d, categoria dedicada \u00e0s pesquisadoras de institui\u00e7\u00f5es nacionais que tenham prestado relevantes contribui\u00e7\u00f5es \u00e0 ci\u00eancia e \u00e0 gest\u00e3o cient\u00edfica, al\u00e9m de terem realizado a\u00e7\u00f5es em prol da ci\u00eancia e da tecnologia nacional. Criado em 2019, o\u00a0<strong>Pr\u00eamio \u201cCarolina Bori Ci\u00eancia &amp; Mulher\u201d<\/strong>\u00a0\u00e9 uma homenagem da SBPC \u00e0s cientistas brasileiras destacadas e \u00e0s futuras cientistas brasileiras de not\u00f3rio talento.<\/p>\n<p>Na parte a tarde o evento contar\u00e1 com duas mesas-redondas. A primeira discuss\u00e3o, intitulada\u00a0<strong>\u201cA atua\u00e7\u00e3o institucional de Carolina Bori\u201d,<\/strong>\u00a0ser\u00e1 \u00e0s 14h30. O debate, coordenado, por Renato Janine Ribeiro, presidente da SBPC, contar\u00e1 com a participa\u00e7\u00e3o de Deisy das Gra\u00e7as de Souza, professora titular da Universidade Federal de S\u00e3o Carlos (UFSCar), Dora Fix Ventura, professora titular aposentada do Instituto de Psicologia da Universidade de S\u00e3o Paulo (USP), Mariza Monteiro Borges, professora aposentada da Universidade de Bras\u00edlia\u00a0 (UnB), e Eunice Maria Fernandes Personini, secret\u00e1ria executiva da SBPC.<\/p>\n<p>A segunda mesa-redonda, \u00e0s 16h30, abordar\u00e1\u00a0<strong>\u201cCarolina Bori como educadora e pesquisadora\u201d<\/strong>. Com coordena\u00e7\u00e3o de Maria do Carmo Guedes, professora em\u00e9rita pela Pontif\u00edcia Universidade Cat\u00f3lica de S\u00e3o Paulo (PUC-SP), o debate contar\u00e1 com a participa\u00e7\u00e3o de J\u00falio C\u00e9sar de Rose, professor titular da UFSCar, Lino de Macedo, professor em\u00e9rito pelo Instituto de Psicologia da USP, Marilena Ristum, professora titular aposentada da Universidade Federal da Bahia (UFBA), Raul Albino Pacheco Filho, professor titular da Faculdade de Ci\u00eancias Humanas e da Sa\u00fade da PUC-SP, e Silvio Paulo Botom\u00e9, professor titular da Universidade Federal de Santa Catarina (UFSC).<\/p>\n<p><strong>Servi\u00e7o<\/strong><\/p>\n<p><strong>Centen\u00e1rio de Carolina Bori<\/strong><\/p>\n<p><strong>Dia:<\/strong>\u00a006 de fevereiro<\/p>\n<p><strong>Hor\u00e1rio:<\/strong>\u00a0A partir das 10h<\/p>\n<p><strong>Local:<\/strong>\u00a0Sal\u00e3o Nobre do Centro MariAntonia da USP (Rua Maria Ant\u00f4nia, 294 \u2013 3\u00ba andar)<\/p>\n<p>Transmiss\u00e3o pelo<span style=\"color: #800000;\"><strong>\u00a0<a style=\"color: #800000;\" href=\"http:\/\/www.youtube.com\/canalsbpc\" target=\"_blank\" rel=\"noopener\">canal da SBPC no YouTube<\/a><\/strong><\/span><\/p>\n<p><em>\u00a0<\/em><\/p>\n<p><span style=\"color: #808080;\"><a style=\"color: #808080;\" href=\"https:\/\/www.jornaldaciencia.org.br\/\" target=\"_blank\" rel=\"noopener\"><em>Jornal da Ci\u00eancia<\/em><\/a><\/span><\/p>\n","protected":false},"excerpt":{"rendered":"O evento, aberto e gratuito, ser\u00e1 no dia 6 de fevereiro, no&hellip;\n","protected":false},"author":19,"featured_media":5409,"comment_status":"open","ping_status":"open","sticky":false,"template":"","format":"standard","meta":[],"categories":[1,2],"tags":[],"acf":[],"_links":{"self":[{"href":"https:\/\/revistacienciaecultura.org.br\/index.php?rest_route=\/wp\/v2\/posts\/5405"}],"collection":[{"href":"https:\/\/revistacienciaecultura.org.br\/index.php?rest_route=\/wp\/v2\/posts"}],"about":[{"href":"https:\/\/revistacienciaecultura.org.br\/index.php?rest_route=\/wp\/v2\/types\/post"}],"author":[{"embeddable":true,"href":"https:\/\/revistacienciaecultura.org.br\/index.php?rest_route=\/wp\/v2\/users\/19"}],"replies":[{"embeddable":true,"href":"https:\/\/revistacienciaecultura.org.br\/index.php?rest_route=%2Fwp%2Fv2%2Fcomments&post=5405"}],"version-history":[{"count":2,"href":"https:\/\/revistacienciaecultura.org.br\/index.php?rest_route=\/wp\/v2\/posts\/5405\/revisions"}],"predecessor-version":[{"id":5408,"href":"https:\/\/revistacienciaecultura.org.br\/index.php?rest_route=\/wp\/v2\/posts\/5405\/revisions\/5408"}],"wp:featuredmedia":[{"embeddable":true,"href":"https:\/\/revistacienciaecultura.org.br\/index.php?rest_route=\/wp\/v2\/media\/5409"}],"wp:attachment":[{"href":"https:\/\/revistacienciaecultura.org.br\/index.php?rest_route=%2Fwp%2Fv2%2Fmedia&parent=5405"}],"wp:term":[{"taxonomy":"category","embeddable":true,"href":"https:\/\/revistacienciaecultura.org.br\/index.php?rest_route=%2Fwp%2Fv2%2Fcategories&post=5405"},{"taxonomy":"post_tag","embeddable":true,"href":"https:\/\/revistacienciaecultura.org.br\/index.php?rest_route=%2Fwp%2Fv2%2Ftags&post=5405"}],"curies":[{"name":"wp","href":"https:\/\/api.w.org\/{rel}","templated":true}]}}