{"id":5410,"date":"2024-01-25T07:20:12","date_gmt":"2024-01-25T07:20:12","guid":{"rendered":"https:\/\/revistacienciaecultura.org.br\/?p=5410"},"modified":"2024-01-24T11:28:26","modified_gmt":"2024-01-24T11:28:26","slug":"livros-digitais-de-multiplas-areas-academicas-oferecem-perspectivas-inovadoras-e-praticas-acessiveis","status":"publish","type":"post","link":"https:\/\/revistacienciaecultura.org.br\/?p=5410","title":{"rendered":"Livros digitais de m\u00faltiplas \u00e1reas acad\u00eamicas oferecem perspectivas inovadoras e pr\u00e1ticas acess\u00edveis"},"content":{"rendered":"<h4 id=\"fundacao-editora-unesp-disponibiliza-livros-sobre-ciencia-para-download-gratuito\"><span style=\"color: #808080;\">Funda\u00e7\u00e3o Editora Unesp disponibiliza livros sobre ci\u00eancia para download gratuito<\/span><\/h4>\n<p>&nbsp;<\/p>\n<p>A <span style=\"color: #800000;\"><a style=\"color: #800000;\" href=\"https:\/\/editoraunesp.com.br\/\"><strong>Funda\u00e7\u00e3o Editora Unesp<\/strong><\/a><\/span> possui um vasto acervo de livros digitais abrangendo diversas \u00e1reas do conhecimento, oferecendo download gratuito no formato <span style=\"color: #800000;\"><strong><a style=\"color: #800000;\" href=\"https:\/\/www.adobe.com\/br\/solutions\/ebook\/digital-editions\/download.html\">ePub<\/a><\/strong><\/span>. Frutos da colabora\u00e7\u00e3o entre a Pr\u00f3-Reitoria de P\u00f3s-Gradua\u00e7\u00e3o da Unesp (PROPG) e a Funda\u00e7\u00e3o Editora da Unesp (FEU), essas obras representam a expressiva produ\u00e7\u00e3o acad\u00eamica da Universidade Estadual Paulista (Unesp). A parceria se desdobra em dois programas distintos: o PROPG-FEU, que publica trabalhos de professores da Unesp em humanidades, biol\u00f3gicas e exatas, e o PROPG-CAD, aberto a docentes, alunos e ex-alunos de programas de p\u00f3s-gradua\u00e7\u00e3o em humanidades, que selecionam obras para publica\u00e7\u00e3o sob o selo Cultura Acad\u00eamica, tamb\u00e9m pertencente \u00e0 FEU. Para conhecer mais sobre essas publica\u00e7\u00f5es e baix\u00e1-las, basta acessar os t\u00edtulos desejados. Confira abaixo alguns deles!<\/p>\n<p>&nbsp;<\/p>\n<h4 id=\"historia-da-raiva-no-brasil\"><span style=\"color: #800000;\"><strong><a style=\"color: #800000;\" href=\"https:\/\/editoraunesp.com.br\/catalogo\/9786557144510,historia-da-raiva-no-brasil\">Hist\u00f3ria da Raiva no Brasil<\/a><\/strong><\/span><\/h4>\n<p>No livro \u201cHist\u00f3ria da Raiva no Brasil\u201d, Marilene Fernandes de Almeida e Luiza Helena Queiroz exploram a fascinante trajet\u00f3ria da raiva na ci\u00eancia e na medicina, desde a Antiguidade at\u00e9 os dias atuais. O trabalho aborda quest\u00f5es sobre a presen\u00e7a da doen\u00e7a entre os ind\u00edgenas brasileiros, seu tratamento ao longo do per\u00edodo colonial e imperial, e a participa\u00e7\u00e3o de animais, como morcegos, no ciclo epidemiol\u00f3gico. Al\u00e9m disso, destaca as pr\u00e1ticas curiosas e receitas milagrosas do passado, dedicando especial aten\u00e7\u00e3o \u00e0 hist\u00f3ria dos Institutos Pasteur no Brasil e descrevendo a situa\u00e7\u00e3o atual da raiva no pa\u00eds.<\/p>\n<p><a href=\"https:\/\/editoraunesp.com.br\/catalogo\/9786557144510,historia-da-raiva-no-brasil\"><img loading=\"lazy\" class=\"size-medium wp-image-5411 aligncenter\" src=\"https:\/\/revistacienciaecultura.org.br\/wp-content\/uploads\/2024\/01\/Histo\u0301ria-da-raiva-no-Brasil-208x300.jpeg\" alt=\"\" width=\"208\" height=\"300\" srcset=\"https:\/\/revistacienciaecultura.org.br\/wp-content\/uploads\/2024\/01\/Histo\u0301ria-da-raiva-no-Brasil-208x300.jpeg 208w, https:\/\/revistacienciaecultura.org.br\/wp-content\/uploads\/2024\/01\/Histo\u0301ria-da-raiva-no-Brasil-711x1024.jpeg 711w, https:\/\/revistacienciaecultura.org.br\/wp-content\/uploads\/2024\/01\/Histo\u0301ria-da-raiva-no-Brasil-768x1107.jpeg 768w, https:\/\/revistacienciaecultura.org.br\/wp-content\/uploads\/2024\/01\/Histo\u0301ria-da-raiva-no-Brasil-8x12.jpeg 8w, https:\/\/revistacienciaecultura.org.br\/wp-content\/uploads\/2024\/01\/Histo\u0301ria-da-raiva-no-Brasil-800x1153.jpeg 800w, https:\/\/revistacienciaecultura.org.br\/wp-content\/uploads\/2024\/01\/Histo\u0301ria-da-raiva-no-Brasil.jpeg 914w\" sizes=\"(max-width: 208px) 100vw, 208px\" \/><\/a><\/p>\n<p>&nbsp;<\/p>\n<h4 id=\"manejo-integrado-de-bacias-hidrograficas-para-producao-de-agua\"><span style=\"color: #800000;\"><strong><a style=\"color: #800000;\" href=\"https:\/\/editoraunesp.com.br\/catalogo\/9786557144534,manejo-integrado-de-bacias-hidrograficas-para-producao-de-agua\">Manejo Integrado de Bacias Hidrogr\u00e1ficas para Produ\u00e7\u00e3o de \u00c1gua<\/a><\/strong><\/span><\/h4>\n<p>Em \u201cManejo Integrado de Bacias Hidrogr\u00e1ficas para Produ\u00e7\u00e3o de \u00c1gua\u201d, Edson Luis Piroli apresenta t\u00e9cnicas de diagn\u00f3stico e an\u00e1lise aplicadas ao rio Pardo, propondo a\u00e7\u00f5es para envolver comunidades na gest\u00e3o sustent\u00e1vel de recursos h\u00eddricos. O livro destaca a import\u00e2ncia de compreender temas como produ\u00e7\u00e3o de \u00e1gua, seguran\u00e7a h\u00eddrica e mudan\u00e7as clim\u00e1ticas no contexto local e regional. Ao adotar pr\u00e1ticas integradas, busca-se aumentar os volumes de \u00e1gua dos rios, fortalecer a seguran\u00e7a h\u00eddrica e contribuir para a mitiga\u00e7\u00e3o das mudan\u00e7as clim\u00e1ticas em bacias hidrogr\u00e1ficas.<\/p>\n<p><a href=\"https:\/\/editoraunesp.com.br\/catalogo\/9786557144534,manejo-integrado-de-bacias-hidrograficas-para-producao-de-agua\"><img loading=\"lazy\" class=\"size-medium wp-image-5412 aligncenter\" src=\"https:\/\/revistacienciaecultura.org.br\/wp-content\/uploads\/2024\/01\/Manejo-integrado-de-bacias-hidrogra\u0301ficas-200x300.jpeg\" alt=\"\" width=\"200\" height=\"300\" srcset=\"https:\/\/revistacienciaecultura.org.br\/wp-content\/uploads\/2024\/01\/Manejo-integrado-de-bacias-hidrogra\u0301ficas-200x300.jpeg 200w, https:\/\/revistacienciaecultura.org.br\/wp-content\/uploads\/2024\/01\/Manejo-integrado-de-bacias-hidrogra\u0301ficas-683x1024.jpeg 683w, https:\/\/revistacienciaecultura.org.br\/wp-content\/uploads\/2024\/01\/Manejo-integrado-de-bacias-hidrogra\u0301ficas-768x1151.jpeg 768w, https:\/\/revistacienciaecultura.org.br\/wp-content\/uploads\/2024\/01\/Manejo-integrado-de-bacias-hidrogra\u0301ficas-8x12.jpeg 8w, https:\/\/revistacienciaecultura.org.br\/wp-content\/uploads\/2024\/01\/Manejo-integrado-de-bacias-hidrogra\u0301ficas-800x1199.jpeg 800w, https:\/\/revistacienciaecultura.org.br\/wp-content\/uploads\/2024\/01\/Manejo-integrado-de-bacias-hidrogra\u0301ficas.jpeg 927w\" sizes=\"(max-width: 200px) 100vw, 200px\" \/><\/a><\/p>\n<p>&nbsp;<\/p>\n<h4 id=\"teoria-historico-cultural-no-brasil\"><span style=\"color: #800000;\"><strong><a style=\"color: #800000;\" href=\"https:\/\/editoraunesp.com.br\/catalogo\/9786557144565,teoria-historico-cultural-no-brasil\">Teoria Hist\u00f3rico-Cultural no Brasil<\/a><\/strong><\/span><\/h4>\n<p>\u201cTeoria Hist\u00f3rico-Cultural no Brasil\u201d, de Flavia da Silva Ferreira Asbahr, resulta da pesquisa sobre a inser\u00e7\u00e3o da Psicologia Hist\u00f3rico-Cultural na investiga\u00e7\u00e3o cient\u00edfica brasileira. O livro analisa grupos de pesquisa cadastrados no CNPq que adotam essa teoria como referencial, proporcionando uma vis\u00e3o abrangente sobre o papel desempenhado pela Psicologia Hist\u00f3rico-Cultural na pesquisa acad\u00eamica no pa\u00eds.<\/p>\n<p><a href=\"https:\/\/editoraunesp.com.br\/catalogo\/9786557144565,teoria-historico-cultural-no-brasil\"><img loading=\"lazy\" class=\"size-medium wp-image-5413 aligncenter\" src=\"https:\/\/revistacienciaecultura.org.br\/wp-content\/uploads\/2024\/01\/Teoria-Histo\u0301rico-Cultural-no-Brasil-200x300.jpeg\" alt=\"\" width=\"200\" height=\"300\" srcset=\"https:\/\/revistacienciaecultura.org.br\/wp-content\/uploads\/2024\/01\/Teoria-Histo\u0301rico-Cultural-no-Brasil-200x300.jpeg 200w, https:\/\/revistacienciaecultura.org.br\/wp-content\/uploads\/2024\/01\/Teoria-Histo\u0301rico-Cultural-no-Brasil-683x1024.jpeg 683w, https:\/\/revistacienciaecultura.org.br\/wp-content\/uploads\/2024\/01\/Teoria-Histo\u0301rico-Cultural-no-Brasil-768x1151.jpeg 768w, https:\/\/revistacienciaecultura.org.br\/wp-content\/uploads\/2024\/01\/Teoria-Histo\u0301rico-Cultural-no-Brasil-8x12.jpeg 8w, https:\/\/revistacienciaecultura.org.br\/wp-content\/uploads\/2024\/01\/Teoria-Histo\u0301rico-Cultural-no-Brasil-800x1199.jpeg 800w, https:\/\/revistacienciaecultura.org.br\/wp-content\/uploads\/2024\/01\/Teoria-Histo\u0301rico-Cultural-no-Brasil.jpeg 927w\" sizes=\"(max-width: 200px) 100vw, 200px\" \/><\/a><\/p>\n<p>&nbsp;<\/p>\n<h4 id=\"um-naturalista-no-antropoceno\"><span style=\"color: #800000;\"><strong><a style=\"color: #800000;\" href=\"https:\/\/editoraunesp.com.br\/catalogo\/9786557144541,um-naturalista-no-antropoceno\">Um Naturalista no Antropoceno<\/a><\/strong><\/span><\/h4>\n<p>Em sua estreia liter\u00e1ria, Mauro Galetti apresenta \u201cUm Naturalista no Antropoceno\u201d, uma obra que mescla autobiografia e reflex\u00f5es sobre o futuro da vida na Era dos Humanos. O autor compartilha experi\u00eancias de viagens a locais remotos e sua forma\u00e7\u00e3o como cientista, explorando quest\u00f5es cr\u00edticas sobre o papel humano no planeta Terra e propondo ideias para enfrentar os desafios do Antropoceno.<\/p>\n<p><a href=\"https:\/\/editoraunesp.com.br\/catalogo\/9786557144541,um-naturalista-no-antropoceno\"><img loading=\"lazy\" class=\"size-medium wp-image-5414 aligncenter\" src=\"https:\/\/revistacienciaecultura.org.br\/wp-content\/uploads\/2024\/01\/Um-naturalista-no-Antropoceno-171x300.jpeg\" alt=\"\" width=\"171\" height=\"300\" srcset=\"https:\/\/revistacienciaecultura.org.br\/wp-content\/uploads\/2024\/01\/Um-naturalista-no-Antropoceno-171x300.jpeg 171w, https:\/\/revistacienciaecultura.org.br\/wp-content\/uploads\/2024\/01\/Um-naturalista-no-Antropoceno-583x1024.jpeg 583w, https:\/\/revistacienciaecultura.org.br\/wp-content\/uploads\/2024\/01\/Um-naturalista-no-Antropoceno-768x1349.jpeg 768w, https:\/\/revistacienciaecultura.org.br\/wp-content\/uploads\/2024\/01\/Um-naturalista-no-Antropoceno-875x1536.jpeg 875w, https:\/\/revistacienciaecultura.org.br\/wp-content\/uploads\/2024\/01\/Um-naturalista-no-Antropoceno-7x12.jpeg 7w, https:\/\/revistacienciaecultura.org.br\/wp-content\/uploads\/2024\/01\/Um-naturalista-no-Antropoceno-800x1405.jpeg 800w, https:\/\/revistacienciaecultura.org.br\/wp-content\/uploads\/2024\/01\/Um-naturalista-no-Antropoceno.jpeg 944w\" sizes=\"(max-width: 171px) 100vw, 171px\" \/><\/a><\/p>\n<p>&nbsp;<\/p>\n<h4 id=\"agua-e-bacias-hidrograficas-planejamento-gestao-e-manejo-para-enfrentamento-das-crises-hidricas\"><span style=\"color: #800000;\"><a style=\"color: #800000;\" href=\"https:\/\/editoraunesp.com.br\/catalogo\/9786557142981,agua-e-bacias-hidrograficas\"><strong>\u00c1gua e bacias hidrogr\u00e1ficas: Planejamento, gest\u00e3o e manejo para enfrentamento das crises h\u00eddricas<\/strong><\/a><\/span><\/h4>\n<p>A obra \u201c<a href=\"https:\/\/editoraunesp.com.br\/catalogo\/9786557142981,agua-e-bacias-hidrograficas\">\u00c1gua e bacias hidrogr\u00e1ficas: Planejamento, gest\u00e3o e manejo para enfrentamento das crises h\u00eddricas<\/a>\u201d, de Edson Luis Piroli, contribui para o embasamento te\u00f3rico, metodol\u00f3gico e pr\u00e1tico sobre planejamento do uso de recursos naturais em bacias hidrogr\u00e1ficas, apontando op\u00e7\u00f5es de manejo e de gest\u00e3o destes recursos neste recorte espacial. Tamb\u00e9m integra informa\u00e7\u00f5es relacionadas ao tema a partir das diferentes ci\u00eancias envolvidas na quest\u00e3o, buscando elucidar aspectos conceituais e esclarecer as situa\u00e7\u00f5es nas quais \u00e9 mais recomend\u00e1vel utilizar as microbacias, as sub-bacias ou as bacias hidrogr\u00e1ficas como o espa\u00e7o geogr\u00e1fico para as atividades de planejamento e de gest\u00e3o das \u00e1guas e dos recursos h\u00eddricos.<\/p>\n<p><a href=\"https:\/\/editoraunesp.com.br\/catalogo\/9786557142981,agua-e-bacias-hidrograficas\"><img loading=\"lazy\" class=\"size-medium wp-image-5415 aligncenter\" src=\"https:\/\/revistacienciaecultura.org.br\/wp-content\/uploads\/2024\/01\/A\u0301gua-e-bacias-hidrogra\u0301ficas-170x300.jpeg\" alt=\"\" width=\"170\" height=\"300\" srcset=\"https:\/\/revistacienciaecultura.org.br\/wp-content\/uploads\/2024\/01\/A\u0301gua-e-bacias-hidrogra\u0301ficas-170x300.jpeg 170w, https:\/\/revistacienciaecultura.org.br\/wp-content\/uploads\/2024\/01\/A\u0301gua-e-bacias-hidrogra\u0301ficas-7x12.jpeg 7w, https:\/\/revistacienciaecultura.org.br\/wp-content\/uploads\/2024\/01\/A\u0301gua-e-bacias-hidrogra\u0301ficas.jpeg 454w\" sizes=\"(max-width: 170px) 100vw, 170px\" \/><\/a><\/p>\n<p>&nbsp;<\/p>\n<h4 id=\"as-drogas-as-pessoas-e-as-cidades-consumo-do-espaco-e-efeitos-sociais-em-cidades-latinas-aproximacoes-entre-sao-paulo-bogota-e-medellin\"><span style=\"color: #800000;\"><a style=\"color: #800000;\" href=\"https:\/\/editoraunesp.com.br\/catalogo\/9786557143001,as-drogas-as-pessoas-e-as-cidades\"><strong>As drogas, as pessoas e as cidades: Consumo do espa\u00e7o e efeitos sociais em cidades latinas \u2013 Aproxima\u00e7\u00f5es entre S\u00e3o Paulo, Bogot\u00e1 e Medell\u00edn<\/strong><\/a><\/span><\/h4>\n<p>Num contexto voltado para as rela\u00e7\u00f5es entre pessoas, drogas e cidades na Am\u00e9rica Latina, o livro: \u201cAs<a href=\"https:\/\/editoraunesp.com.br\/catalogo\/9786557143001,as-drogas-as-pessoas-e-as-cidades\">\u00a0drogas, as pessoas e as cidades: Consumo do espa\u00e7o e efeitos sociais em cidades latinas \u2013 Aproxima\u00e7\u00f5es entre S\u00e3o Paulo, Bogot\u00e1 e Medell\u00edn<\/a>\u201d, de Thiago Godoi Calil, prop\u00f5e uma narrativa alternativa, ocupando um espa\u00e7o cr\u00edtico contra a vis\u00e3o tradicional. O texto apresenta situa\u00e7\u00f5es vividas, percebidas e interpretadas pelo autor, tecendo uma an\u00e1lise de pesquisa que resulta num registro cient\u00edfico profundamente pessoal, mas rico em conte\u00fado anal\u00edtico.<\/p>\n<p><a href=\"https:\/\/editoraunesp.com.br\/catalogo\/9786557143001,as-drogas-as-pessoas-e-as-cidades\"><img loading=\"lazy\" class=\"size-medium wp-image-5416 aligncenter\" src=\"https:\/\/revistacienciaecultura.org.br\/wp-content\/uploads\/2024\/01\/As-drogas-200x300.jpeg\" alt=\"\" width=\"200\" height=\"300\" srcset=\"https:\/\/revistacienciaecultura.org.br\/wp-content\/uploads\/2024\/01\/As-drogas-200x300.jpeg 200w, https:\/\/revistacienciaecultura.org.br\/wp-content\/uploads\/2024\/01\/As-drogas-8x12.jpeg 8w, https:\/\/revistacienciaecultura.org.br\/wp-content\/uploads\/2024\/01\/As-drogas.jpeg 454w\" sizes=\"(max-width: 200px) 100vw, 200px\" \/><\/a><\/p>\n<p>&nbsp;<\/p>\n<h4 id=\"design-coletivo-grupos-movimentos-e-escolas-do-moderno-ao-contemporaneo\"><a href=\"https:\/\/editoraunesp.com.br\/catalogo\/9786557142967,design-coletivo\"><strong><span style=\"color: #800000;\">Design coletivo: Grupos, movimentos e escolas do moderno ao contempor\u00e2neo<\/span><\/strong><\/a><\/h4>\n<p>Explorando a hist\u00f3ria do design, <a href=\"https:\/\/editoraunesp.com.br\/catalogo\/9786557142967,design-coletivo\">Design coletivo: Grupos, movimentos e escolas do moderno ao contempor\u00e2neo<\/a>, de M\u00f4nica Moura, resgata as a\u00e7\u00f5es coletivas, interdisciplinares e transdisciplinares existentes antes da populariza\u00e7\u00e3o desses termos. Seu objetivo \u00e9 compartilhar informa\u00e7\u00f5es com o p\u00fablico, al\u00e9m de estudantes, novos profissionais do design, docentes e pesquisadores. Um mergulho em pr\u00e1ticas colaborativas muito antes de serem express\u00f5es comuns.<\/p>\n<p><a href=\"https:\/\/editoraunesp.com.br\/catalogo\/9786557142967,design-coletivo\"><img loading=\"lazy\" class=\"size-medium wp-image-5417 aligncenter\" src=\"https:\/\/revistacienciaecultura.org.br\/wp-content\/uploads\/2024\/01\/design-coletivo-170x300.jpeg\" alt=\"\" width=\"170\" height=\"300\" srcset=\"https:\/\/revistacienciaecultura.org.br\/wp-content\/uploads\/2024\/01\/design-coletivo-170x300.jpeg 170w, https:\/\/revistacienciaecultura.org.br\/wp-content\/uploads\/2024\/01\/design-coletivo-581x1024.jpeg 581w, https:\/\/revistacienciaecultura.org.br\/wp-content\/uploads\/2024\/01\/design-coletivo-768x1354.jpeg 768w, https:\/\/revistacienciaecultura.org.br\/wp-content\/uploads\/2024\/01\/design-coletivo-871x1536.jpeg 871w, https:\/\/revistacienciaecultura.org.br\/wp-content\/uploads\/2024\/01\/design-coletivo-1162x2048.jpeg 1162w, https:\/\/revistacienciaecultura.org.br\/wp-content\/uploads\/2024\/01\/design-coletivo-7x12.jpeg 7w, https:\/\/revistacienciaecultura.org.br\/wp-content\/uploads\/2024\/01\/design-coletivo-800x1410.jpeg 800w, https:\/\/revistacienciaecultura.org.br\/wp-content\/uploads\/2024\/01\/design-coletivo-1160x2045.jpeg 1160w, https:\/\/revistacienciaecultura.org.br\/wp-content\/uploads\/2024\/01\/design-coletivo.jpeg 1412w\" sizes=\"(max-width: 170px) 100vw, 170px\" \/><\/a><\/p>\n<p>&nbsp;<\/p>\n<p>&nbsp;<\/p>\n<h4 id=\"o-fascismo-em-dez-licoes\"><a href=\"https:\/\/editoraunesp.com.br\/catalogo\/9786557143049,o-fascismo-em-dez-licoes\"><strong><span style=\"color: #800000;\">O fascismo em dez li\u00e7\u00f5es<\/span><\/strong><\/a><\/h4>\n<p>Os textos que comp\u00f5em \u201cO fascismo em dez li\u00e7\u00f5es\u201d, de Sin\u00e9sio Ferraz Bueno, oferecem uma percep\u00e7\u00e3o aguda do dilema \u00e9tico-pol\u00edtico contempor\u00e2neo, especialmente no contexto nacional, ao colocar o fascismo em quest\u00e3o, e v\u00e3o al\u00e9m, ao propor a radical quest\u00e3o: como reagir a ele, sem ao mesmo tempo, nos tornarmos fascistas? Esse \u00e9 um dilema que ocupa lugar central no clima \u00e9tico-pol\u00edtico do in\u00edcio da segunda d\u00e9cada do s\u00e9culo XXI, no contexto da pandemia provocada pelo v\u00edrus COVID-19, caracterizado nos termos de um negacionismo cient\u00edfico sem precedente, ao menos desde o in\u00edcio da modernidade; e tamb\u00e9m pelo retorno dos fantasmas do autoritarismo e de suas variadas pr\u00e1ticas, que lhe d\u00e3o sustento: dissemina\u00e7\u00e3o de fake news, produ\u00e7\u00e3o de \u201cmitos\u201d, servid\u00f5es volunt\u00e1rias, necropol\u00edticas (entre elas, nega\u00e7\u00e3o da efic\u00e1cia das pol\u00edticas de vacina\u00e7\u00e3o), entre outras.<\/p>\n<p><a href=\"https:\/\/editoraunesp.com.br\/catalogo\/9786557143049,o-fascismo-em-dez-licoes\"><img loading=\"lazy\" class=\"size-medium wp-image-5418 aligncenter\" src=\"https:\/\/revistacienciaecultura.org.br\/wp-content\/uploads\/2024\/01\/o-fascismo-em-dez-licoes-170x300.jpeg\" alt=\"\" width=\"170\" height=\"300\" srcset=\"https:\/\/revistacienciaecultura.org.br\/wp-content\/uploads\/2024\/01\/o-fascismo-em-dez-licoes-170x300.jpeg 170w, https:\/\/revistacienciaecultura.org.br\/wp-content\/uploads\/2024\/01\/o-fascismo-em-dez-licoes-7x12.jpeg 7w, https:\/\/revistacienciaecultura.org.br\/wp-content\/uploads\/2024\/01\/o-fascismo-em-dez-licoes.jpeg 455w\" sizes=\"(max-width: 170px) 100vw, 170px\" \/><\/a><\/p>\n<h3 id=\"\"><\/h3>\n<h6 id=\"capa-seven-shooter-unsplash\">Capa: Seven Shooter\/ Unsplash<\/h6>\n","protected":false},"excerpt":{"rendered":"Funda\u00e7\u00e3o Editora Unesp disponibiliza livros sobre ci\u00eancia para download gratuito &nbsp; A&hellip;\n","protected":false},"author":19,"featured_media":5419,"comment_status":"open","ping_status":"open","sticky":false,"template":"","format":"standard","meta":[],"categories":[1,2],"tags":[],"acf":[],"_links":{"self":[{"href":"https:\/\/revistacienciaecultura.org.br\/index.php?rest_route=\/wp\/v2\/posts\/5410"}],"collection":[{"href":"https:\/\/revistacienciaecultura.org.br\/index.php?rest_route=\/wp\/v2\/posts"}],"about":[{"href":"https:\/\/revistacienciaecultura.org.br\/index.php?rest_route=\/wp\/v2\/types\/post"}],"author":[{"embeddable":true,"href":"https:\/\/revistacienciaecultura.org.br\/index.php?rest_route=\/wp\/v2\/users\/19"}],"replies":[{"embeddable":true,"href":"https:\/\/revistacienciaecultura.org.br\/index.php?rest_route=%2Fwp%2Fv2%2Fcomments&post=5410"}],"version-history":[{"count":2,"href":"https:\/\/revistacienciaecultura.org.br\/index.php?rest_route=\/wp\/v2\/posts\/5410\/revisions"}],"predecessor-version":[{"id":5421,"href":"https:\/\/revistacienciaecultura.org.br\/index.php?rest_route=\/wp\/v2\/posts\/5410\/revisions\/5421"}],"wp:featuredmedia":[{"embeddable":true,"href":"https:\/\/revistacienciaecultura.org.br\/index.php?rest_route=\/wp\/v2\/media\/5419"}],"wp:attachment":[{"href":"https:\/\/revistacienciaecultura.org.br\/index.php?rest_route=%2Fwp%2Fv2%2Fmedia&parent=5410"}],"wp:term":[{"taxonomy":"category","embeddable":true,"href":"https:\/\/revistacienciaecultura.org.br\/index.php?rest_route=%2Fwp%2Fv2%2Fcategories&post=5410"},{"taxonomy":"post_tag","embeddable":true,"href":"https:\/\/revistacienciaecultura.org.br\/index.php?rest_route=%2Fwp%2Fv2%2Ftags&post=5410"}],"curies":[{"name":"wp","href":"https:\/\/api.w.org\/{rel}","templated":true}]}}