{"id":5465,"date":"2024-01-30T07:30:55","date_gmt":"2024-01-30T07:30:55","guid":{"rendered":"https:\/\/revistacienciaecultura.org.br\/?p=5465"},"modified":"2024-01-29T18:54:10","modified_gmt":"2024-01-29T18:54:10","slug":"desafios-persistem-na-busca-por-paridade-de-genero-na-politica-mundial","status":"publish","type":"post","link":"https:\/\/revistacienciaecultura.org.br\/?p=5465","title":{"rendered":"Desafios persistem na busca por paridade de g\u00eanero na pol\u00edtica mundial"},"content":{"rendered":"<h4 id=\"colaboracao-continua-entre-governos-sociedade-civil-e-plataformas-digitais-e-fundamental-para-combater-a-violencia-politica-e-a-desinformacao\"><span style=\"color: #808080;\">Colabora\u00e7\u00e3o cont\u00ednua entre governos, sociedade civil e plataformas digitais \u00e9 fundamental para combater a viol\u00eancia pol\u00edtica e a desinforma\u00e7\u00e3o <\/span><\/h4>\n<p>&nbsp;<\/p>\n<p>A busca pela paridade de g\u00eanero na pol\u00edtica ainda enfrenta desafios significativos. No cen\u00e1rio pol\u00edtico brasileiro, apesar dos avan\u00e7os legislativos e dos esfor\u00e7os dos movimentos femininos, a representa\u00e7\u00e3o feminina no Congresso \u00e9 de apenas 18%. Os \u00edndices diminuem ainda mais em \u00e2mbito municipal, com apenas 12% dos munic\u00edpios sendo governados por mulheres, e ao se analisar a representa\u00e7\u00e3o de mulheres negras, o percentual cai para alarmantes 4%. Essas estat\u00edsticas n\u00e3o apenas ficam aqu\u00e9m da m\u00e9dia mundial, mas tamb\u00e9m est\u00e3o significativamente abaixo da representa\u00e7\u00e3o demogr\u00e1fica equitativa. Globalmente essa representa\u00e7\u00e3o \u00e9 apenas de 26,5%. Apesar das mulheres representarem quase metade da popula\u00e7\u00e3o global, no in\u00edcio de 2023, apenas 27% das na\u00e7\u00f5es tinham uma l\u00edder feminina, segundo dados da Organiza\u00e7\u00e3o das Na\u00e7\u00f5es Unidas (ONU).<\/p>\n<p>A desinforma\u00e7\u00e3o emerge como um desafio adicional nesse contexto, tornando-se uma vertente de viol\u00eancia pol\u00edtica de g\u00eanero. Al\u00e9m de ser uma arma de influ\u00eancia pol\u00edtica, a desinforma\u00e7\u00e3o de g\u00eanero \u00e9 sistematicamente empregada para minar a liberdade de express\u00e3o, atingindo mulheres na vida p\u00fablica, inclusive aquelas que alcan\u00e7am posi\u00e7\u00f5es hist\u00f3ricas na pol\u00edtica.<\/p>\n<p>Pesquisas revelam que no Brasil, 58% das mulheres prefeitas afirmam ter sofrido ass\u00e9dio ou viol\u00eancia pol\u00edtica de g\u00eanero. A desinforma\u00e7\u00e3o assume diversas formas, desde a divulga\u00e7\u00e3o de informa\u00e7\u00f5es falsas at\u00e9 ataques de discurso de \u00f3dio nas redes sociais. A Lei Federal 14.192, de 2021, que criminaliza a viol\u00eancia pol\u00edtica contra a mulher, representa um avan\u00e7o, mas a urg\u00eancia de medidas concretas persiste.<\/p>\n<p>A relatora especial da ONU para a Liberdade de Opini\u00e3o e Express\u00e3o, Irene Khan, destaca a import\u00e2ncia de entender a desinforma\u00e7\u00e3o de g\u00eanero como a dissemina\u00e7\u00e3o de informa\u00e7\u00f5es falsas, manipuladas ou amplificadas, buscando reafirmar estere\u00f3tipos e preconceitos contra mulheres. O combate a essa pr\u00e1tica exige esfor\u00e7os conjuntos de governos, sociedade civil e plataformas digitais.<\/p>\n<p>No Brasil, apesar da legisla\u00e7\u00e3o de combate \u00e0 viol\u00eancia de g\u00eanero online, a aus\u00eancia de uma regulamenta\u00e7\u00e3o espec\u00edfica para a desinforma\u00e7\u00e3o \u00e9 not\u00e1vel. Experi\u00eancias globais, como o C\u00f3digo de Conduta refor\u00e7ado em mat\u00e9ria de Desinforma\u00e7\u00e3o de 2022 na Uni\u00e3o Europeia, servem como refer\u00eancia. Al\u00e9m da legisla\u00e7\u00e3o, estrat\u00e9gias que promovam a confian\u00e7a na governan\u00e7a, como educa\u00e7\u00e3o c\u00edvica e jornalismo de interesse p\u00fablico, s\u00e3o essenciais. A colabora\u00e7\u00e3o cont\u00ednua entre diversos setores \u00e9 fundamental para avan\u00e7ar na promo\u00e7\u00e3o da igualdade de g\u00eanero na esfera pol\u00edtica.<\/p>\n<p><span style=\"color: #808080;\"><em>Com informa\u00e7\u00f5es de <a style=\"color: #808080;\" href=\"https:\/\/news.un.org\/\">ONU News<\/a><\/em><\/span><\/p>\n<p>&nbsp;<\/p>\n<h6 id=\"capa-vonecia-carswell-unsplash-com\">Capa. Vonecia Carswell\/ Unsplash.com<\/h6>\n","protected":false},"excerpt":{"rendered":"Colabora\u00e7\u00e3o cont\u00ednua entre governos, sociedade civil e plataformas digitais \u00e9 fundamental para&hellip;\n","protected":false},"author":19,"featured_media":5466,"comment_status":"open","ping_status":"open","sticky":false,"template":"","format":"standard","meta":[],"categories":[1,2],"tags":[],"acf":[],"_links":{"self":[{"href":"https:\/\/revistacienciaecultura.org.br\/index.php?rest_route=\/wp\/v2\/posts\/5465"}],"collection":[{"href":"https:\/\/revistacienciaecultura.org.br\/index.php?rest_route=\/wp\/v2\/posts"}],"about":[{"href":"https:\/\/revistacienciaecultura.org.br\/index.php?rest_route=\/wp\/v2\/types\/post"}],"author":[{"embeddable":true,"href":"https:\/\/revistacienciaecultura.org.br\/index.php?rest_route=\/wp\/v2\/users\/19"}],"replies":[{"embeddable":true,"href":"https:\/\/revistacienciaecultura.org.br\/index.php?rest_route=%2Fwp%2Fv2%2Fcomments&post=5465"}],"version-history":[{"count":2,"href":"https:\/\/revistacienciaecultura.org.br\/index.php?rest_route=\/wp\/v2\/posts\/5465\/revisions"}],"predecessor-version":[{"id":5468,"href":"https:\/\/revistacienciaecultura.org.br\/index.php?rest_route=\/wp\/v2\/posts\/5465\/revisions\/5468"}],"wp:featuredmedia":[{"embeddable":true,"href":"https:\/\/revistacienciaecultura.org.br\/index.php?rest_route=\/wp\/v2\/media\/5466"}],"wp:attachment":[{"href":"https:\/\/revistacienciaecultura.org.br\/index.php?rest_route=%2Fwp%2Fv2%2Fmedia&parent=5465"}],"wp:term":[{"taxonomy":"category","embeddable":true,"href":"https:\/\/revistacienciaecultura.org.br\/index.php?rest_route=%2Fwp%2Fv2%2Fcategories&post=5465"},{"taxonomy":"post_tag","embeddable":true,"href":"https:\/\/revistacienciaecultura.org.br\/index.php?rest_route=%2Fwp%2Fv2%2Ftags&post=5465"}],"curies":[{"name":"wp","href":"https:\/\/api.w.org\/{rel}","templated":true}]}}