{"id":5469,"date":"2024-02-14T07:24:12","date_gmt":"2024-02-14T07:24:12","guid":{"rendered":"https:\/\/revistacienciaecultura.org.br\/?p=5469"},"modified":"2024-02-14T18:38:19","modified_gmt":"2024-02-14T18:38:19","slug":"matricula-nos-cursos-online-da-sbpc-se-encerram-em-19-de-fevereiro","status":"publish","type":"post","link":"https:\/\/revistacienciaecultura.org.br\/?p=5469","title":{"rendered":"Matr\u00edcula nos cursos online da SBPC se encerram em 19 de fevereiro"},"content":{"rendered":"<h4 id=\"sao-47-webminicursos-de-varias-areas-do-conhecimento-com-direito-a-certificado-de-participacao\"><span style=\"color: #808080;\">S\u00e3o 47 webminicursos de v\u00e1rias \u00e1reas do conhecimento, com direito a certificado de participa\u00e7\u00e3o<\/span><\/h4>\n<p>&nbsp;<\/p>\n<p>Est\u00e3o abertas as matr\u00edculas do 7\u00ba ciclo de webminicursos da Sociedade Brasileira para o Progresso da Ci\u00eancia (SBPC), em sua plataforma de cursos online (<a href=\"https:\/\/cursos.sbpcnet.org.br\/\" target=\"_blank\" rel=\"noopener\"><span style=\"color: #800000;\"><strong>https:\/\/cursos.sbpcnet.org.br\/<\/strong><\/span><\/a>). A cada bimestre s\u00e3o relan\u00e7ados webminicursos de v\u00e1rias \u00e1reas do conhecimento e temas contempor\u00e2neos, ministrados por professores de diversas institui\u00e7\u00f5es do Pa\u00eds.<\/p>\n<p>Os webminicursos t\u00eam dura\u00e7\u00e3o de seis ou oito horas, com aulas previamente gravadas. Os inscritos podem assisti-los quantas vezes quiserem e de forma mais flex\u00edvel, dentro de sua disponibilidade de tempo. O formato virtual tamb\u00e9m permite aos interessados participar de qualquer lugar do Pa\u00eds ou at\u00e9 mesmo do exterior.<\/p>\n<p>J\u00e1 veiculados em Reuni\u00f5es Anuais da SBPC anteriores, os webminicursos s\u00e3o, portanto, relan\u00e7amentos. Quando houver lan\u00e7amento in\u00e9dito, este estar\u00e1 assinalado na ementa.<\/p>\n<p>Acesse no site\u00a0<span style=\"color: #800000;\"><strong><a style=\"color: #800000;\" href=\"https:\/\/cursos.sbpcnet.org.br\/\" target=\"_blank\" rel=\"noopener\">https:\/\/cursos.sbpcnet.org.br\/<\/a><\/strong><\/span>\u00a0as Normas de Matr\u00edcula e consulte as informa\u00e7\u00f5es detalhadas. As inscri\u00e7\u00f5es ser\u00e3o recebidas at\u00e9 19\/02\/2024 e o prazo para assistir \u00e0s aulas \u00e9 29\/02\/2024. Portanto, n\u00e3o deixe para a \u00faltima hora e antecipe sua matr\u00edcula para aproveitar esta oportunidade e frequentar as aulas com anteced\u00eancia.<\/p>\n<p>Ao final do prazo, os inscritos que completaram a audi\u00eancia das aulas poder\u00e3o emitir o certificado online.<\/p>\n<p>S\u00f3cios quites da SBPC t\u00eam desconto na taxa de matr\u00edcula e novos s\u00f3cios da SBPC (no primeiro ano de filia\u00e7\u00e3o) ganham um webminicurso gratuito, al\u00e9m de desconto na taxa dos demais webminicursos que escolher.<\/p>\n<p>A taxa de matr\u00edcula para cada webminicurso \u00e9 R$ 30,00 para s\u00f3cio quite da SBPC e R$ 50,00 para n\u00e3o s\u00f3cio.<\/p>\n<p>\u00c9 permitido fazer a matr\u00edcula em v\u00e1rios webminicursos simultaneamente ou escolher apenas um.<\/p>\n<p>Veja abaixo a rela\u00e7\u00e3o dos webminicursos e os ministrantes. No site dos cursos, \u00e9 poss\u00edvel conferir informa\u00e7\u00f5es mais detalhadas, como a ementa e o p\u00fablico-alvo descritos pelos professores.<\/p>\n<p>Acesse agora e participe!\u00a0<span style=\"color: #800000;\"><strong><a style=\"color: #800000;\" href=\"https:\/\/cursos.sbpcnet.org.br\/\" target=\"_blank\" rel=\"noopener\">https:\/\/cursos.sbpcnet.org.br\/<\/a><\/strong><\/span><\/p>\n<h4 id=\"lista-de-webminicursos-de-cursos-da-sbpc\"><strong>Lista de webminicursos de Cursos da SBPC\u00a0<\/strong><\/h4>\n<p>A DIVULGA\u00c7\u00c3O CIENT\u00cdFICA COMO FERRAMENTA PARA A CONSTRU\u00c7\u00c3O DO PENSAMENTO CR\u00cdTICO. Ministrantes: Talita Ferreira Marques Aguiar (Columbia Univ), Andreia Juliana Rodrigues Caldeira (UEG) e Luciana Schleder Gon\u00e7alves (UFPR).<\/p>\n<p>A ERA DOS GRANDES OBSERVAT\u00d3RIOS E O IMPACTO NO DESENVOLVIMENTO DA CI\u00caNCIA. Ministrantes: Rita de C\u00e1ssia dos Anjos (UFPR), Alexandre Jos\u00e9 Tuoto Silveira Mello (UTFPR) e Andr\u00e9 Fabiano Steklain Lisb\u00f4a (UTFPR).<\/p>\n<p>AN\u00c1LISE DE VARIANTES GEN\u00c9TICAS E T\u00c9CNICAS EM PATOLOGIA MOLECULAR. Ministrantes: Caroline Ferreira Fratelli (UnB) e Ligia Canongia de Abreu Cardoso Duarte (UnB).<\/p>\n<p>APLICA\u00c7\u00d5ES DA ENERGIA NUCLEAR NA SA\u00daDE. Ministrante:\u00a0Silvia Maria Velasques de Oliveira (CNEN).<\/p>\n<p>APLICA\u00c7\u00d5ES EST\u00c1VEIS ENTRE SUPERF\u00cdCIES. Ministrantes: Alana Cavalcante Felippe (UFV) e Catarina Mendes de Jesus S\u00e1nchez (UFJF).<\/p>\n<p>ASPECTOS \u00c9TICOS DA PESQUISA ACAD\u00caMICA COM SERES HUMANOS NA EDUCA\u00c7\u00c3O. Ministrantes: Leandro Silva Costa (IFRN) e Lenina Lopes Soares Silva (IFRN).<\/p>\n<p>BIOESTAT\u00cdSTICA: DA BANCADA \u00c0 METAN\u00c1LISE. Ministrantes: Quelen Iane Garlet (UFPR), Cl\u00e1udia Sirlene de Oliveira (IPPPP) e Diancarlos Pereira de Andrade (FPP).<\/p>\n<p>COMO A EXPRESS\u00c3O DE SEUS GENES \u00c9 REGULADA? Ministrante: Ana Maria Bonetti (SBPC\/UFU).<\/p>\n<p>COMPREENDENDO O C\u00c9REBRO. Ministrantes: Sidarta Ribeiro (UFRN), Kerstin Schmidt (UFRN), Claudio Marcos Teixeira de Queiroz (UFRN) e Sergio Neuenschwander (UFRN).<\/p>\n<p>CONSTITUCIONALISMO FEMINISTA E A DEMOCRATIZA\u00c7\u00c3O DO ENSINO JUR\u00cdDICO. Ministrantes: Ana Cl\u00e1udia Milani e Silva (UFPR), Emmanuella Magro Denora (UFPR) e F\u00e1bio Rezende Braga (UFPR).<\/p>\n<p>DAS PAIX\u00d5ES \u00c0S EMO\u00c7\u00d5ES: A CONTRIBUI\u00c7\u00c3O DAS TEORIAS DE DARWIN. Ministrantes: Wilson Antonio Frezzatti Jr. (UNIOESTE) e Frederico Ramalho Romero (UNIOESTE).<\/p>\n<p>DESENVOLVIMENTO E SUSTENTABILIDADE: UMA VIS\u00c3O ECON\u00d4MICO-ECOL\u00d3GICA. Ministrantes: Jos\u00e9 Luiz de Attayde (UFRN), Daniel Caixeta Andrade (UFU) e Maria Am\u00e9lia Rodrigues Enr\u00edquez (UFPA).<\/p>\n<p>DESENVOLVIMENTO EM UM MUNDO P\u00d3S-PAND\u00caMICO: INTEGRANDO AS VIS\u00d5ES DA ECONOMIA E ECOLOGIA. Ministrantes: Daniel Caixeta Andrade (UFU), Lucas Ferreira Lima (UNICAMP) e Beatriz Macchione Saes (UNIFESP).<\/p>\n<p>DESIGN DE SERVI\u00c7O APLICADO \u00c0 PRESERVA\u00c7\u00c3O DAS ABELHAS SEM FERR\u00c3O. Ministrantes: Naotake Fukushima (UFPR), Aguinaldo dos Santos (UFPR) e F\u00e9lix Vieira Varej\u00e3o Neto (UFPR).<\/p>\n<p>DIREITO \u00c0 EDUCA\u00c7\u00c3O E \u00c0 EDUCA\u00c7\u00c3O F\u00cdSICA NA EDUCA\u00c7\u00c3O B\u00c1SICA: DI\u00c1LOGOS COM O USO DE MATERIAIS DID\u00c1TICOS DIGITAIS INTERATIVOS NA EDUCA\u00c7\u00c3O F\u00cdSICA ESCOLAR. Ministrantes: Allyson Carvalho de Araujo (UFRN), Giuliano Gomes de Assis Pimentel (UEM) e Braulio Nogueira de Oliveira (IFCE).<\/p>\n<p>DIVULGA\u00c7\u00c3O CIENT\u00cdFICA: O DESAFIO DE INCLUIR DIFERENTES P\u00daBLICOS. Ministrantes: Di\u00e9len dos Reis Borges Almeida (UFU), B\u00e1rbara Bastos de Lima Duque (UFJF) e S\u00f4nia Miranda de Oliveira (Cefet-MG).<\/p>\n<p>EDUCA\u00c7\u00c3O TECNOL\u00d3GICA E FILOSOFIA DA TECNOLOGIA: ABRIR OU N\u00c3O ABRIR A \u201cCAIXA-PRETA\u201d DOS ARTEFATOS? Ministrantes: Alex Calazans (UTFPR) e Veronica Bahr Calazans (UTFPR).<\/p>\n<p>EDUCOMUNICA\u00c7\u00c3O E COMUNICA\u00c7\u00c3O P\u00daBLICA DA CI\u00caNCIA. Ministrantes: Diogo Lopes de Oliveira (UFCG), Graciele Almeida de Oliveira (FCC) e Rafael Gu\u00e9 Martini (UDESC).<\/p>\n<p>ENFRENTAMENTO DAS DESIGUALDADES E INTERSECCIONALIDADES: CONTRIBUI\u00c7\u00d5ES DA SA\u00daDE COLETIVA PARA REPENSAR O BRASIL. Ministrantes: Rosana Teresa Onocko Campos (UNICAMP), Tatiana Engel Gerhardt (UFRGS) e Diana Anuncia\u00e7\u00e3o Santos (UFRB).<\/p>\n<p>ESTRAT\u00c9GIAS PUBLICIT\u00c1RIAS: INOVA\u00c7\u00c3O (E RENOVA\u00c7\u00c3O) NO DIGITAL. Ministrantes: Breno da Silva Carvalho (UFRN) e Rebecca Lopes Lyrio (Consultoria e Estrat\u00e9gia Digital).<\/p>\n<p>ESTUDO DE PLANTAS MEDICINAIS COM A\u00c7\u00c3O NO SISTEMA NERVOSO CENTRAL: PASSEANDO ENTRE A QU\u00cdMICA E A FARMACOLOGIA. Ministrantes: Silv\u00e2nia Maria Mendes Vasconcelos (UFC), Jackson Roberto Guedes Almeida (UNIVASF) e Luzia Kalyne Almeida Moreira Leal (UFC).<\/p>\n<p>FUNDAMENTOS DA CI\u00caNCIA ABERTA PARA UMA COMUNICA\u00c7\u00c3O CIDAD\u00c3. Ministrantes: Rodrigo Arantes Reis (UFPR), Anabela Maria Gradim Alves (UBI) e Regiane Regina Ribeiro (UFPR).<\/p>\n<p>HORM\u00d4NIOS E COMPORTAMENTO. Ministrante: Maria Bernadete Cordeiro de Sousa (UFRN).<\/p>\n<p>INTRODU\u00c7\u00c3O \u00c0 PESQUISAS QUANTI-QUALITATIVA EM SA\u00daDE COLETIVA. Ministrantes: Waneska Alexandra Alves (UFJF), Lina Rodrigues Faria (UFSB) e Luciana Karen Calabria (UFU).<\/p>\n<p>INTRODU\u00c7\u00c3O AO MANEJO DE DADOS EM SA\u00daDE P\u00daBLICA. Ministrantes: Milena de Oliveira Sim\u00f5es (UFJF), Eulilian Dias de Freitas (UFJF) e Waneska Alexandra Alves (UFJF).<\/p>\n<p>INOVA\u00c7\u00c3O PARA CIENTISTAS: LEVANDO SUA PESQUISA DA BANCADA PARA O MERCADO. Ministrantes: Daniel Pimentel Neves (Emerge) e Lucas Silva Delgado (Emerge).<\/p>\n<p>LIBERDADE DE EXPRESS\u00c3O E DIREITO \u00c0 INFORMA\u00c7\u00c3O: LIMITES E TENSIONAMENTOS. Ministrantes: Jos\u00e9 Tarc\u00edsio da Silva Oliveira Filho (UFRR), Luiz Felipe Novais Falc\u00e3o (UFJF) e Simone Teixeira Martins (UFJF).<\/p>\n<p>MATEM\u00c1TICA E REALIDADE ESPACIAL: RUPTURAS E APROXIMA\u00c7\u00d5ES DE EUCLIDES A HILBERT. Ministrantes: Le\u00f4nia Gabardo Negrelli (UTFPR) e Jos\u00e9 Carlos Cifuentes (UFPR).<\/p>\n<p>MAPEANDO CONFLITOS AMBIENTAIS EM BUSCA DOS ODS. Ministrantes: Sandra Dalila Corbari (UEPG), Paula Turra Grechinski (Unicentro) e Patr\u00edcia Denkewicz (UNESP-Rosana).<\/p>\n<p>METODOLOGIA E DIVULGA\u00c7\u00c3O CIENT\u00cdFICA. Ministrante: D\u00e9bora Peres Menezes (UFSC).<\/p>\n<p>MOVIMENTOS SOCIAIS POPULARES E EDUCA\u00c7\u00c3O DO CAMPO. Ministrantes: Dileno Dustan Lucas de Souza (UFJF), Guilherme Goretti Rodrigues (UFRRJ) e Simone da Silva Ribeiro (UFJF).<\/p>\n<p>OFICINA DO SENTIR: UMA EXPERI\u00caNCIA PO\u00c9TICA DO MEU LUGAR CASA. Ministrantes: Sandrelena da Silva Monteiro (UFJF), Juliane Figueiredo Fonseca (UFJF) e M\u00f4nica Cristina Henriques Leite Olender (UFJF).<\/p>\n<p>O LUGAR DA PRODU\u00c7\u00c3O DO CONHECIMENTO FEMINISTA NA CI\u00caNCIA: TRANSVERSALIDADES, ASPECTOS SOCIOHIST\u00d3RICOS E DESAFIOS CONTEMPOR\u00c2NEOS. Ministrantes: Marlene Tamanini (UFPR), Henrique da Costa Valerio Quagliato (UFPR) e F\u00e1bio Augusto de Souza (UFPR).<\/p>\n<p>O USO DOS EXPERIMENTOS MENTAIS COMO UMA POSS\u00cdVEL METODOLOGIA DE ENSINO PARA MATEM\u00c1TICA. Ministrante: Willian Jos\u00e9 da Cruz (UFJF).<\/p>\n<p>PATRIM\u00d4NIO CULTURAL E RELA\u00c7\u00d5ES INTERNACIONAIS. Ministrante: Rodrigo Christofoletti (UFJF).<\/p>\n<p>PLASTINA\u00c7\u00c3O: ENSINO, PESQUISA E EXTENS\u00c3O. Ministrantes: Athelson Stefanon Bittencourt (UFES) e Yuri Favalessa Monteiro (UFES).<\/p>\n<p>POR QUE DIVULGAR SUA PESQUISA? A IMPORT\u00c2NCIA DA DIVULGA\u00c7\u00c3O CIENT\u00cdFICA NA PERSPECTIVA DA COMUNICA\u00c7\u00c3O P\u00daBLICA DA CI\u00caNCIA. Ministrantes: Juliana Marques Borghi (UFPR) e Chirlei Kohls (UFPR).<\/p>\n<p>PR\u00c1TICAS CORPORAIS E SA\u00daDE MENTAL. Ministrantes: Heitor Martins Pasquim (UNIFESP), Felipe Wachs (UNIFESP) e Sanderson Soares Silva (UFNT).<\/p>\n<p>PRECONCEITO DE CLASSE SOCIAL: UMA COMPREENS\u00c3O DE SUAS DIMENS\u00d5ES COGNITIVA, SOCIAL, AFETIVA E MORAL BASEADA EM EPISTEMOLOGIA GEN\u00c9TICA. Ministrante: Carlos Eduardo de Souza Gon\u00e7alves (IFPR).<\/p>\n<p>PRODU\u00c7\u00c3O DE MUDAS DE ESP\u00c9CIES AMEA\u00c7ADAS DE EXTIN\u00c7\u00c3O. Ministrantes: Andr\u00e9 Cesar Furlaneto Sampaio (Sociedade Chau\u00e1), Pablo Melo Hoffmann (Sociedade Chau\u00e1) e Ollyver Mauricio Rech Bizarro (Sociedade Chau\u00e1).<\/p>\n<p>RECURSOS E ESTRAT\u00c9GIAS PARA O ENSINO ONLINE E ATIVO DA QU\u00cdMICA. Ministrantes: Guilherme Andrade Marson (USP), Alfredo Luis Martins Lameir\u00e3o Mateus (UFMG) e M\u00e1rlon Herbert Flora Barbosa Soares (UFG).<\/p>\n<p>SEMICONDUTORES E APLICA\u00c7\u00d5ES. Ministrantes: Jacobus Willibrordus Swart (UNICAMP), Roberto Ricardo Panepucci (MCTI) e Sergio Bampi (UFRGS).<\/p>\n<p>TR\u00caS VIS\u00d5ES DE MUNDO QUE REVOLUCIONARAM A CI\u00caNCIA: KEPLER, DESCARTES E NEWTON. Ministrantes: Claudemir Roque Tossato (UNIFESP), Paulo Tadeu da Silva (UFABC) e Eduardo Salles de Oliveira Barra (UFPR).<\/p>\n<p>UMA UTOPIA PARA NOSSO TEMPO: TRANSUMANISMO E OUTRAS IDEIAS. Ministrantes: Renato Janine Ribeiro (SBPC\/USP) e Alexey Dodsworth Magnavita de Carvalho (USP).<\/p>\n<p>VIGIL\u00c2NCIA SANIT\u00c1RIA EM TEMPOS DE PANDEMIA. Ministrantes: Izabel Cristina Rodrigues da Silva (UnB) e Ruth da Concei\u00e7\u00e3o Costa e Silva Sacco (FIOCRUZ).<\/p>\n<p>VOCABUL\u00c1RIO POL\u00cdTICO: OLHARES SOBRE O POL\u00cdTICO DA ANTIGUIDADE \u00c0 CONTEMPORANEIDADE. Ministrantes: Priscilla Gontijo Leite (UFPB) e Igor Barbosa Cardoso (UFMG).<\/p>\n<p>WALKING ETHNOGRAPHY NA EDUCA\u00c7\u00c3O AMBIENTAL PARA PENSAR NOVOS MUNDOS NO CAPITALOCENO. Ministrantes: Val\u00e9ria Ghisloti Iared (UFPR), S\u00f4nia Mara Samsel Geraldo (UFPR) e Helen Abdom Gomes (UFPR).<\/p>\n<p><span style=\"color: #808080;\"><em>SBPC<\/em><\/span><\/p>\n","protected":false},"excerpt":{"rendered":"S\u00e3o 47 webminicursos de v\u00e1rias \u00e1reas do conhecimento, com direito a certificado&hellip;\n","protected":false},"author":19,"featured_media":1513,"comment_status":"open","ping_status":"open","sticky":false,"template":"","format":"standard","meta":[],"categories":[1,2],"tags":[],"acf":[],"_links":{"self":[{"href":"https:\/\/revistacienciaecultura.org.br\/index.php?rest_route=\/wp\/v2\/posts\/5469"}],"collection":[{"href":"https:\/\/revistacienciaecultura.org.br\/index.php?rest_route=\/wp\/v2\/posts"}],"about":[{"href":"https:\/\/revistacienciaecultura.org.br\/index.php?rest_route=\/wp\/v2\/types\/post"}],"author":[{"embeddable":true,"href":"https:\/\/revistacienciaecultura.org.br\/index.php?rest_route=\/wp\/v2\/users\/19"}],"replies":[{"embeddable":true,"href":"https:\/\/revistacienciaecultura.org.br\/index.php?rest_route=%2Fwp%2Fv2%2Fcomments&post=5469"}],"version-history":[{"count":2,"href":"https:\/\/revistacienciaecultura.org.br\/index.php?rest_route=\/wp\/v2\/posts\/5469\/revisions"}],"predecessor-version":[{"id":5471,"href":"https:\/\/revistacienciaecultura.org.br\/index.php?rest_route=\/wp\/v2\/posts\/5469\/revisions\/5471"}],"wp:featuredmedia":[{"embeddable":true,"href":"https:\/\/revistacienciaecultura.org.br\/index.php?rest_route=\/wp\/v2\/media\/1513"}],"wp:attachment":[{"href":"https:\/\/revistacienciaecultura.org.br\/index.php?rest_route=%2Fwp%2Fv2%2Fmedia&parent=5469"}],"wp:term":[{"taxonomy":"category","embeddable":true,"href":"https:\/\/revistacienciaecultura.org.br\/index.php?rest_route=%2Fwp%2Fv2%2Fcategories&post=5469"},{"taxonomy":"post_tag","embeddable":true,"href":"https:\/\/revistacienciaecultura.org.br\/index.php?rest_route=%2Fwp%2Fv2%2Ftags&post=5469"}],"curies":[{"name":"wp","href":"https:\/\/api.w.org\/{rel}","templated":true}]}}