{"id":5472,"date":"2024-01-31T07:30:31","date_gmt":"2024-01-31T07:30:31","guid":{"rendered":"https:\/\/revistacienciaecultura.org.br\/?p=5472"},"modified":"2024-01-30T18:36:41","modified_gmt":"2024-01-30T18:36:41","slug":"pioneirismo-feminino-na-ciencia-cultura","status":"publish","type":"post","link":"https:\/\/revistacienciaecultura.org.br\/?p=5472","title":{"rendered":"Pioneirismo feminino na Ci\u00eancia &#038; Cultura"},"content":{"rendered":"<h4 id=\"rosina-de-barros-foi-a-primeira-mulher-a-ter-um-artigo-publicado-na-revista-em-1949\"><span style=\"color: #808080;\">Rosina de Barros foi a primeira mulher a ter um artigo publicado na revista, em 1949<\/span><\/h4>\n<p>&nbsp;<\/p>\n<p>Rosina de Barros, pesquisadora e professora do Departamento de Biologia Geral da Universidade de S\u00e3o Paulo (USP), desempenhou um papel fundamental na institucionaliza\u00e7\u00e3o da gen\u00e9tica no Brasil. E tamb\u00e9m foi a pioneira na revista Ci\u00eancia &amp; Cultura: ela foi a primeira mulher a ter um artigo revista, publicado na terceira edi\u00e7\u00e3o, em 1949.<\/p>\n<p>O artigo, intitulado \u201cUm caso de altera\u00e7\u00e3o na propor\u00e7\u00e3o entre os sexos, em \u2018Drosophila mercatorum pararepleta\u2019\u201d, \u00e9 um testemunho do comprometimento da professora Barros com a pesquisa em zoologia e biologia celular. Esses temas eram proeminentes nas publica\u00e7\u00f5es do Departamento de Biologia Geral nas d\u00e9cadas de 1930 e 1940.<\/p>\n<p>O ambiente prop\u00edcio \u00e0 pesquisa cient\u00edfica na USP, especialmente no Departamento de Biologia Geral, foi fundamental para o desenvolvimento da gen\u00e9tica no Brasil. Foi nesse cen\u00e1rio que floresceu uma das primeiras escolas de gen\u00e9tica do Pa\u00eds, no curso de Hist\u00f3ria Natural. Sob a dire\u00e7\u00e3o do professor Andr\u00e9 Dreyfus, Rosina de Barros e seu grupo de assistentes atra\u00edram a aten\u00e7\u00e3o da Funda\u00e7\u00e3o Rockefeller na Am\u00e9rica Latina, resultando em um plano de desenvolvimento da gen\u00e9tica na FFCL.<\/p>\n<p>Rosina de Barros, integrante da primeira turma de Ci\u00eancias Naturais da FFCL, desempenhou um papel ativo no processo de institucionaliza\u00e7\u00e3o da gen\u00e9tica, ocupando a posi\u00e7\u00e3o de primeira assistente. Suas pesquisas, inicialmente centradas na determina\u00e7\u00e3o do sexo e histologia dos invertebrados, evolu\u00edram ao longo do tempo, refletindo uma mudan\u00e7a de enfoque no Departamento de Biologia Geral.<\/p>\n<p>A estreita rela\u00e7\u00e3o entre a professora Rosina e o professor Dreyfus foi enriquecedora, proporcionando um significativo aprendizado. Al\u00e9m de suas atividades laboratoriais, ela tamb\u00e9m contribuiu ministrando aulas em diversos cursos, como Biologia Geral, Higiene Escolar e Fundamentos Biol\u00f3gicos da Educa\u00e7\u00e3o. Em 1951, ano em que ainda n\u00e3o havia mulheres catedr\u00e1ticas na USP, Rosina de Barros assumiu um papel crucial ap\u00f3s a morte de Dreyfus, tornando-se primeira assistente do professor Pavan e, posteriormente, assumindo a c\u00e1tedra em 1953.<\/p>\n<h4 id=\"ciencia-cultura-75-anos\"><strong>Ci\u00eancia &amp; Cultura 75 anos<\/strong><\/h4>\n<p>Criada em 1949 \u2013 meses ap\u00f3s \u00e0 funda\u00e7\u00e3o da SBPC \u2013 a revista \u00e9 o mais antigo ve\u00edculo de divulga\u00e7\u00e3o cient\u00edfica em circula\u00e7\u00e3o no Brasil. Ela nasceu visando a difundir o conhecimento cient\u00edfico e promover uma aproxima\u00e7\u00e3o entre cientistas e o p\u00fablico, ser \u201caberta n\u00e3o apenas a cientistas, mas a todos os que se interessem pela ci\u00eancia, por suas aplica\u00e7\u00f5es e pelas consequ\u00eancias destas\u201d, conforme se l\u00ea na contracapa de sua primeira edi\u00e7\u00e3o.<\/p>\n<p>A revista\u00a0<span style=\"color: #800000;\"><strong><a style=\"color: #800000;\" href=\"https:\/\/revistacienciaecultura.org.br\/\" target=\"_blank\" rel=\"noopener\">Ci\u00eancia &amp; Cultura<\/a><\/strong><\/span>\u00a0\u00e9 um marco para a institucionaliza\u00e7\u00e3o da ci\u00eancia no Pa\u00eds, n\u00e3o sendo considerada \u201capenas\u201d uma revista, mas um \u00f3rg\u00e3o da SBPC. Com edi\u00e7\u00f5es tem\u00e1ticas, a revista une textos cient\u00edficos, de opini\u00e3o e de divulga\u00e7\u00e3o, e fala tanto para um p\u00fablico especializado quanto para o p\u00fablico em geral. Desta forma ela consegue mostrar perspectivas diferentes sobre diversos assuntos.<\/p>\n<p>&nbsp;<\/p>\n<h5 id=\"capa-turma-de-historia-natural-da-usp-em-1943-em-destaque-rosina-de-barros-creditos-arquivo-usp\">Capa: Turma de Hist\u00f3ria Natural da USP, em 1943 &#8211; em destaque Rosina de Barros. Cr\u00e9ditos: Arquivo\/ USP<\/h5>\n<p>&nbsp;<\/p>\n","protected":false},"excerpt":{"rendered":"Rosina de Barros foi a primeira mulher a ter um artigo publicado&hellip;\n","protected":false},"author":19,"featured_media":5473,"comment_status":"open","ping_status":"open","sticky":false,"template":"","format":"standard","meta":[],"categories":[1,2],"tags":[],"acf":[],"_links":{"self":[{"href":"https:\/\/revistacienciaecultura.org.br\/index.php?rest_route=\/wp\/v2\/posts\/5472"}],"collection":[{"href":"https:\/\/revistacienciaecultura.org.br\/index.php?rest_route=\/wp\/v2\/posts"}],"about":[{"href":"https:\/\/revistacienciaecultura.org.br\/index.php?rest_route=\/wp\/v2\/types\/post"}],"author":[{"embeddable":true,"href":"https:\/\/revistacienciaecultura.org.br\/index.php?rest_route=\/wp\/v2\/users\/19"}],"replies":[{"embeddable":true,"href":"https:\/\/revistacienciaecultura.org.br\/index.php?rest_route=%2Fwp%2Fv2%2Fcomments&post=5472"}],"version-history":[{"count":2,"href":"https:\/\/revistacienciaecultura.org.br\/index.php?rest_route=\/wp\/v2\/posts\/5472\/revisions"}],"predecessor-version":[{"id":5475,"href":"https:\/\/revistacienciaecultura.org.br\/index.php?rest_route=\/wp\/v2\/posts\/5472\/revisions\/5475"}],"wp:featuredmedia":[{"embeddable":true,"href":"https:\/\/revistacienciaecultura.org.br\/index.php?rest_route=\/wp\/v2\/media\/5473"}],"wp:attachment":[{"href":"https:\/\/revistacienciaecultura.org.br\/index.php?rest_route=%2Fwp%2Fv2%2Fmedia&parent=5472"}],"wp:term":[{"taxonomy":"category","embeddable":true,"href":"https:\/\/revistacienciaecultura.org.br\/index.php?rest_route=%2Fwp%2Fv2%2Fcategories&post=5472"},{"taxonomy":"post_tag","embeddable":true,"href":"https:\/\/revistacienciaecultura.org.br\/index.php?rest_route=%2Fwp%2Fv2%2Ftags&post=5472"}],"curies":[{"name":"wp","href":"https:\/\/api.w.org\/{rel}","templated":true}]}}