{"id":5482,"date":"2024-02-06T07:30:46","date_gmt":"2024-02-06T07:30:46","guid":{"rendered":"https:\/\/revistacienciaecultura.org.br\/?p=5482"},"modified":"2024-02-05T18:55:49","modified_gmt":"2024-02-05T18:55:49","slug":"cientistas-brasileiras-sao-homenageadas-no-premio-carolina-bori-ciencia-mulher-em-evento-da-sbpc","status":"publish","type":"post","link":"https:\/\/revistacienciaecultura.org.br\/?p=5482","title":{"rendered":"Cientistas brasileiras s\u00e3o homenageadas no Pr\u00eamio \u201cCarolina Bori Ci\u00eancia &#038; Mulher\u201d em evento da SBPC"},"content":{"rendered":"<h4 id=\"nesta-terca-feira-6-de-fevereiro-a-sbpc-celebra-o-legado-de-carolina-martuscelli-bori-com-um-dia-de-atividades-gratuitas-incluindo-a-premiacao-para-tres-renomadas-cientistas-brasileiras-o-evento-s\"><span style=\"color: #808080;\">Nesta ter\u00e7a-feira, 6 de fevereiro, a SBPC celebra o legado de Carolina Martuscelli Bori com um dia de atividades gratuitas, incluindo a premia\u00e7\u00e3o para tr\u00eas renomadas cientistas brasileiras. O evento ser\u00e1 realizado no Sal\u00e3o Nobre do Centro MariAntonia da USP, em S\u00e3o Paulo. Participe!<\/span><\/h4>\n<p>&nbsp;<\/p>\n<p>Em uma celebra\u00e7\u00e3o especial dedicada ao Centen\u00e1rio de Nascimento de Carolina Martuscelli Bori, pioneira da psicologia comportamental no Brasil, a Sociedade Brasileira para o Progresso da Ci\u00eancia (SBPC) realiza amanh\u00e3, ter\u00e7a-feira, 6 de fevereiro, um evento imperd\u00edvel. A partir das 10h, no Sal\u00e3o Nobre do Centro MariAntonia da USP, em S\u00e3o Paulo, e com transmiss\u00e3o ao vivo pelo YouTube, o dia ser\u00e1 marcado por homenagens e discuss\u00f5es enriquecedoras sobre a participa\u00e7\u00e3o das mulheres no universo da ci\u00eancia.<\/p>\n<p>Aberto e gratuito, o evento acontecer\u00e1 no Sal\u00e3o Nobre do Centro MariAntonia da USP (Rua Maria Ant\u00f4nia, 294 \u2013 3\u00ba andar). Na parte da manh\u00e3, das 10h \u00e0s 12h, ser\u00e1 feita a cerim\u00f4nia de entrega do 5\u00ba\u00a0<span style=\"color: #800000;\"><strong><a style=\"color: #800000;\" href=\"https:\/\/www.jornaldaciencia.org.br\/sbpc-divulga-vencedoras-do-5o-premio-carolina-bori-ciencia-mulher\/\" target=\"_blank\" rel=\"noopener\">Pr\u00eamio \u201cCarolina Bori Ci\u00eancia &amp; Mulher\u201d<\/a><\/strong><\/span>, destacando\u00a0 a categoria \u201cMulheres cientistas\u201d, por suas contribui\u00e7\u00f5es excepcionais \u00e0 ci\u00eancia e gest\u00e3o cient\u00edfica no Brasil. Este pr\u00eamio, uma iniciativa da SBPC desde 2019, reconhece o talento e a dedica\u00e7\u00e3o de cientistas brasileiras, fortalecendo o papel feminino no avan\u00e7o cient\u00edfico nacional. A premia\u00e7\u00e3o tamb\u00e9m \u00e9 parte das celebra\u00e7\u00f5es do \u201cDia Internacional das Mulheres e Meninas na Ci\u00eancia\u201d, institu\u00eddo pela Unesco, e celebrado todo o dia 11 de fevereiro.<\/p>\n<p>As vencedoras desta edi\u00e7\u00e3o s\u00e3o a qu\u00edmica\u00a0<strong>Yvonne Mascarenhas<\/strong>, na \u00e1rea de Engenharias, Exatas e Ci\u00eancias da Terra, a antrop\u00f3loga\u00a0<strong>Maria\u00a0<\/strong><strong>Manuela Ligeti Carneiro da Cunha<\/strong>, na \u00e1rea de Humanidades, e a biom\u00e9dica\u00a0<strong>Regina Pekelmann Markus,<\/strong>\u00a0na \u00e1rea de Biol\u00f3gicas e Sa\u00fade.<\/p>\n<p>\u00c0 tarde, a programa\u00e7\u00e3o se estende com duas mesas-redondas. A primeira, \u00e0s 14h30, explorar\u00e1\u00a0<strong>\u201cA atua\u00e7\u00e3o institucional de Carolina Bori\u201d,<\/strong>\u00a0com a presen\u00e7a de renomados acad\u00eamicos. O debate, coordenado, por Renato Janine Ribeiro, presidente da SBPC, contar\u00e1 com a participa\u00e7\u00e3o de Deisy das Gra\u00e7as de Souza, professora titular da Universidade Federal de S\u00e3o Carlos (UFSCar), Dora Fix Ventura, professora titular aposentada do Instituto de Psicologia da Universidade de S\u00e3o Paulo (USP), Mariza Monteiro Borges, professora aposentada da Universidade de Bras\u00edlia\u00a0(UnB), e Eunice Maria Fernandes Personini, secret\u00e1ria executiva da SBPC.<\/p>\n<p>\u00c0s 16h30, a discuss\u00e3o se volta para\u00a0<strong>\u201cCarolina Bori como educadora e pesquisadora\u201d<\/strong>, trazendo \u00e0 tona sua influ\u00eancia duradoura na educa\u00e7\u00e3o e pesquisa cient\u00edfica. Com coordena\u00e7\u00e3o de Maria do Carmo Guedes, professora em\u00e9rita pela Pontif\u00edcia Universidade Cat\u00f3lica de S\u00e3o Paulo (PUC-SP), o debate contar\u00e1 com a participa\u00e7\u00e3o de J\u00falio C\u00e9sar de Rose, professor titular da UFSCar, Lino de Macedo, professor em\u00e9rito pelo Instituto de Psicologia da USP, Marilena Ristum, professora titular aposentada da Universidade Federal da Bahia (UFBA), Raul Albino Pacheco Filho, professor titular da Faculdade de Ci\u00eancias Humanas e da Sa\u00fade da PUC-SP, e Silvio Paulo Botom\u00e9, professor titular da Universidade Federal de Santa Catarina (UFSC).<\/p>\n<p>&nbsp;<\/p>\n<h4 id=\"primeira-mulher-a-presidir-a-sbpc\"><strong>Primeira mulher a presidir a SBPC<\/strong><\/h4>\n<p>Carolina Martuscelli Bori foi a primeira mulher a assumir a presid\u00eancia da Sociedade Brasileira para o Progresso da Ci\u00eancia (SBPC), em 1987. Nascida em S\u00e3o Paulo, em 4 de janeiro de 1924, a cientista celebraria cem anos de nascimento em 2024.<\/p>\n<p>Bori completou sua forma\u00e7\u00e3o em Pedagogia pela Universidade de S\u00e3o Paulo (USP), na Faculdade de Filosofia, Ci\u00eancias e Letras, em 1947. No ano seguinte, iniciou sua carreira na USP como assistente de Psicologia. Ap\u00f3s conquistar o t\u00edtulo de Mestre em Psicologia pela New School for Social Research, em Nova Iorque, em 1952, ela obteve seu doutorado pela FFCL-USP em 1954, sob orienta\u00e7\u00e3o de Annita de Castilho e Marcondes Cabral.<\/p>\n<p>Pioneira na introdu\u00e7\u00e3o da An\u00e1lise Experimental do Comportamento no Brasil, participou da implanta\u00e7\u00e3o de cursos de Psicologia Experimental em diversas universidades brasileiras, incluindo a USP, em Rio Claro, e nas universidades federais de S\u00e3o Carlos, Bahia, Par\u00e1 e Rio Grande do Norte. Em colabora\u00e7\u00e3o com Darcy Ribeiro, contribuiu para a funda\u00e7\u00e3o da Universidade de Bras\u00edlia (UnB), onde estabeleceu o Laborat\u00f3rio de Psicologia Experimental e liderou o Instituto de Psicologia entre 1963 e 1965.<\/p>\n<p>Seu engajamento pol\u00edtico abrangeu desde a luta pela regulamenta\u00e7\u00e3o da profiss\u00e3o de psic\u00f3logo at\u00e9 a lideran\u00e7a de movimentos cient\u00edficos para a formula\u00e7\u00e3o de propostas para a Constitui\u00e7\u00e3o Federal de 1988, entregues por ela mesma \u00e0 Assembleia Constituinte em abril de 1987. Al\u00e9m de sua lideran\u00e7a na SBPC, atuou em diretorias de diversas entidades cient\u00edficas.<\/p>\n<p>Orientou centenas de mestres e doutores, deixando um legado que transcende gera\u00e7\u00f5es. Recebeu diversos t\u00edtulos e honrarias, incluindo o primeiro t\u00edtulo de doutora\u00a0<em>honoris causa<\/em>\u00a0concedido pela UnB. Mesmo ap\u00f3s se aposentar, manteve-se ativa na academia at\u00e9 seu falecimento em 4 de outubro de 2004.<\/p>\n<p>Sua trajet\u00f3ria pode ser conhecida pelo \u201c<span style=\"color: #800000;\"><strong><a style=\"color: #800000;\" href=\"https:\/\/memorialcarolinabori.sbpcnet.org.br\/assets\/arq\/documentos\/sbpc\/textuais\/reunioes-anuais\/39\/001-Discurso-CBori-abertura-39RA-CeC.pdf\" target=\"_blank\" rel=\"noopener\">Memorial Carolina Bori<\/a><\/strong><\/span>\u201d, um espa\u00e7o virtual lan\u00e7ado recentemente pela SBPC, que agrega testemunhos sobre a cientista, bibliografia, fotografias e um diagrama de sua \u00e1rvore geneal\u00f3gica acad\u00eamica.<\/p>\n<p>Desde 2019, a SBPC tamb\u00e9m homenageia jovens estudantes e cientistas proeminentes com o Pr\u00eamio \u201cCarolina Bori \u201cCi\u00eancia &amp; Mulher\u201d, dedicado \u00e0 sua primeira presidente mulher. A quinta edi\u00e7\u00e3o do pr\u00eamio, nesta ter\u00e7a-feira, ser\u00e1 uma celebra\u00e7\u00e3o especial do legado de Bori para o Pa\u00eds. Confira a programa\u00e7\u00e3o e participe!<\/p>\n<p>&nbsp;<\/p>\n<h4 id=\"servico\"><strong>Servi\u00e7o<\/strong><\/h4>\n<p><strong>Centen\u00e1rio de Carolina Bori<\/strong><\/p>\n<p><strong>Dia:<\/strong>\u00a006 de fevereiro<\/p>\n<p><strong>Hor\u00e1rio:<\/strong>\u00a0A partir das 10h<\/p>\n<p><strong>Local:<\/strong>\u00a0Sal\u00e3o Nobre do Centro MariAntonia da USP (Rua Maria Ant\u00f4nia, 294 \u2013 3\u00ba andar)<\/p>\n<p>Transmiss\u00e3o pelo\u00a0<span style=\"color: #800000;\"><strong><a style=\"color: #800000;\" href=\"http:\/\/www.youtube.com\/canalsbpc\" target=\"_blank\" rel=\"noopener\">canal da SBPC no YouTube<\/a><\/strong><\/span><\/p>\n<p>Veja aqui a\u00a0<span style=\"color: #800000;\"><a style=\"color: #800000;\" href=\"https:\/\/memorialcarolinabori.sbpcnet.org.br\/programacao.php\" target=\"_blank\" rel=\"noopener\"><strong>programa\u00e7\u00e3o completa<\/strong><\/a>.<\/span><\/p>\n<p>&nbsp;<\/p>\n<p><span style=\"color: #808080;\"><em>Jornal da Ci\u00eancia<\/em><\/span><\/p>\n","protected":false},"excerpt":{"rendered":"Nesta ter\u00e7a-feira, 6 de fevereiro, a SBPC celebra o legado de Carolina&hellip;\n","protected":false},"author":19,"featured_media":4705,"comment_status":"open","ping_status":"open","sticky":false,"template":"","format":"standard","meta":[],"categories":[1,2],"tags":[],"acf":[],"_links":{"self":[{"href":"https:\/\/revistacienciaecultura.org.br\/index.php?rest_route=\/wp\/v2\/posts\/5482"}],"collection":[{"href":"https:\/\/revistacienciaecultura.org.br\/index.php?rest_route=\/wp\/v2\/posts"}],"about":[{"href":"https:\/\/revistacienciaecultura.org.br\/index.php?rest_route=\/wp\/v2\/types\/post"}],"author":[{"embeddable":true,"href":"https:\/\/revistacienciaecultura.org.br\/index.php?rest_route=\/wp\/v2\/users\/19"}],"replies":[{"embeddable":true,"href":"https:\/\/revistacienciaecultura.org.br\/index.php?rest_route=%2Fwp%2Fv2%2Fcomments&post=5482"}],"version-history":[{"count":3,"href":"https:\/\/revistacienciaecultura.org.br\/index.php?rest_route=\/wp\/v2\/posts\/5482\/revisions"}],"predecessor-version":[{"id":5485,"href":"https:\/\/revistacienciaecultura.org.br\/index.php?rest_route=\/wp\/v2\/posts\/5482\/revisions\/5485"}],"wp:featuredmedia":[{"embeddable":true,"href":"https:\/\/revistacienciaecultura.org.br\/index.php?rest_route=\/wp\/v2\/media\/4705"}],"wp:attachment":[{"href":"https:\/\/revistacienciaecultura.org.br\/index.php?rest_route=%2Fwp%2Fv2%2Fmedia&parent=5482"}],"wp:term":[{"taxonomy":"category","embeddable":true,"href":"https:\/\/revistacienciaecultura.org.br\/index.php?rest_route=%2Fwp%2Fv2%2Fcategories&post=5482"},{"taxonomy":"post_tag","embeddable":true,"href":"https:\/\/revistacienciaecultura.org.br\/index.php?rest_route=%2Fwp%2Fv2%2Ftags&post=5482"}],"curies":[{"name":"wp","href":"https:\/\/api.w.org\/{rel}","templated":true}]}}