{"id":5486,"date":"2024-02-07T07:20:27","date_gmt":"2024-02-07T07:20:27","guid":{"rendered":"https:\/\/revistacienciaecultura.org.br\/?p=5486"},"modified":"2024-02-06T20:03:41","modified_gmt":"2024-02-06T20:03:41","slug":"crise-na-alfabetizacao-desafios-e-estrategias-para-a-educacao-brasileira","status":"publish","type":"post","link":"https:\/\/revistacienciaecultura.org.br\/?p=5486","title":{"rendered":"Crise na alfabetiza\u00e7\u00e3o: desafios e estrat\u00e9gias para a educa\u00e7\u00e3o brasileira"},"content":{"rendered":"<h4 id=\"56-das-criancas-do-2o-ano-do-ensino-fundamental-nao-aprenderam-a-ler-e-escrever-no-pais\"><span style=\"color: #808080;\">56% das crian\u00e7as do 2\u00ba ano do Ensino Fundamental n\u00e3o aprenderam a ler e escrever no pa\u00eds<\/span><\/h4>\n<p>&nbsp;<\/p>\n<p>No Brasil, enquanto milh\u00f5es de crian\u00e7as e adolescentes retornam \u00e0s salas de aula para um novo ano letivo, um alerta preocupante \u00e9 emitido pelo Fundo das Na\u00e7\u00f5es Unidas para a Inf\u00e2ncia (Unicef): mais da metade das crian\u00e7as do 2\u00ba ano do Ensino Fundamental na rede p\u00fablica n\u00e3o possui habilidades b\u00e1sicas de alfabetiza\u00e7\u00e3o. Essa constata\u00e7\u00e3o, baseada em dados recentes, revela uma crise educacional que demanda aten\u00e7\u00e3o imediata.<\/p>\n<p>Segundo o Unicef, a alfabetiza\u00e7\u00e3o \u00e9 uma etapa fundamental na jornada escolar das crian\u00e7as e dos adolescentes, e sua prioriza\u00e7\u00e3o \u00e9 essencial em todos os munic\u00edpios brasileiros. Nesse sentido, torna-se urgente a implementa\u00e7\u00e3o das a\u00e7\u00f5es delineadas no Compromisso Nacional Crian\u00e7a Alfabetizada, lan\u00e7ado em 2023 pelo Minist\u00e9rio da Educa\u00e7\u00e3o, visando garantir que todas as crian\u00e7as brasileiras estejam alfabetizadas at\u00e9 o final do 2\u00ba ano do Ensino Fundamental.<\/p>\n<p>Os dados do recente Sistema Nacional de Avalia\u00e7\u00e3o da Educa\u00e7\u00e3o B\u00e1sica revelam que 56,4% das crian\u00e7as nesta etapa n\u00e3o alcan\u00e7aram o n\u00edvel esperado de alfabetiza\u00e7\u00e3o. Esse cen\u00e1rio contribui para um n\u00famero alarmante de alunos em todo o pa\u00eds que frequentam a escola sem dominar habilidades b\u00e1sicas de leitura e escrita.<\/p>\n<p>Agravando essa situa\u00e7\u00e3o, a pandemia de covid-19 exacerbou uma crise j\u00e1 existente. Em 2019, antes da crise sanit\u00e1ria, 39,7% das crian\u00e7as n\u00e3o estavam alfabetizadas no 2\u00ba ano do Ensino Fundamental na rede p\u00fablica. A piora das estimativas reflete uma crise urgente que exige a\u00e7\u00f5es coordenadas em todos os n\u00edveis governamentais.<\/p>\n<p>Segundo M\u00f4nica Dias Pinto, chefe de Educa\u00e7\u00e3o do Unicef no Brasil, ciclos de alfabetiza\u00e7\u00e3o incompletos t\u00eam um impacto significativo na trajet\u00f3ria escolar, resultando em reprova\u00e7\u00f5es e abandono. A falta de habilidades de leitura e escrita dificulta o aprendizado e o acompanhamento das atividades escolares, levando muitos estudantes a abandonarem a escola ou acumularem atrasos acad\u00eamicos.<\/p>\n<p>Para enfrentar esse desafio, o Unicef destaca duas estrat\u00e9gias urgentes: investir em pr\u00e1ticas pedag\u00f3gicas de qualidade para as crian\u00e7as nos primeiros anos do Ensino Fundamental e implementar propostas de recomposi\u00e7\u00e3o das aprendizagens para aqueles que n\u00e3o dominaram a alfabetiza\u00e7\u00e3o at\u00e9 o 2\u00ba ano.<\/p>\n<p>Essas iniciativas fazem parte do Compromisso Nacional Crian\u00e7a Alfabetizada, que busca tamb\u00e9m recompor as aprendizagens afetadas pela pandemia. A import\u00e2ncia de acompanhar de perto a implementa\u00e7\u00e3o dessas medidas \u00e9 ressaltada, com foco na redu\u00e7\u00e3o do analfabetismo e na promo\u00e7\u00e3o de pol\u00edticas educacionais eficazes.<\/p>\n<p>Para contribuir com o desenvolvimento de boas pr\u00e1ticas, o Unicef conta com a estrat\u00e9gia Trajet\u00f3rias de Sucesso Escolar, em parceria com as Secretarias Estaduais de Educa\u00e7\u00e3o, visando oferecer um diagn\u00f3stico amplo e recomenda\u00e7\u00f5es para pol\u00edticas educacionais que promovam o acesso \u00e0 educa\u00e7\u00e3o e a aprendizagem dos estudantes.<\/p>\n<p>A defini\u00e7\u00e3o da pontua\u00e7\u00e3o que define uma crian\u00e7a alfabetizada (743 pontos) foi estabelecida pelo Minist\u00e9rio da Educa\u00e7\u00e3o e pelo Inep em 2023, ap\u00f3s pesquisa envolvendo professores alfabetizadores de todo o pa\u00eds. Essa medida visa garantir um padr\u00e3o claro e objetivo para avaliar o progresso educacional dos alunos.<\/p>\n<p>&nbsp;<\/p>\n<p><span style=\"color: #808080;\"><em>Com informa\u00e7\u00f5es de Unicef Brasil e Onu News<\/em><\/span><\/p>\n<p><em>\u00a0<\/em><\/p>\n<h6 id=\"foto-arquivo-agencia-brasil-ebc\">Foto: Arquivo\/Ag\u00eancia Brasil \u2013 EBC<\/h6>\n","protected":false},"excerpt":{"rendered":"56% das crian\u00e7as do 2\u00ba ano do Ensino Fundamental n\u00e3o aprenderam a&hellip;\n","protected":false},"author":19,"featured_media":5487,"comment_status":"open","ping_status":"open","sticky":false,"template":"","format":"standard","meta":[],"categories":[1,2],"tags":[],"acf":[],"_links":{"self":[{"href":"https:\/\/revistacienciaecultura.org.br\/index.php?rest_route=\/wp\/v2\/posts\/5486"}],"collection":[{"href":"https:\/\/revistacienciaecultura.org.br\/index.php?rest_route=\/wp\/v2\/posts"}],"about":[{"href":"https:\/\/revistacienciaecultura.org.br\/index.php?rest_route=\/wp\/v2\/types\/post"}],"author":[{"embeddable":true,"href":"https:\/\/revistacienciaecultura.org.br\/index.php?rest_route=\/wp\/v2\/users\/19"}],"replies":[{"embeddable":true,"href":"https:\/\/revistacienciaecultura.org.br\/index.php?rest_route=%2Fwp%2Fv2%2Fcomments&post=5486"}],"version-history":[{"count":2,"href":"https:\/\/revistacienciaecultura.org.br\/index.php?rest_route=\/wp\/v2\/posts\/5486\/revisions"}],"predecessor-version":[{"id":5489,"href":"https:\/\/revistacienciaecultura.org.br\/index.php?rest_route=\/wp\/v2\/posts\/5486\/revisions\/5489"}],"wp:featuredmedia":[{"embeddable":true,"href":"https:\/\/revistacienciaecultura.org.br\/index.php?rest_route=\/wp\/v2\/media\/5487"}],"wp:attachment":[{"href":"https:\/\/revistacienciaecultura.org.br\/index.php?rest_route=%2Fwp%2Fv2%2Fmedia&parent=5486"}],"wp:term":[{"taxonomy":"category","embeddable":true,"href":"https:\/\/revistacienciaecultura.org.br\/index.php?rest_route=%2Fwp%2Fv2%2Fcategories&post=5486"},{"taxonomy":"post_tag","embeddable":true,"href":"https:\/\/revistacienciaecultura.org.br\/index.php?rest_route=%2Fwp%2Fv2%2Ftags&post=5486"}],"curies":[{"name":"wp","href":"https:\/\/api.w.org\/{rel}","templated":true}]}}