{"id":5499,"date":"2024-02-15T10:32:06","date_gmt":"2024-02-15T10:32:06","guid":{"rendered":"https:\/\/revistacienciaecultura.org.br\/?p=5499"},"modified":"2024-02-15T10:32:06","modified_gmt":"2024-02-15T10:32:06","slug":"monitorizacao-de-especies-em-areas-tropicais-desafios-e-inovacoes","status":"publish","type":"post","link":"https:\/\/revistacienciaecultura.org.br\/?p=5499","title":{"rendered":"Monitoriza\u00e7\u00e3o de esp\u00e9cies em \u00e1reas tropicais: desafios e inova\u00e7\u00f5es"},"content":{"rendered":"<h4 id=\"construir-conhecimento-sobre-as-mudancas-na-fauna-latino-americana-e-um-desafio-crescente\"><span style=\"color: #808080;\">Construir conhecimento sobre as mudan\u00e7as na fauna latino-americana \u00e9 um desafio crescente<\/span><\/h4>\n<p><em>\u00a0<\/em><\/p>\n<p>A monitoriza\u00e7\u00e3o de esp\u00e9cies em \u00e1reas tropicais enfrenta uma s\u00e9rie de desafios, conforme destacado em um recente artigo publicado na revista Scientific Reports. Pesquisadores t\u00eam enfrentado dificuldades significativas ao trabalhar em regi\u00f5es afetadas por problemas econ\u00f4micos, crises sociais ou conflitos militares. A falta de dados tem sido um obst\u00e1culo importante para otimizar as iniciativas de prote\u00e7\u00e3o da vida selvagem, ressaltando a necessidade urgente de abordagens inovadoras.<\/p>\n<p>O estudo apresenta os resultados de uma pesquisa realizada no Parque Nacional Canaima, na Venezuela, Patrim\u00f4nio da Humanidade h\u00e1 tr\u00eas d\u00e9cadas. Iniciado em 2015, o projeto visava avaliar a resposta dos animais aos dist\u00farbios causados por inc\u00eandios, queimadas de pastagens e outras atividades humanas na regi\u00e3o da Gran Sabana, caracterizada por sua rica biodiversidade.<\/p>\n<p>Apesar dos desafios, os pesquisadores conseguiram identificar 29 esp\u00e9cies, incluindo felinos como leopardo-tigre e margay, roedores como paca e cutia, al\u00e9m de cachorro-do-mato e queixada. No entanto, o trabalho foi interrompido em 2016 devido \u00e0 promo\u00e7\u00e3o pelo governo venezuelano do Arco Mineiro do Orinoco, um projeto que ocupou 12% do territ\u00f3rio nacional.<\/p>\n<p>Diante desse panorama marcado pela prolifera\u00e7\u00e3o de atividades ilegais e conflitos, os pesquisadores tiveram que suspender as visitas ao terreno. No entanto, adotaram uma abordagem inovadora, combinando observa\u00e7\u00f5es diretas com o registro de v\u00eddeo para continuar a coleta de dados, o que resultou em melhorias significativas no modelo de monitoriza\u00e7\u00e3o.<\/p>\n<p>Os resultados revelaram que a maioria das esp\u00e9cies prefere ecossistemas florestais, destacando a amea\u00e7a representada pelo desmatamento \u00e0 sua sobreviv\u00eancia. Por outro lado, predadores como o puma foram atra\u00eddos por locais recentemente desmatados, indicando uma adapta\u00e7\u00e3o a paisagens modificadas pelo homem.<\/p>\n<p>Al\u00e9m das descobertas espec\u00edficas, o estudo ressalta a necessidade de compromissos nacionais e internacionais de longo prazo para garantir a sustentabilidade dos projetos de conserva\u00e7\u00e3o. Iniciativas como o monitoramento comunit\u00e1rio e o turismo de natureza emergem como alternativas econ\u00f4micas vi\u00e1veis, contribuindo para a preserva\u00e7\u00e3o da vida selvagem e o manejo sustent\u00e1vel dos territ\u00f3rios.<\/p>\n<p><span style=\"color: #808080;\"><em>Com informa\u00e7\u00f5es de SciDev.Net<\/em><\/span><\/p>\n<p><em>\u00a0<\/em><\/p>\n<h6 id=\"capa-javier-mazzeo-unsplash-com\"><em><br \/>\n<\/em>Capa. Javier Mazzeo\/ Unsplash.com<\/h6>\n","protected":false},"excerpt":{"rendered":"Construir conhecimento sobre as mudan\u00e7as na fauna latino-americana \u00e9 um desafio crescente&hellip;\n","protected":false},"author":19,"featured_media":5500,"comment_status":"open","ping_status":"open","sticky":false,"template":"","format":"standard","meta":[],"categories":[1,2],"tags":[],"acf":[],"_links":{"self":[{"href":"https:\/\/revistacienciaecultura.org.br\/index.php?rest_route=\/wp\/v2\/posts\/5499"}],"collection":[{"href":"https:\/\/revistacienciaecultura.org.br\/index.php?rest_route=\/wp\/v2\/posts"}],"about":[{"href":"https:\/\/revistacienciaecultura.org.br\/index.php?rest_route=\/wp\/v2\/types\/post"}],"author":[{"embeddable":true,"href":"https:\/\/revistacienciaecultura.org.br\/index.php?rest_route=\/wp\/v2\/users\/19"}],"replies":[{"embeddable":true,"href":"https:\/\/revistacienciaecultura.org.br\/index.php?rest_route=%2Fwp%2Fv2%2Fcomments&post=5499"}],"version-history":[{"count":1,"href":"https:\/\/revistacienciaecultura.org.br\/index.php?rest_route=\/wp\/v2\/posts\/5499\/revisions"}],"predecessor-version":[{"id":5501,"href":"https:\/\/revistacienciaecultura.org.br\/index.php?rest_route=\/wp\/v2\/posts\/5499\/revisions\/5501"}],"wp:featuredmedia":[{"embeddable":true,"href":"https:\/\/revistacienciaecultura.org.br\/index.php?rest_route=\/wp\/v2\/media\/5500"}],"wp:attachment":[{"href":"https:\/\/revistacienciaecultura.org.br\/index.php?rest_route=%2Fwp%2Fv2%2Fmedia&parent=5499"}],"wp:term":[{"taxonomy":"category","embeddable":true,"href":"https:\/\/revistacienciaecultura.org.br\/index.php?rest_route=%2Fwp%2Fv2%2Fcategories&post=5499"},{"taxonomy":"post_tag","embeddable":true,"href":"https:\/\/revistacienciaecultura.org.br\/index.php?rest_route=%2Fwp%2Fv2%2Ftags&post=5499"}],"curies":[{"name":"wp","href":"https:\/\/api.w.org\/{rel}","templated":true}]}}