{"id":5512,"date":"2024-02-21T07:30:32","date_gmt":"2024-02-21T07:30:32","guid":{"rendered":"https:\/\/revistacienciaecultura.org.br\/?p=5512"},"modified":"2024-02-21T10:22:08","modified_gmt":"2024-02-21T10:22:08","slug":"5a-conferencia-nacional-de-ciencia-tecnologia-e-inovacao-em-brasilia-rumo-a-um-futuro-sustentavel-e-desenvolvido","status":"publish","type":"post","link":"https:\/\/revistacienciaecultura.org.br\/?p=5512","title":{"rendered":"5\u00aa Confer\u00eancia Nacional de Ci\u00eancia, Tecnologia e Inova\u00e7\u00e3o em Bras\u00edlia: rumo a um futuro sustent\u00e1vel e desenvolvido"},"content":{"rendered":"<h4 id=\"apos-14-anos-evento-volta-a-ser-realizado-celebrando-a-diversidade-e-a-participacao-social\"><span style=\"color: #808080;\">Ap\u00f3s 14 anos, evento volta a ser realizado celebrando a diversidade e a participa\u00e7\u00e3o social<\/span><\/h4>\n<p>&nbsp;<\/p>\n<p>Entre os dias 4 e 6 de junho, Bras\u00edlia ser\u00e1 palco da 5\u00aa Confer\u00eancia Nacional de Ci\u00eancia, Tecnologia e Inova\u00e7\u00e3o (5\u00aa CNCTI), sob o lema &#8220;Ci\u00eancia, Tecnologia e Inova\u00e7\u00e3o para um Brasil Justo, Sustent\u00e1vel e Desenvolvido&#8221;. Ap\u00f3s um hiato de 14 anos desde sua \u00faltima edi\u00e7\u00e3o, esta confer\u00eancia promete reunir sugest\u00f5es da sociedade para elaborar a Estrat\u00e9gia Nacional de CT&amp;I para a pr\u00f3xima d\u00e9cada.<\/p>\n<p>O evento \u00e9 parte de um processo que envolve etapas municipais, estaduais e regionais, al\u00e9m de encontros tem\u00e1ticos e etapas livres, buscando uma intensa participa\u00e7\u00e3o social e contribui\u00e7\u00f5es qualificadas da comunidade cient\u00edfica. A ministra da Ci\u00eancia, Tecnologia e Inova\u00e7\u00e3o, Luciana Santos, ressalta a import\u00e2ncia de envolver todos os 27 estados nesse processo democr\u00e1tico.<\/p>\n<p>A confer\u00eancia visa mobilizar diversos setores da sociedade, incluindo representantes de institui\u00e7\u00f5es de ensino e pesquisa, sociedade civil, setor empresarial, comunidade acad\u00eamica, organiza\u00e7\u00f5es n\u00e3o governamentais e entidades governamentais. O ex-ministro e secret\u00e1rio-geral da 5\u00aa CNCTI, S\u00e9rgio Rezende, destaca a necessidade de um planejamento estrat\u00e9gico para os pr\u00f3ximos 10 anos, com prioridades claras e recursos destinados \u00e0 pesquisa e desenvolvimento.<\/p>\n<p>Recentemente, uma comitiva do Minist\u00e9rio da Ci\u00eancia, Tecnologia e Inova\u00e7\u00e3o apresentou a confer\u00eancia \u00e0 ministra Cida Gon\u00e7alves. Luciana Santos detalhou a estrat\u00e9gia e o cronograma do evento, ressaltando a an\u00e1lise dos programas e resultados anteriores para propor recomenda\u00e7\u00f5es para a pr\u00f3xima d\u00e9cada. Destaca-se tamb\u00e9m a iniciativa do MCTI em promover pol\u00edticas p\u00fablicas que incentivem a participa\u00e7\u00e3o de mulheres na ci\u00eancia, com uma confer\u00eancia tem\u00e1tica sobre o papel das mulheres na ci\u00eancia programada para mar\u00e7o, no Rio de Janeiro.<\/p>\n<p>A ministra das Mulheres, Cida Gon\u00e7alves, expressou interesse no evento e se comprometeu a ajudar na mobiliza\u00e7\u00e3o entre as mulheres, propondo o envio de informa\u00e7\u00f5es para as secretarias estaduais das mulheres para ampliar a participa\u00e7\u00e3o nas confer\u00eancias tem\u00e1ticas e livres sobre mulheres. Al\u00e9m da confer\u00eancia tem\u00e1tica, outras confer\u00eancias livres sobre o tema est\u00e3o sendo organizadas em todo o pa\u00eds, demonstrando o engajamento e a diversidade de temas que ser\u00e3o abordados na 5\u00aa CNCTI.<\/p>\n<p>&nbsp;<\/p>\n<h6 id=\"capa-mcti-reproducao\">Capa: MCTI. Reprodu\u00e7\u00e3o<\/h6>\n","protected":false},"excerpt":{"rendered":"Ap\u00f3s 14 anos, evento volta a ser realizado celebrando a diversidade e&hellip;\n","protected":false},"author":19,"featured_media":5513,"comment_status":"open","ping_status":"open","sticky":false,"template":"","format":"standard","meta":[],"categories":[1,2],"tags":[],"acf":[],"_links":{"self":[{"href":"https:\/\/revistacienciaecultura.org.br\/index.php?rest_route=\/wp\/v2\/posts\/5512"}],"collection":[{"href":"https:\/\/revistacienciaecultura.org.br\/index.php?rest_route=\/wp\/v2\/posts"}],"about":[{"href":"https:\/\/revistacienciaecultura.org.br\/index.php?rest_route=\/wp\/v2\/types\/post"}],"author":[{"embeddable":true,"href":"https:\/\/revistacienciaecultura.org.br\/index.php?rest_route=\/wp\/v2\/users\/19"}],"replies":[{"embeddable":true,"href":"https:\/\/revistacienciaecultura.org.br\/index.php?rest_route=%2Fwp%2Fv2%2Fcomments&post=5512"}],"version-history":[{"count":3,"href":"https:\/\/revistacienciaecultura.org.br\/index.php?rest_route=\/wp\/v2\/posts\/5512\/revisions"}],"predecessor-version":[{"id":5516,"href":"https:\/\/revistacienciaecultura.org.br\/index.php?rest_route=\/wp\/v2\/posts\/5512\/revisions\/5516"}],"wp:featuredmedia":[{"embeddable":true,"href":"https:\/\/revistacienciaecultura.org.br\/index.php?rest_route=\/wp\/v2\/media\/5513"}],"wp:attachment":[{"href":"https:\/\/revistacienciaecultura.org.br\/index.php?rest_route=%2Fwp%2Fv2%2Fmedia&parent=5512"}],"wp:term":[{"taxonomy":"category","embeddable":true,"href":"https:\/\/revistacienciaecultura.org.br\/index.php?rest_route=%2Fwp%2Fv2%2Fcategories&post=5512"},{"taxonomy":"post_tag","embeddable":true,"href":"https:\/\/revistacienciaecultura.org.br\/index.php?rest_route=%2Fwp%2Fv2%2Ftags&post=5512"}],"curies":[{"name":"wp","href":"https:\/\/api.w.org\/{rel}","templated":true}]}}