{"id":5521,"date":"2024-02-27T07:30:48","date_gmt":"2024-02-27T07:30:48","guid":{"rendered":"https:\/\/revistacienciaecultura.org.br\/?p=5521"},"modified":"2024-02-26T18:47:00","modified_gmt":"2024-02-26T18:47:00","slug":"sbpc-debate-o-futuro-da-amazonia","status":"publish","type":"post","link":"https:\/\/revistacienciaecultura.org.br\/?p=5521","title":{"rendered":"SBPC debate o futuro da Amaz\u00f4nia"},"content":{"rendered":"<h4 id=\"este-evento-e-um-chamado-a-acao-diante-da-crise-iminente-que-coloca-em-risco-nao-apenas-a-maior-floresta-tropical-do-planeta-mas-a-vida-de-toda-a-especie-humana-ressalta-o-pre\"><span style=\"color: #808080;\">\u201cEste evento \u00e9 um chamado \u00e0 a\u00e7\u00e3o diante da crise iminente que coloca em risco n\u00e3o apenas a maior floresta tropical do planeta, mas a vida de toda a esp\u00e9cie humana\u201d,\u00a0ressalta o presidente da SBPC, Renato Janine Ribeiro. Debate online ser\u00e1 nesta sexta-feira, dia 1\u00ba de mar\u00e7o, das 16h \u00e0s 18h, com transmiss\u00e3o pelo canal da SBPC no YouTube.\u00a0<\/span><\/h4>\n<p>&nbsp;<\/p>\n<p>A Amaz\u00f4nia foi capa da edi\u00e7\u00e3o de 15 de fevereiro da revista brit\u00e2nica\u00a0<em>Nature<\/em>\u00a0com uma alarmante chamada para um\u00a0<span style=\"color: #800000;\"><strong><a style=\"color: #800000;\" href=\"https:\/\/doi.org\/10.1038\/s41586-023-06970-0\" target=\"_blank\" rel=\"noopener\">artigo que mostra que a floresta pode atingir um ponto de n\u00e3o-retorno at\u00e9 2050<\/a><\/strong><\/span>, caso medidas urgentes para mitigar as mudan\u00e7as clim\u00e1ticas e conter o desmatamento n\u00e3o sejam tomadas. Diante de tal emerg\u00eancia, a Sociedade Brasileira para o Progresso da Ci\u00eancia (SBPC) re\u00fane nesta sexta-feira, 1\u00ba de mar\u00e7o, dois dos pesquisadores que participaram do estudo e outros cientistas renomados do Pa\u00eds no debate online\u00a0<strong>\u201cAmaz\u00f4nia em Colapso?\u201d<\/strong>. Todos est\u00e3o convidados a participar desta importante discuss\u00e3o que ser\u00e1 realizada ao vivo pelo\u00a0<strong><span style=\"color: #800000;\"><a style=\"color: #800000;\" href=\"https:\/\/www.youtube.com\/results?search_query=sbpcnet\" target=\"_blank\" rel=\"noopener\">canal da SBPC YouTube<\/a><\/span><\/strong>.<\/p>\n<p>\u201cEste evento \u00e9 um chamado \u00e0 a\u00e7\u00e3o diante da crise iminente que coloca em risco n\u00e3o apenas a maior floresta tropical do planeta, mas a vida de toda a esp\u00e9cie humana. Neste estudo, que envolveu pesquisadores brasileiros e que tem sido amplamente divulgado no mundo todo, fica claro que n\u00e3o podemos mais esperar. O Brasil tem uma responsabilidade muito grande em suas m\u00e3os\u201d, diz o presidente da SBPC, Renato Janine Ribeiro.<\/p>\n<p>O painel \u00e9 organizado pelo f\u00edsico\u00a0<strong>Paulo Artaxo<\/strong>, coordenador do Centro de Estudos Amaz\u00f4nia Sustent\u00e1vel da Universidade de S\u00e3o Paulo (USP) e vice-presidente da SBPC.\u00a0<strong>Janine Ribeiro<\/strong>, presidente da SBPC, abrir\u00e1 o debate, que contar\u00e1 com a participa\u00e7\u00e3o dos pesquisadores da Universidade Federal de Santa Catarina (UFSC),\u00a0<strong>Bernardo Flores<\/strong>\u00a0e\u00a0<strong>Marina Hirota<\/strong>, autores do estudo, publicado na\u00a0<em>Nature<\/em>. Participam tamb\u00e9m da discuss\u00e3o o climatologista\u00a0<strong>Carlos Nobre<\/strong>, professor da USP e uma das maiores refer\u00eancias no mundo sobre mudan\u00e7as clim\u00e1ticas e floresta Amaz\u00f4nica, e\u00a0<strong>Fl\u00e1via Costa<\/strong>, pesquisadora do Instituto Nacional de Pesquisas da Amaz\u00f4nia (Inpa) e coordenadora do Programa de Pesquisas Ecol\u00f3gicas de Longa Dura\u00e7\u00e3o (PELD) Amaz\u00f4nia.<\/p>\n<p>\u201cPor mais de 65 milh\u00f5es de anos, a floresta resistiu bravamente \u00e0s mudan\u00e7as clim\u00e1ticas. Mas agora, enfrenta um estresse sem precedentes devido a fatores como aumento das temperaturas, secas extremas e desmatamento desenfreado. A situa\u00e7\u00e3o \u00e9 t\u00e3o grave que \u00e1reas antes consideradas intocadas est\u00e3o agora \u00e0 beira do colapso. O futuro da Amaz\u00f4nia est\u00e1 em jogo, e precisamos agir agora\u201d, conclama Artaxo.<\/p>\n<p><strong>Servi\u00e7o:<\/strong><\/p>\n<p><strong>Debate: \u201cAmaz\u00f4nia em Colapso?\u201d<\/strong><\/p>\n<p>Data: Sexta-feira, 1\u00ba de mar\u00e7o<\/p>\n<p>Hor\u00e1rio: Das 16h \u00e0s 18h<\/p>\n<p>Transmiss\u00e3o ao vivo: Canal da SBPC no YouTube \u2013\u00a0<span style=\"color: #800000;\"><strong><a style=\"color: #800000;\" href=\"http:\/\/www.youtube.com\/canalsbpc\" target=\"_blank\" rel=\"noopener\">www.youtube.com\/canalsbpc<\/a><\/strong><\/span><\/p>\n<p>Leia o estudo na Nature aqui:\u00a0<span style=\"color: #800000;\"><strong><a style=\"color: #800000;\" href=\"https:\/\/doi.org\/10.1038\/s41586-023-06970-0\" target=\"_blank\" rel=\"noopener\">https:\/\/doi.org\/10.1038\/s41586-023-06970-0<\/a><\/strong><\/span><\/p>\n<p><span style=\"color: #808080;\"><a style=\"color: #808080;\" href=\"http:\/\/www.sbpcnet.org.br\/\"><em>SBPC<\/em><\/a><\/span><\/p>\n","protected":false},"excerpt":{"rendered":"\u201cEste evento \u00e9 um chamado \u00e0 a\u00e7\u00e3o diante da crise iminente que&hellip;\n","protected":false},"author":19,"featured_media":4790,"comment_status":"open","ping_status":"open","sticky":false,"template":"","format":"standard","meta":[],"categories":[1,2],"tags":[],"acf":[],"_links":{"self":[{"href":"https:\/\/revistacienciaecultura.org.br\/index.php?rest_route=\/wp\/v2\/posts\/5521"}],"collection":[{"href":"https:\/\/revistacienciaecultura.org.br\/index.php?rest_route=\/wp\/v2\/posts"}],"about":[{"href":"https:\/\/revistacienciaecultura.org.br\/index.php?rest_route=\/wp\/v2\/types\/post"}],"author":[{"embeddable":true,"href":"https:\/\/revistacienciaecultura.org.br\/index.php?rest_route=\/wp\/v2\/users\/19"}],"replies":[{"embeddable":true,"href":"https:\/\/revistacienciaecultura.org.br\/index.php?rest_route=%2Fwp%2Fv2%2Fcomments&post=5521"}],"version-history":[{"count":2,"href":"https:\/\/revistacienciaecultura.org.br\/index.php?rest_route=\/wp\/v2\/posts\/5521\/revisions"}],"predecessor-version":[{"id":5523,"href":"https:\/\/revistacienciaecultura.org.br\/index.php?rest_route=\/wp\/v2\/posts\/5521\/revisions\/5523"}],"wp:featuredmedia":[{"embeddable":true,"href":"https:\/\/revistacienciaecultura.org.br\/index.php?rest_route=\/wp\/v2\/media\/4790"}],"wp:attachment":[{"href":"https:\/\/revistacienciaecultura.org.br\/index.php?rest_route=%2Fwp%2Fv2%2Fmedia&parent=5521"}],"wp:term":[{"taxonomy":"category","embeddable":true,"href":"https:\/\/revistacienciaecultura.org.br\/index.php?rest_route=%2Fwp%2Fv2%2Fcategories&post=5521"},{"taxonomy":"post_tag","embeddable":true,"href":"https:\/\/revistacienciaecultura.org.br\/index.php?rest_route=%2Fwp%2Fv2%2Ftags&post=5521"}],"curies":[{"name":"wp","href":"https:\/\/api.w.org\/{rel}","templated":true}]}}