{"id":5524,"date":"2024-02-28T07:30:22","date_gmt":"2024-02-28T07:30:22","guid":{"rendered":"https:\/\/revistacienciaecultura.org.br\/?p=5524"},"modified":"2024-02-27T17:09:41","modified_gmt":"2024-02-27T17:09:41","slug":"multilateralismo-e-compromissos-ambientais-em-destaque-na-unea-6","status":"publish","type":"post","link":"https:\/\/revistacienciaecultura.org.br\/?p=5524","title":{"rendered":"Multilateralismo e compromissos ambientais em destaque na Unea-6"},"content":{"rendered":"<h4 id=\"assembleia-das-nacoes-unidas-para-o-meio-ambiente-discute-escassez-de-agua-tecnologias-que-alteram-o-clima-mineracao-responsavel-e-preservacao-de-especies-em-risco-de-extincao\"><span style=\"color: #808080;\">Assembleia das Na\u00e7\u00f5es Unidas para o Meio Ambiente discute escassez de \u00e1gua, tecnologias que alteram o clima, minera\u00e7\u00e3o respons\u00e1vel e preserva\u00e7\u00e3o de esp\u00e9cies em risco de extin\u00e7\u00e3o<\/span><\/h4>\n<p><strong>\u00a0<\/strong><\/p>\n<p>A busca por avan\u00e7os na pauta clim\u00e1tica atrav\u00e9s do multilateralismo \u00e9 um dos principais objetivos da sexta sess\u00e3o da <span style=\"color: #800000;\"><strong><a style=\"color: #800000;\" href=\"https:\/\/brasil.un.org\/pt-br\/261788-assembleia-das-na%C3%A7%C3%B5es-unidas-para-o-meio-ambiente-ocorre-em-um-momento-cr%C3%ADtico-para-o\">Assembleia das Na\u00e7\u00f5es Unidas para o Meio Ambiente (Unea-6)<\/a><\/strong><\/span>. O principal \u00f3rg\u00e3o mundial de tomada de decis\u00f5es sobre o tema realiza sua sexta sess\u00e3o de 26 de fevereiro a 1 de mar\u00e7o em Nairobi, no Qu\u00eania, com a expectativa de reunir mais de 7 mil participantes em di\u00e1logos significativos para enfrentar os desafios ambientais prementes.<\/p>\n<p>Segundo Irene Mwoga, estat\u00edstica do <span style=\"color: #800000;\"><strong><a style=\"color: #800000;\" href=\"Programa%20das%20Na%25C3%25A7%25C3%25B5es%20Unidas%20para%20o%20Meio%20Ambiente%20(Pnuma)\">Programa das Na\u00e7\u00f5es Unidas para o Meio Ambiente (Pnuma)<\/a><\/strong><\/span> para a \u00c1frica e coordenadora do evento, a Unea-6 busca promover a\u00e7\u00f5es multilaterais eficazes, inclusivas e sustent\u00e1veis no combate \u00e0s mudan\u00e7as clim\u00e1ticas, \u00e0 perda de biodiversidade e \u00e0 polui\u00e7\u00e3o. Esta abordagem visa engajar diversos setores, desde governos at\u00e9 a sociedade civil, em uma participa\u00e7\u00e3o efetiva e duradoura.<\/p>\n<p>Neste contexto de discuss\u00f5es cruciais, a reuni\u00e3o contar\u00e1 com a an\u00e1lise de cerca de 19 resolu\u00e7\u00f5es sobre uma ampla gama de quest\u00f5es ambientais, abordando desde o combate \u00e0 desertifica\u00e7\u00e3o at\u00e9 medidas para reduzir a polui\u00e7\u00e3o do ar. Estas decis\u00f5es s\u00e3o parte de um esfor\u00e7o maior da Unea para intensificar a campanha global contra a tripla crise planet\u00e1ria das mudan\u00e7as clim\u00e1ticas, perda de natureza e biodiversidade, e polui\u00e7\u00e3o e desperd\u00edcio.<\/p>\n<p>&nbsp;<\/p>\n<h4 id=\"resolucoes\"><strong>Resolu\u00e7\u00f5es<\/strong><\/h4>\n<p>A implementa\u00e7\u00e3o dessas resolu\u00e7\u00f5es, uma vez finalizadas e acordadas entre os pa\u00edses e institui\u00e7\u00f5es participantes, ser\u00e1 fundamental para a coordena\u00e7\u00e3o de pol\u00edticas, estrat\u00e9gias e monitoramento do ambiente em escala global. Os temas em debate incluem a prote\u00e7\u00e3o de recursos terrestres e marinhos, regulamenta\u00e7\u00e3o do uso de pl\u00e1sticos e produtos qu\u00edmicos, coopera\u00e7\u00e3o regional e realiza\u00e7\u00e3o de projetos ambientais em diferentes pa\u00edses.<\/p>\n<p>Durante a cerim\u00f4nia de abertura, a diretora-executiva do Programa das Na\u00e7\u00f5es Unidas para o Meio Ambiente, Inger Andersen, ressaltou a import\u00e2ncia de deixar de lado as diferen\u00e7as pol\u00edticas em prol do bem-estar deste &#8220;pequeno planeta azul&#8221;. Ela destacou a necessidade de consenso em torno das resolu\u00e7\u00f5es para impulsionar a a\u00e7\u00e3o multilateral em busca de justi\u00e7a e equidade intergeracionais diante das crises clim\u00e1ticas, de biodiversidade e de polui\u00e7\u00e3o que afetam a todos, independentemente de nacionalidade, cor, f\u00e9 ou g\u00eanero.<\/p>\n<p>Al\u00e9m disso, a Unea-6 tamb\u00e9m se concentra em fortalecer a coopera\u00e7\u00e3o com os acordos ambientais multilaterais, visando abordar as quest\u00f5es mais urgentes de interesse global e regional. A assembleia ter\u00e1 um dia dedicado a debater exemplos bem-sucedidos de coopera\u00e7\u00e3o internacional, como o recente Tratado do Alto Mar e o Quadro Global de Biodiversidade Kunming-Montreal, que demonstram a capacidade de a\u00e7\u00e3o conjunta para enfrentar desafios ambientais cruciais.<\/p>\n<p>&nbsp;<\/p>\n<h4 id=\"a-reuniao\"><strong>A reuni\u00e3o<\/strong><\/h4>\n<p>Com mais de 7 mil delegados inscritos, incluindo 170 ministros, a Unea-6 se apresenta como um f\u00f3rum poderoso para unir esfor\u00e7os em prol do meio ambiente e da sustentabilidade global. Durante os pr\u00f3ximos dias, as discuss\u00f5es e negocia\u00e7\u00f5es continuar\u00e3o a moldar as resolu\u00e7\u00f5es finais e a declara\u00e7\u00e3o ministerial, destacando a import\u00e2ncia do multilateralismo efetivo e da coopera\u00e7\u00e3o internacional para o futuro do nosso planeta.<\/p>\n<p>Como representantes de uma gera\u00e7\u00e3o que enfrentar\u00e1 diretamente os impactos das a\u00e7\u00f5es ambientais de hoje, jovens ativistas como Sharon Mutende, do Grupo de Crian\u00e7as e Jovens para o Pnuma, expressam preocupa\u00e7\u00e3o com a ambi\u00e7\u00e3o e os valores presentes nas resolu\u00e7\u00f5es em discuss\u00e3o. Da mesma forma, representantes de povos ind\u00edgenas destacam a necessidade de considerar seus direitos e territ\u00f3rios na elabora\u00e7\u00e3o de pol\u00edticas ambientais.<\/p>\n<p><span style=\"color: #808080;\"><em>Com informa\u00e7\u00f5es de ONU News<\/em><\/span><\/p>\n","protected":false},"excerpt":{"rendered":"Assembleia das Na\u00e7\u00f5es Unidas para o Meio Ambiente discute escassez de \u00e1gua,&hellip;\n","protected":false},"author":19,"featured_media":1996,"comment_status":"open","ping_status":"open","sticky":false,"template":"","format":"standard","meta":[],"categories":[1,2],"tags":[],"acf":[],"_links":{"self":[{"href":"https:\/\/revistacienciaecultura.org.br\/index.php?rest_route=\/wp\/v2\/posts\/5524"}],"collection":[{"href":"https:\/\/revistacienciaecultura.org.br\/index.php?rest_route=\/wp\/v2\/posts"}],"about":[{"href":"https:\/\/revistacienciaecultura.org.br\/index.php?rest_route=\/wp\/v2\/types\/post"}],"author":[{"embeddable":true,"href":"https:\/\/revistacienciaecultura.org.br\/index.php?rest_route=\/wp\/v2\/users\/19"}],"replies":[{"embeddable":true,"href":"https:\/\/revistacienciaecultura.org.br\/index.php?rest_route=%2Fwp%2Fv2%2Fcomments&post=5524"}],"version-history":[{"count":2,"href":"https:\/\/revistacienciaecultura.org.br\/index.php?rest_route=\/wp\/v2\/posts\/5524\/revisions"}],"predecessor-version":[{"id":5526,"href":"https:\/\/revistacienciaecultura.org.br\/index.php?rest_route=\/wp\/v2\/posts\/5524\/revisions\/5526"}],"wp:featuredmedia":[{"embeddable":true,"href":"https:\/\/revistacienciaecultura.org.br\/index.php?rest_route=\/wp\/v2\/media\/1996"}],"wp:attachment":[{"href":"https:\/\/revistacienciaecultura.org.br\/index.php?rest_route=%2Fwp%2Fv2%2Fmedia&parent=5524"}],"wp:term":[{"taxonomy":"category","embeddable":true,"href":"https:\/\/revistacienciaecultura.org.br\/index.php?rest_route=%2Fwp%2Fv2%2Fcategories&post=5524"},{"taxonomy":"post_tag","embeddable":true,"href":"https:\/\/revistacienciaecultura.org.br\/index.php?rest_route=%2Fwp%2Fv2%2Ftags&post=5524"}],"curies":[{"name":"wp","href":"https:\/\/api.w.org\/{rel}","templated":true}]}}