{"id":5573,"date":"2024-03-07T08:00:45","date_gmt":"2024-03-07T08:00:45","guid":{"rendered":"https:\/\/revistacienciaecultura.org.br\/?p=5573"},"modified":"2024-09-18T13:07:05","modified_gmt":"2024-09-18T13:07:05","slug":"cesar-lattes-e-os-institutos-e-laboratorios-brasileiros","status":"publish","type":"post","link":"https:\/\/revistacienciaecultura.org.br\/?p=5573","title":{"rendered":"Cesar Lattes e os Institutos e Laborat\u00f3rios Brasileiros"},"content":{"rendered":"<h4 id=\"alem-de-grandes-contribuicoes-para-a-fisica-cesar-lattes-era-um-lider-cientifico-que-colaborou-para-a-criacao-e-o-avanco-de-centros-brasileiros-fundamentais-para-a-ciencia-atual\"><span style=\"color: #808080;\">Al\u00e9m de grandes contribui\u00e7\u00f5es para a f\u00edsica, Cesar Lattes era um l\u00edder cient\u00edfico que colaborou para a cria\u00e7\u00e3o e o avan\u00e7o de centros brasileiros fundamentais para a ci\u00eancia atual<\/span><\/h4>\n<p>&nbsp;<\/p>\n<p>A figura de Cesar Lattes \u00e9 conhecida por suas pesquisas e pr\u00eamios ao longo da carreira, mas pouco se comenta sobre sua contribui\u00e7\u00e3o para a origem e avan\u00e7o de diversos departamentos, institutos e laborat\u00f3rios de pesquisa da \u00e1rea da F\u00edsica. Por onde passou, Lattes plantou uma semente para a perpetua\u00e7\u00e3o da \u00e1rea. Estava l\u00e1 na cria\u00e7\u00e3o do <span style=\"color: #800000;\"><a style=\"color: #800000;\" href=\"https:\/\/www.gov.br\/cnpq\/pt-br\"><strong>Conselho Nacional de Desenvolvimento Cient\u00edfico e Tecnol\u00f3gico (CNPq)<\/strong><\/a><\/span>, o <span style=\"color: #800000;\"><a style=\"color: #800000;\" href=\"https:\/\/www.gov.br\/cbpf\/pt-br\"><strong>Centro Brasileiro de Pesquisas F\u00edsicas (CBPF)<\/strong><\/a>, o <a style=\"color: #800000;\" href=\"https:\/\/portal.ifi.unicamp.br\/\"><strong>Instituto de F\u00edsica Gleb Wataghin<\/strong><\/a><\/span> (IFGW &#8211; Unicamp), al\u00e9m de ter sido professor nos Institutos de F\u00edsica da <span style=\"color: #800000;\"><a style=\"color: #800000;\" href=\"https:\/\/www5.usp.br\/\"><strong>Universidade de S\u00e3o Paulo (USP)<\/strong><\/a><\/span> e<span style=\"color: #800000;\"> <a style=\"color: #800000;\" href=\"https:\/\/ufrj.br\/\"><strong>Universidade Federal do Rio de Janeiro (UFRJ)<\/strong><\/a><\/span><strong>, <\/strong>e ainda assinou dois protocolos de coopera\u00e7\u00e3o cient\u00edfica com a <span style=\"color: #800000;\"><a style=\"color: #800000;\" href=\"https:\/\/www.ufmt.br\/\"><strong>Universidade Federal do Mato Grosso (UFMT)<\/strong><\/a><\/span><strong> \u2013 <\/strong>conhecido como Projeto Cesar Lattes.<\/p>\n<p>Os relatos de quem o conheceu pessoalmente e p\u00f4de trabalhar com ele destacam sua compet\u00eancia como pesquisador, a paix\u00e3o pela pesquisa e descobertas cient\u00edficas e o patriotismo no esfor\u00e7o de alavancar o Brasil como um centro de pesquisas de excel\u00eancia. Em in\u00fameros momentos utilizou a fama conquistada pelos resultados de seu trabalho para canalizar recursos, construir rela\u00e7\u00f5es internacionais e ser um s\u00edmbolo de que nosso pa\u00eds tinha condi\u00e7\u00f5es de produzir ci\u00eancia de extrema qualidade.<\/p>\n<p>&nbsp;<\/p>\n<h4 id=\"centro-brasileiro-de-pesquisas-fisicas-cbpf-rio-de-janeiro\"><strong>Centro Brasileiro de Pesquisas F\u00edsicas (CBPF) &#8211; Rio de Janeiro <\/strong><\/h4>\n<p>Por ter conhecido diversos centros na Europa e Estados Unidos, Lattes queria trazer esses sistemas ao Brasil. As not\u00edcias sobre o assunto espalharam-se pela m\u00eddia, o que levou \u00e0 forma\u00e7\u00e3o de um ambiente prop\u00edcio \u00e0 cria\u00e7\u00e3o, no Rio de Janeiro, de um instituto voltado principalmente para a pesquisa fundamental em F\u00edsica. Assim, um grupo de empres\u00e1rios, cientistas e interessados nas ci\u00eancias, pol\u00edticos influentes, militares, banqueiros e outros mobilizou-se em dire\u00e7\u00e3o \u00e0 cria\u00e7\u00e3o do CBPF, com sua funda\u00e7\u00e3o em 1949. (Figura 1)<\/p>\n<h6 id=\"figura-1-cesar-lattes-leite-lopes-amos-troper-e-alfredo-marques-diretores-do-cbpf-1999-fonte-cbpf-arquivo-reproducao\" style=\"text-align: center;\"><img loading=\"lazy\" class=\"aligncenter wp-image-5574\" src=\"https:\/\/revistacienciaecultura.org.br\/wp-content\/uploads\/2024\/03\/CC-1E24-reportagem-Cesar-Lattes-e-os-Institutos-e-Laborato\u0301rios-Brasileiros-figura1-300x203.jpg\" alt=\"\" width=\"500\" height=\"339\" srcset=\"https:\/\/revistacienciaecultura.org.br\/wp-content\/uploads\/2024\/03\/CC-1E24-reportagem-Cesar-Lattes-e-os-Institutos-e-Laborato\u0301rios-Brasileiros-figura1-300x203.jpg 300w, https:\/\/revistacienciaecultura.org.br\/wp-content\/uploads\/2024\/03\/CC-1E24-reportagem-Cesar-Lattes-e-os-Institutos-e-Laborato\u0301rios-Brasileiros-figura1-1024x695.jpg 1024w, https:\/\/revistacienciaecultura.org.br\/wp-content\/uploads\/2024\/03\/CC-1E24-reportagem-Cesar-Lattes-e-os-Institutos-e-Laborato\u0301rios-Brasileiros-figura1-768x521.jpg 768w, https:\/\/revistacienciaecultura.org.br\/wp-content\/uploads\/2024\/03\/CC-1E24-reportagem-Cesar-Lattes-e-os-Institutos-e-Laborato\u0301rios-Brasileiros-figura1-1536x1042.jpg 1536w, https:\/\/revistacienciaecultura.org.br\/wp-content\/uploads\/2024\/03\/CC-1E24-reportagem-Cesar-Lattes-e-os-Institutos-e-Laborato\u0301rios-Brasileiros-figura1-18x12.jpg 18w, https:\/\/revistacienciaecultura.org.br\/wp-content\/uploads\/2024\/03\/CC-1E24-reportagem-Cesar-Lattes-e-os-Institutos-e-Laborato\u0301rios-Brasileiros-figura1-800x543.jpg 800w, https:\/\/revistacienciaecultura.org.br\/wp-content\/uploads\/2024\/03\/CC-1E24-reportagem-Cesar-Lattes-e-os-Institutos-e-Laborato\u0301rios-Brasileiros-figura1-1160x787.jpg 1160w, https:\/\/revistacienciaecultura.org.br\/wp-content\/uploads\/2024\/03\/CC-1E24-reportagem-Cesar-Lattes-e-os-Institutos-e-Laborato\u0301rios-Brasileiros-figura1.jpg 1691w\" sizes=\"(max-width: 500px) 100vw, 500px\" \/><br \/>\n<strong>Figura 1. <\/strong><strong>Cesar Lattes, Leite Lopes, Am\u00f3s Troper e Alfredo Marques, diretores do CBPF, 1999.<br \/>\n<\/strong>(Fonte: CBPF\/ Arquivo. Reprodu\u00e7\u00e3o)<\/h6>\n<p>&nbsp;<\/p>\n<p>Lattes foi o primeiro diretor cient\u00edfico da institui\u00e7\u00e3o, ficando neste cargo por seis anos, e contribuiu na busca de infraestrutura e bolsas, al\u00e9m de estudantes qualificados. Sua articula\u00e7\u00e3o foi fundamental para a cria\u00e7\u00e3o do CNPq, que surgiu para promover e estimular o desenvolvimento da investiga\u00e7\u00e3o cient\u00edfica e tecnol\u00f3gica em qualquer dom\u00ednio do conhecimento, mas com especial interesse no campo da f\u00edsica nuclear. Anna Maria Freire Endler, pesquisadora aposentada do CBPF, estava come\u00e7ando sua carreira no momento de forma\u00e7\u00e3o do Centro e p\u00f4de trabalhar pr\u00f3xima a Lattes. Ela conta que Lattes conseguiu sua bolsa de doutorado na Alemanha, al\u00e9m de trazer ao Brasil grandes nomes da f\u00edsica nuclear mundial. \u201cQuando fui fazer pesquisa na Europa, percebi que estava t\u00e3o preparada quanto todos os profissionais ali presentes. Lattes mostrou que o Brasil podia participar da pesquisa de ponta feita pelo mundo. Eram tempos de ouro, lembro de ir trabalhar motivada todos os dias. O CBPF fervia de gente importante, reconhecida mundialmente\u201d, relembra.<\/p>\n<p>&nbsp;<\/p>\n<h4 id=\"lattes-mostrou-que-o-brasil-podia-participar-da-pesquisa-de-ponta-feita-pelo-mundo\" style=\"text-align: center;\"><span style=\"color: #800000;\"><em>\u201cLattes mostrou que o Brasil podia participar da pesquisa de ponta feita pelo mundo.\u201d<\/em><\/span><\/h4>\n<p>&nbsp;<\/p>\n<p>M\u00e1rio Novello, tamb\u00e9m pesquisador em\u00e9rito do CBPF, relata que trabalhou bem pr\u00f3ximo de Lattes por muitos anos e que, inclusive, escreveu um livro intitulado <em>\u201cOs Cientistas da Minha Forma\u00e7\u00e3o\u201d<\/em> (Livraria da F\u00edsica, 2016), em que comenta detalhes de sua conviv\u00eancia com o cientista. Para ele, Lattes mudou o pensamento mundial de que o Brasil n\u00e3o era entendido como um pa\u00eds onde havia uma ci\u00eancia fundamental importante. M\u00e1rio Novello ainda comenta que Lattes foi figura fundamental na idealiza\u00e7\u00e3o e funda\u00e7\u00e3o do CBPF e \u00e9 uma figura marcante por \u201csempre se aprofundar nos temas e pensar grande, procurando sempre alargar as fronteiras que lhes eram impostas, fossem essas fronteiras de natureza t\u00e9cnica, pol\u00edtica ou social\u201d. Segundo o professor, Lattes gostava de quem tinha genu\u00edno interesse pelas leis da natureza, sem as pomposas \u201cfrescuras\u201d que eram frequentes no meio cient\u00edfico.<\/p>\n<p>Hoje vinculado ao <span style=\"color: #800000;\"><a style=\"color: #800000;\" href=\"https:\/\/www.gov.br\/mcti\/pt-br\"><strong>Minist\u00e9rio da Ci\u00eancia, Tecnologia e Inova\u00e7\u00f5es (MCTI)<\/strong><\/a><\/span>, o CBPF \u00e9 um instituto de excel\u00eancia com colabora\u00e7\u00f5es cient\u00edficas internacionais, como o <span style=\"color: #800000;\"><a style=\"color: #800000;\" href=\"Centro%2520Europeu%2520de%2520Pesquisas%2520Nucleares%2520(CERN)\"><strong>Centro Europeu de Pesquisas Nucleares (CERN)<\/strong><\/a><\/span>, na Su\u00ed\u00e7a, do <span style=\"color: #800000;\"><a style=\"color: #800000;\" href=\"https:\/\/www.fnal.gov\/\"><strong>Laborat\u00f3rio Fermi (Fermilab)<\/strong><\/a><\/span>, nos Estados Unidos, entre outros. No CBPF, foram concebidos o Conselho Nacional de Desenvolvimento Cient\u00edfico e Tecnol\u00f3gico (CNPq), o <span style=\"color: #800000;\"><a style=\"color: #800000;\" href=\"Instituto%2520Nacional%2520de%2520Matem%25C3%25A1tica%2520Pura%2520e%2520Aplicada%2520(IMPA)\"><strong>Instituto Nacional de Matem\u00e1tica Pura e Aplicada (IMPA)<\/strong><\/a><\/span>, o <span style=\"color: #800000;\"><a style=\"color: #800000;\" href=\"Laborat%25C3%25B3rio%2520Nacional%2520de%2520Computa%25C3%25A7%25C3%25A3o%2520Cient%25C3%25ADfica%2520(LNCC)\"><strong>Laborat\u00f3rio Nacional de Computa\u00e7\u00e3o Cient\u00edfica (LNCC)<\/strong><\/a><\/span>, e o <span style=\"color: #800000;\"><a style=\"color: #800000;\" href=\"https:\/\/lnls.cnpem.br\/\"><strong>Laborat\u00f3rio Nacional de Luz S\u00edncrotron (LNLS)<\/strong><\/a><\/span>. Odilon A. P. Tavares, pesquisador titular do CBPF, apresenta os detalhes das conquistas do centro em <strong>texto escrito para a comemora\u00e7\u00e3o dos 60 anos do instituto<\/strong>, em 2009.<\/p>\n<p>&nbsp;<\/p>\n<h4 id=\"instituto-de-fisica-ufrj\"><strong>Instituto de F\u00edsica &#8211; UFRJ <\/strong><\/h4>\n<p>Na mesma \u00e9poca da cria\u00e7\u00e3o do CBPF, foi sugerida a cria\u00e7\u00e3o de uma c\u00e1tedra para na Universidade Federal do Rio de Janeiro (UFRJ). Erasmo Ferreira, professor em\u00e9rito do IF-UFRJ e um dos pioneiros da f\u00edsica de part\u00edculas no pa\u00eds, conta sobre os anos que Lattes lecionou na UFRJ e sua colabora\u00e7\u00e3o para o primeiro laborat\u00f3rio de programa de pesquisa do Instituto de F\u00edsica. \u201cA passagem de Lattes pela UFRJ foi uma \u00e9poca de colabora\u00e7\u00e3o para forma\u00e7\u00e3o de pessoas. Ele soube usar da fama adquirida para ser uma refer\u00eancia e uma inspira\u00e7\u00e3o para os futuros f\u00edsicos. Eu lembro que fiquei empolgado com a super descoberta dele e fui fazer f\u00edsica na universidade influenciado por isso\u201d, conta.<\/p>\n<p>Erasmo Ferreira relembra como Lattes era um mito para os jovens estudantes. Segundo ele, isso se d\u00e1 por uma combina\u00e7\u00e3o de v\u00e1rios fatores: uma descoberta important\u00edssima para a \u00e1rea, alinhada com um momento hist\u00f3rico p\u00f3s-guerra em que havia interesse mundial no estudo a F\u00edsica Nuclear e uma alta valoriza\u00e7\u00e3o da ci\u00eancia que respingou no Brasil com uma vontade grande do governo brasileiro de investir em novos centros e institutos.<\/p>\n<p>&nbsp;<\/p>\n<h4 id=\"ele-soube-usar-da-fama-adquirida-para-ser-uma-referencia-e-uma-inspiracao-para-os-futuros-fisicos\" style=\"text-align: center;\"><span style=\"color: #800000;\"><em>\u201cEle soube usar da fama adquirida para ser uma refer\u00eancia e uma inspira\u00e7\u00e3o para os futuros f\u00edsicos.\u201d<\/em><\/span><\/h4>\n<p>&nbsp;<\/p>\n<p>Ap\u00f3s essa breve passagem, Cesar Lattes foi convidado por M\u00e1rio Schenberg para um posto provis\u00f3rio no Instituto de F\u00edsica da Universidade de S\u00e3o Paulo (USP). Posteriormente, montou um grupo de pesquisa sobre raios c\u00f3smicos na universidade. Em 1962 iniciou-se a Colabora\u00e7\u00e3o Brasil-Jap\u00e3o de Raios C\u00f3smicos, que perdurou por anos.<\/p>\n<p>&nbsp;<\/p>\n<h4 id=\"instituto-de-fisica-gleb-wataghin-unicamp\"><strong>Instituto de F\u00edsica Gleb Wataghin &#8211; Unicamp<\/strong><\/h4>\n<p>Cesar Lattes mudou-se para Campinas ap\u00f3s aceitar o convite da Universidade Estadual de Campinas (Unicamp) e transferiu para a cidade n\u00e3o s\u00f3 todo o seu grupo de pesquisa, como tamb\u00e9m a colabora\u00e7\u00e3o entre Brasil e Jap\u00e3o.<\/p>\n<p>O professor aposentado do IFGW da Unicamp, Edison Shibuya, foi colega e amigo do cientista por quase 30 anos. Ele conta que a presen\u00e7a de Lattes no IFGW trouxe visibilidade para o Instituto, al\u00e9m de contribuir para constru\u00e7\u00f5es de infraestrutura para pesquisas. \u201cLattes poderia fazer a carreira cient\u00edfica no exterior, em qualquer pa\u00eds, mas preferiu voltar para o Brasil. Ele queria ajudar a desenvolver o pa\u00eds, pois uma de suas maiores caracter\u00edsticas era o patriotismo. Era um amor inimagin\u00e1vel\u201d, relembra. Segundo Edison Shibuya, Lattes voltou ao Brasil com credibilidade para contribuir no desenvolvimento da F\u00edsica no pa\u00eds.<\/p>\n<p>&nbsp;<\/p>\n<h4 id=\"lattes-poderia-fazer-a-carreira-cientifica-no-exterior-em-qualquer-pais-mas-preferiu-voltar-para-o-brasil\" style=\"text-align: center;\"><span style=\"color: #800000;\"><em>\u201cLattes poderia fazer a carreira cient\u00edfica no exterior, em qualquer pa\u00eds, mas preferiu voltar para o Brasil.\u201d<\/em><\/span><\/h4>\n<p>&nbsp;<\/p>\n<p>Sobre suas outras atividades no IFGW, o professor comenta que \u201cele ensinava de uma forma muito diferente da tradicional. Apresentava uma quest\u00e3o e perguntava a opini\u00e3o dos alunos sobre, depois conduzia aquela opini\u00e3o a virar uma verdade cient\u00edfica ou mostrar-se incorreta. Ele fazia os alunos chegarem \u00e0s suas pr\u00f3prias conclus\u00f5es em sala de aula\u201d. (Figura 2)<\/p>\n<h6 id=\"figura-2-o-reitor-da-unicamp-brito-cruz-entrega-a-cesar-lattes-os-titulos-de-professor-emerito-e-de-doutor-honoris-causa-que-lhe-foram-conferidos-pela-unicamp-em-1986-fonte-unicamp-arquivo-rep\" style=\"text-align: center;\"><img loading=\"lazy\" class=\"aligncenter wp-image-5575\" src=\"https:\/\/revistacienciaecultura.org.br\/wp-content\/uploads\/2024\/03\/CC-1E24-reportagem-Cesar-Lattes-e-os-Institutos-e-Laborato\u0301rios-Brasileiros-figura2-300x199.jpg\" alt=\"\" width=\"500\" height=\"332\" srcset=\"https:\/\/revistacienciaecultura.org.br\/wp-content\/uploads\/2024\/03\/CC-1E24-reportagem-Cesar-Lattes-e-os-Institutos-e-Laborato\u0301rios-Brasileiros-figura2-300x199.jpg 300w, https:\/\/revistacienciaecultura.org.br\/wp-content\/uploads\/2024\/03\/CC-1E24-reportagem-Cesar-Lattes-e-os-Institutos-e-Laborato\u0301rios-Brasileiros-figura2-1024x680.jpg 1024w, https:\/\/revistacienciaecultura.org.br\/wp-content\/uploads\/2024\/03\/CC-1E24-reportagem-Cesar-Lattes-e-os-Institutos-e-Laborato\u0301rios-Brasileiros-figura2-768x510.jpg 768w, https:\/\/revistacienciaecultura.org.br\/wp-content\/uploads\/2024\/03\/CC-1E24-reportagem-Cesar-Lattes-e-os-Institutos-e-Laborato\u0301rios-Brasileiros-figura2-18x12.jpg 18w, https:\/\/revistacienciaecultura.org.br\/wp-content\/uploads\/2024\/03\/CC-1E24-reportagem-Cesar-Lattes-e-os-Institutos-e-Laborato\u0301rios-Brasileiros-figura2-800x531.jpg 800w, https:\/\/revistacienciaecultura.org.br\/wp-content\/uploads\/2024\/03\/CC-1E24-reportagem-Cesar-Lattes-e-os-Institutos-e-Laborato\u0301rios-Brasileiros-figura2.jpg 1041w\" sizes=\"(max-width: 500px) 100vw, 500px\" \/><br \/>\n<strong>Figura 2. O reitor da Unicamp, Brito Cruz, entrega a Cesar Lattes os t\u00edtulos de Professor Em\u00e9rito e de Doutor Honoris Causa que lhe foram conferidos pela Unicamp em 1986.<br \/>\n<\/strong>(Fonte: Unicamp\/ Arquivo. Reprodu\u00e7\u00e3o)<\/h6>\n<p>&nbsp;<\/p>\n<p>O Instituto de F\u00edsica Gleb Wataghin (IFGW) iniciou suas atividades em 1967. O Departamento de Raios C\u00f3smicos e Cronologia \u00e9 o mais antigo do Instituto e foi fundado por Lattes quando suas atividades se centravam no seu grupo de pesquisa. Anderson Fauth, professor do Instituto de F\u00edsica Gleb Wataghin da Unicamp, teve seu mestrado orientado em boa parte por Lattes e comenta como ele era um homem com total devo\u00e7\u00e3o \u00e0 pesquisa, sem pretens\u00f5es pol\u00edticas a cargos administrativos das universidades. \u201cEra um cientista refer\u00eancia com destaque na m\u00eddia. Acredito que o apelo popular que ele trouxe contribuiu para trazer recursos e construir tantas institui\u00e7\u00f5es de pesquisa na \u00e1rea\u201d.<\/p>\n<p>Carola Dobrigkeit Chinellato, tamb\u00e9m professora do Instituto de F\u00edsica da Unicamp \u2013 e que est\u00e1 completando 50 anos na institui\u00e7\u00e3o \u2013 foi orientada por Lattes no doutorado e conta como ele era uma das pessoas de mais prest\u00edgio no rec\u00e9m-criado departamento de Raios C\u00f3smicos do IFGW. \u201cEle deixou muitos frutos para o Brasil, o seu grupo de estudos mant\u00e9m-se at\u00e9 hoje na Unicamp, com cada vez mais colabora\u00e7\u00f5es internacionais. Ele soube aproveitar sua fama de uma forma muito positiva, canalizando recursos, visibilidade e rela\u00e7\u00f5es com outros pa\u00edses para colocar o Brasil no radar do mundo em pesquisas f\u00edsicas\u201d, afirma.<\/p>\n<p>&nbsp;<\/p>\n<h6 id=\"capa-seminario-de-cesar-lattes-no-instituto-de-fisica-da-usp-em-1980-fonte-sbfisica-org-arquivo-reproducao\"><strong>Capa. Semin\u00e1rio de Cesar Lattes no Instituto de F\u00edsica da USP em 1980.<br \/>\n<\/strong>(Fonte: SBFisica.org\/ Arquivo. Reprodu\u00e7\u00e3o)<\/h6>\n<hr \/>\n<h6 id=\"http-dx-doi-org-10-5935-2317-6660-20240011\"><span style=\"color: #808080;\"><a style=\"color: #808080;\" href=\"http:\/\/dx.doi.org\/10.5935\/2317-6660.20240011\" target=\"_blank\" rel=\"noopener\">http:\/\/dx.doi.org\/10.5935\/2317-6660.20240011<\/a><\/span><\/h6>\n","protected":false},"excerpt":{"rendered":"Al\u00e9m de grandes contribui\u00e7\u00f5es para a f\u00edsica, Cesar Lattes era um l\u00edder&hellip;\n","protected":false},"author":86,"featured_media":5576,"comment_status":"open","ping_status":"open","sticky":false,"template":"","format":"standard","meta":[],"categories":[51],"tags":[],"acf":[],"_links":{"self":[{"href":"https:\/\/revistacienciaecultura.org.br\/index.php?rest_route=\/wp\/v2\/posts\/5573"}],"collection":[{"href":"https:\/\/revistacienciaecultura.org.br\/index.php?rest_route=\/wp\/v2\/posts"}],"about":[{"href":"https:\/\/revistacienciaecultura.org.br\/index.php?rest_route=\/wp\/v2\/types\/post"}],"author":[{"embeddable":true,"href":"https:\/\/revistacienciaecultura.org.br\/index.php?rest_route=\/wp\/v2\/users\/86"}],"replies":[{"embeddable":true,"href":"https:\/\/revistacienciaecultura.org.br\/index.php?rest_route=%2Fwp%2Fv2%2Fcomments&post=5573"}],"version-history":[{"count":6,"href":"https:\/\/revistacienciaecultura.org.br\/index.php?rest_route=\/wp\/v2\/posts\/5573\/revisions"}],"predecessor-version":[{"id":7115,"href":"https:\/\/revistacienciaecultura.org.br\/index.php?rest_route=\/wp\/v2\/posts\/5573\/revisions\/7115"}],"wp:featuredmedia":[{"embeddable":true,"href":"https:\/\/revistacienciaecultura.org.br\/index.php?rest_route=\/wp\/v2\/media\/5576"}],"wp:attachment":[{"href":"https:\/\/revistacienciaecultura.org.br\/index.php?rest_route=%2Fwp%2Fv2%2Fmedia&parent=5573"}],"wp:term":[{"taxonomy":"category","embeddable":true,"href":"https:\/\/revistacienciaecultura.org.br\/index.php?rest_route=%2Fwp%2Fv2%2Fcategories&post=5573"},{"taxonomy":"post_tag","embeddable":true,"href":"https:\/\/revistacienciaecultura.org.br\/index.php?rest_route=%2Fwp%2Fv2%2Ftags&post=5573"}],"curies":[{"name":"wp","href":"https:\/\/api.w.org\/{rel}","templated":true}]}}