{"id":5579,"date":"2024-03-07T07:54:27","date_gmt":"2024-03-07T07:54:27","guid":{"rendered":"https:\/\/revistacienciaecultura.org.br\/?p=5579"},"modified":"2024-09-18T13:06:21","modified_gmt":"2024-09-18T13:06:21","slug":"plataforma-lattes-pioneirismo-que-se-funde-com-a-historia-da-ciencia-nacional","status":"publish","type":"post","link":"https:\/\/revistacienciaecultura.org.br\/?p=5579","title":{"rendered":"Plataforma Lattes: pioneirismo que se funde com a hist\u00f3ria da ci\u00eancia nacional"},"content":{"rendered":"<h4 id=\"com-primordios-na-decada-de-1980-sistema-e-referencia-internacional-de-documentacao-cientifica\"><span style=\"color: #808080;\">Com prim\u00f3rdios na d\u00e9cada de 1980, sistema \u00e9 refer\u00eancia internacional de documenta\u00e7\u00e3o cient\u00edfica<\/span><\/h4>\n<p>&nbsp;<\/p>\n<p>Prestes a completar 25 anos de hist\u00f3ria, a <span style=\"color: #800000;\"><a style=\"color: #800000;\" href=\"https:\/\/lattes.cnpq.br\/\"><strong>Plataforma Lattes<\/strong><\/a><\/span> \u00e9 um dos principais bancos de informa\u00e7\u00f5es sobre quem fez e faz ci\u00eancia no Brasil. Com cerca de oito milh\u00f5es de curr\u00edculos\u00a0 registrados, entre estudantes, t\u00e9cnicos e pesquisadores, centenas de dados sobre pesquisas, grupos de estudos e institui\u00e7\u00f5es de Ci\u00eancia e Tecnologia (C&amp;T), essa esp\u00e9cie de vitrine acad\u00eamica n\u00e3o apenas organiza e disponibiliza dados, mas tamb\u00e9m preserva, de forma sistematizada, mais de duas d\u00e9cadas de progresso cient\u00edfico nacional, com ramifica\u00e7\u00f5es internacionais ao redor de todo globo. Com tamanha relev\u00e2ncia no cen\u00e1rio de C&amp;T, discutir o passado da plataforma, assim como as perspectivas futuras, \u00e9 essencial para permitir que ela continue crescendo junto com a ci\u00eancia \u2013 e atendendo \u00e0s demandas de uma sociedade cada vez mais dependente desses pilares.<\/p>\n<p>Entender as origens da Plataforma Lattes \u00e9 viajar para o passado e aterrissar na d\u00e9cada de 1980, quando os registros sobre a carreira de pesquisadores e estudantes eram guardados em arquivos f\u00edsicos em meio a diversos outros documentos. Esse modo de organiza\u00e7\u00e3o, anterior \u00e0 populariza\u00e7\u00e3o dos arquivos digitais, foi capaz de alimentar o fazer cient\u00edfico por v\u00e1rios anos, mas se tornou um problema na medida em que as pilhas de papel cresciam junto com o n\u00famero de informa\u00e7\u00f5es. Mergulhados em meio a centenas de folhas e pastas, os dados necess\u00e1rios para dar andamento a processos burocr\u00e1ticos eram dif\u00edceis de encontrar e tornavam pr\u00e1ticas cotidianas, como a concess\u00e3o de bolsas, extremamente demoradas. Foi nesse cen\u00e1rio que o <span style=\"color: #800000;\"><a style=\"color: #800000;\" href=\"https:\/\/www.gov.br\/cnpq\/pt-br\"><strong>Conselho Nacional de Desenvolvimento Cient\u00edfico e Tecnol\u00f3gico (CNPq)<\/strong><\/a><\/span> notou a necessidade de remodelar o sistema e criar novas estrat\u00e9gias mais eficientes para o armazenamento de informa\u00e7\u00f5es. Esse foi o pontap\u00e9 inicial para a cria\u00e7\u00e3o da Plataforma Lattes.<\/p>\n<p>Os primeiros passos da plataforma foram bem distantes do banco de registros on-line e tecnol\u00f3gico a que temos acesso hoje. O bisav\u00f4 desse sistema foi um Banco de Curr\u00edculos nos anos 1980 que contava com formul\u00e1rios de capta\u00e7\u00e3o em papel e etapas posteriores de digita\u00e7\u00e3o, misturando o f\u00edsico e o digital. J\u00e1 no final da d\u00e9cada de 1980, o CNPq passou a utilizar a rede BITNET, precursora da Internet no Brasil, para disponibilizar a base de curr\u00edculos \u2013 composta, na \u00e9poca, por cerca de 30 mil deles \u2013 para as institui\u00e7\u00f5es de pesquisa. A cria\u00e7\u00e3o de um formul\u00e1rio eletr\u00f4nico, no entanto, s\u00f3 se deu nos anos 1990 e consistia no envio de disquetes, pelos pr\u00f3prios pesquisadores, contendo as informa\u00e7\u00f5es que seriam carregadas na base de dados pela equipe do CNPq. Pouco depois, o Conselho decidiu, com uma colabora\u00e7\u00e3o entre o Governo, Universidades e empresas, utilizar os conhecimentos mais avan\u00e7ados em inform\u00e1tica do final do mil\u00eanio para desenvolver um novo curr\u00edculo totalmente on-line e capaz de integrar todas as vers\u00f5es j\u00e1 existentes. Assim, em agosto de 1999, o CNPq lan\u00e7ou o Curr\u00edculo Lattes como \u00fanico modelo a ser utilizado no \u00e2mbito do Minist\u00e9rio da Ci\u00eancia e Tecnologia e do CNPq.<\/p>\n<p>&nbsp;<\/p>\n<h4 id=\"essa-especie-de-vitrine-academica-nao-apenas-organiza-e-disponibiliza-dados-mas-tambem-preserva-de-forma-sistematizada-mais-de-duas-decadas-de-progresso-cientifico-nacional-com-ramificaco\" style=\"text-align: center;\"><span style=\"color: #800000;\"><em>\u201cEssa esp\u00e9cie de vitrine acad\u00eamica n\u00e3o apenas organiza e disponibiliza dados, mas tamb\u00e9m preserva, de forma sistematizada, mais de duas d\u00e9cadas de progresso cient\u00edfico nacional, com ramifica\u00e7\u00f5es internacionais ao redor de todo globo.\u201d <\/em><\/span><\/h4>\n<p>&nbsp;<\/p>\n<p>O novo formato permitiu organizar a produ\u00e7\u00e3o cient\u00edfica nacional de forma in\u00e9dita, evitando documentos duplicados, perdidos ou rasurados, por exemplo. Com o sistema Lattes, os pesquisadores passaram a acompanhar a pr\u00f3pria trajet\u00f3ria com mais autonomia, as ag\u00eancias passaram a receber informa\u00e7\u00f5es padronizadas com mais qualidade e as consultas para processos burocr\u00e1ticos tiveram seus prazos reduzidos. Virg\u00ednia Bentes Pinto, professora do Departamento de Ci\u00eancias da Informa\u00e7\u00e3o da <span style=\"color: #800000;\"><a style=\"color: #800000;\" href=\"https:\/\/www.ufc.br\/\"><strong>Universidade Federal do Cear\u00e1 (UFC)<\/strong><\/a><\/span>, relembra que a ideia da plataforma era promissora desde o princ\u00edpio. \u201cLogo que tomei conhecimento, me cadastrei, pois vi que era um sistema que evidenciava nossas pesquisas e outras a\u00e7\u00f5es na Universidade\u201d, explica a pesquisadora, que tamb\u00e9m destaca que a unifica\u00e7\u00e3o ajudou a agilizar a rotina da academia: \u201cn\u00e3o havia mais a necessidade de fazer um curr\u00edculo novo a cada atua\u00e7\u00e3o que precis\u00e1vamos participar, como as confer\u00eancias\u201d, completa.<\/p>\n<p>&nbsp;<\/p>\n<h4 id=\"cesar-lattes-o-fisico-que-da-nome-a-plataforma\"><strong>Cesar Lattes: o f\u00edsico que d\u00e1 nome \u00e0 plataforma<\/strong><\/h4>\n<p>Nas entrelinhas da constru\u00e7\u00e3o da Plataforma Lattes, uma meta em especial pareceu se destacar: ajudar a construir a ci\u00eancia no Brasil. N\u00e3o por acaso o sistema foi, ent\u00e3o, nomeado como uma homenagem a um cientista brasileiro que colaborou para o desenvolvimento da F\u00edsica no pa\u00eds e para a dissemina\u00e7\u00e3o da ci\u00eancia latino-americana, Cesar Lattes. (Figura 1)<\/p>\n<h6 id=\"figura-1-cesar-lattes-toma-posse-como-presidente-do-conselho-diretor-do-conselho-nacional-de-pesquisas-atual-conselho-nacional-de-desenvolvimento-cientifico-e-tecnologico-cnpq-em-1951\" style=\"text-align: center;\"><img loading=\"lazy\" class=\"aligncenter wp-image-5580\" src=\"https:\/\/revistacienciaecultura.org.br\/wp-content\/uploads\/2024\/03\/CC-1E24-reportagem-Plataforma-Lattes-figur1-300x208.jpg\" alt=\"\" width=\"500\" height=\"347\" srcset=\"https:\/\/revistacienciaecultura.org.br\/wp-content\/uploads\/2024\/03\/CC-1E24-reportagem-Plataforma-Lattes-figur1-300x208.jpg 300w, https:\/\/revistacienciaecultura.org.br\/wp-content\/uploads\/2024\/03\/CC-1E24-reportagem-Plataforma-Lattes-figur1-1024x710.jpg 1024w, https:\/\/revistacienciaecultura.org.br\/wp-content\/uploads\/2024\/03\/CC-1E24-reportagem-Plataforma-Lattes-figur1-768x532.jpg 768w, https:\/\/revistacienciaecultura.org.br\/wp-content\/uploads\/2024\/03\/CC-1E24-reportagem-Plataforma-Lattes-figur1-1536x1065.jpg 1536w, https:\/\/revistacienciaecultura.org.br\/wp-content\/uploads\/2024\/03\/CC-1E24-reportagem-Plataforma-Lattes-figur1-18x12.jpg 18w, https:\/\/revistacienciaecultura.org.br\/wp-content\/uploads\/2024\/03\/CC-1E24-reportagem-Plataforma-Lattes-figur1-800x554.jpg 800w, https:\/\/revistacienciaecultura.org.br\/wp-content\/uploads\/2024\/03\/CC-1E24-reportagem-Plataforma-Lattes-figur1-1160x804.jpg 1160w, https:\/\/revistacienciaecultura.org.br\/wp-content\/uploads\/2024\/03\/CC-1E24-reportagem-Plataforma-Lattes-figur1.jpg 1691w\" sizes=\"(max-width: 500px) 100vw, 500px\" \/><br \/>\n<strong>Figura 1. Cesar Lattes toma posse como presidente do Conselho Diretor do Conselho Nacional de Pesquisas (atual Conselho Nacional de Desenvolvimento Cient\u00edfico e Tecnol\u00f3gico \u2013 CNPq), em 1951.<br \/>\n<\/strong>(Fonte: Arquivo Nacional\/ Fundo Ag\u00eancia Nacional. Reprodu\u00e7\u00e3o)<\/h6>\n<p>&nbsp;<\/p>\n<p>\u201cCesar Lattes foi o cientista brasileiro que recebeu mais indica\u00e7\u00f5es para o Pr\u00eamio Nobel. Foram sete no per\u00edodo de 1949 a 1954, todas elas feitas por cientistas de outros pa\u00edses que tiveram contato com Lattes nos anos anteriores\u201d, explica Jos\u00e9 Eymard Homem Pittella, professor aposentado da Faculdade de Medicina da <a href=\"https:\/\/ufmg.br\/\"><strong><span style=\"color: #800000;\">Universidade Federal de Minas Gerais (UFMG)<\/span><\/strong><\/a> e autor do artigo <em>\u201c<\/em><span style=\"color: #800000;\"><a style=\"color: #800000;\" href=\"https:\/\/www.scielo.br\/j\/hcsm\/a\/WkT8N5cJwvRDs4pxsSwFGjM\/\"><strong><em>O banco de dados do Pr\u00eamio Nobel como indicador da internacionaliza\u00e7\u00e3o da ci\u00eancia brasileira entre 1901 e 1966<\/em><\/strong><\/a><\/span><em>\u201d<\/em>, publicado em 2018 na revista Hist\u00f3ria, Ci\u00eancias, Sa\u00fade \u2013 Manguinhos.<\/p>\n<p>As nomea\u00e7\u00f5es para Lattes foram feitas como reconhecimento a um dos marcos mais importantes da carreira do f\u00edsico, a descoberta do m\u00e9son pi, ou p\u00edon, uma part\u00edcula subat\u00f4mica que atua como uma \u201ccola\u201d dentro dos \u00e1tomos, mantendo coeso o n\u00facleo at\u00f4mico. Com o grupo de pesquisas ingl\u00eas do qual participava, Lattes foi um dos principais respons\u00e1veis pelos primeiros registros dos p\u00edons. Embora suas contribui\u00e7\u00f5es tenham sido essenciais para esse feito e o n\u00famero de indica\u00e7\u00f5es impressione, Lattes nunca foi agraciado com o pr\u00eamio Nobel. \u201cDos tr\u00eas principais pesquisadores da descoberta e do aperfei\u00e7oamento do novo m\u00e9todo fotogr\u00e1fico para o estudo e a descoberta dos m\u00e9sons, Lattes foi o menos reconhecido pela comunidade cient\u00edfica internacional, inclusive pelo pr\u00f3prio chefe do laborat\u00f3rio onde trabalhou\u201d, comenta Jos\u00e9 Pitella, professor aposentado da Faculdade de Medicina da Universidade Federal de Minas Gerais (UFMG), que completa dizendo que isso pode ter acontecido como consequ\u00eancia da pouca idade de Lattes na \u00e9poca dos estudos e da proveni\u00eancia sul-americana do f\u00edsico, marcada por um pa\u00eds com pouca tradi\u00e7\u00e3o cient\u00edfica na \u00e1rea de f\u00edsica na \u00e9poca das indica\u00e7\u00f5es.<\/p>\n<p>&nbsp;<\/p>\n<h4 id=\"o-sistema-foi-nomeado-como-uma-homenagem-ao-cientista-brasileiro-que-colaborou-para-o-desenvolvimento-da-fisica-no-pais-e-para-a-disseminacao-da-ciencia-latino-americana\" style=\"text-align: center;\"><span style=\"color: #800000;\"><em>\u201cO sistema foi nomeado como uma homenagem ao cientista brasileiro que colaborou para o desenvolvimento da F\u00edsica no pa\u00eds e para a dissemina\u00e7\u00e3o da ci\u00eancia latino-americana.\u201d<\/em><\/span><\/h4>\n<p>&nbsp;<\/p>\n<p>Na d\u00e9cada de 1990, quando a Plataforma Lattes foi lan\u00e7ada, as contribui\u00e7\u00f5es de Cesar Lattes j\u00e1 marcavam a hist\u00f3ria do pa\u00eds como um exemplo de destaque internacional para a ci\u00eancia feita por brasileiros \u2013 uma caracter\u00edstica que, posteriormente, tamb\u00e9m seria usada para descrever a atua\u00e7\u00e3o desse sistema digital rec\u00e9m-lan\u00e7ado de informa\u00e7\u00f5es sobre C&amp;T.<\/p>\n<p>&nbsp;<\/p>\n<h4 id=\"plataforma-lattes-e-a-ciencia-em-2024\"><strong>Plataforma Lattes e a ci\u00eancia em 2024<\/strong><\/h4>\n<p>Um salto de duas d\u00e9cadas e meia no tempo traz a Plataforma Lattes ao modelo que conhecemos hoje. O curr\u00edculo Lattes, implementado em 1999, se tornou um padr\u00e3o em todo o pa\u00eds por descrever, em um \u00fanico documento, projetos de pesquisa, atividades de extens\u00e3o, publica\u00e7\u00f5es, colabora\u00e7\u00f5es e quaisquer outras a\u00e7\u00f5es realizadas durante a carreira de pessoas envolvidas no meio cient\u00edfico e tecnol\u00f3gico desde a Inicia\u00e7\u00e3o Cient\u00edfica at\u00e9 a p\u00f3s-gradua\u00e7\u00e3o e a atua\u00e7\u00e3o profissional.<\/p>\n<p>Al\u00e9m do sistema de curr\u00edculos, dados de 2019 mostram registros completos e sistematizados de mais de 41 mil grupos de pesquisa, 24 mil institui\u00e7\u00f5es e um amplo reposit\u00f3rio sobre projetos financiados pelo CNPq. As informa\u00e7\u00f5es abrigadas no portal auxiliam a\u00e7\u00f5es de planejamento, gest\u00e3o e operacionaliza\u00e7\u00e3o do fomento a n\u00edvel federal e estadual, e t\u00eam papel decisivo para a formula\u00e7\u00e3o das pol\u00edticas de \u00f3rg\u00e3os como o Minist\u00e9rio de Ci\u00eancia e Tecnologia (MCTI) e para a an\u00e1lise de m\u00e9rito e compet\u00eancia de C&amp;T em uma esfera nacional. \u201cA Plataforma Lattes \u00e9 considerada um patrim\u00f4nio nacional de informa\u00e7\u00e3o cient\u00edfica e acad\u00eamica devido \u00e0 sua ampla ado\u00e7\u00e3o e utiliza\u00e7\u00e3o no Brasil\u201d, destaca Jes\u00fas Pascual Mena-Chalco, doutor em Ci\u00eancia da Computa\u00e7\u00e3o e pesquisador da <span style=\"color: #800000;\"><a style=\"color: #800000;\" href=\"https:\/\/www.ufabc.edu.br\/\"><strong>Universidade Federal do ABC (UFABC)<\/strong><\/a><\/span>. \u201cNos projetos em que estou envolvido, ela representa uma das bases mais significativas que utilizamos como insumo para o estudo da ci\u00eancia, uma fonte prim\u00e1ria para a extra\u00e7\u00e3o de dados e subsequente an\u00e1lise\u201d, completa. (Figura 2)<\/p>\n<h6 id=\"figura-2-a-plataforma-lattes-em-numerosfonte-cnpq-reproducao\" style=\"text-align: center;\"><img loading=\"lazy\" class=\"aligncenter wp-image-5581\" src=\"https:\/\/revistacienciaecultura.org.br\/wp-content\/uploads\/2024\/03\/CC-1E24-reportagem-Plataforma-Lattes-figur2-300x200.jpg\" alt=\"\" width=\"500\" height=\"334\" srcset=\"https:\/\/revistacienciaecultura.org.br\/wp-content\/uploads\/2024\/03\/CC-1E24-reportagem-Plataforma-Lattes-figur2-300x200.jpg 300w, https:\/\/revistacienciaecultura.org.br\/wp-content\/uploads\/2024\/03\/CC-1E24-reportagem-Plataforma-Lattes-figur2-768x513.jpg 768w, https:\/\/revistacienciaecultura.org.br\/wp-content\/uploads\/2024\/03\/CC-1E24-reportagem-Plataforma-Lattes-figur2-18x12.jpg 18w, https:\/\/revistacienciaecultura.org.br\/wp-content\/uploads\/2024\/03\/CC-1E24-reportagem-Plataforma-Lattes-figur2-800x534.jpg 800w, https:\/\/revistacienciaecultura.org.br\/wp-content\/uploads\/2024\/03\/CC-1E24-reportagem-Plataforma-Lattes-figur2.jpg 1014w\" sizes=\"(max-width: 500px) 100vw, 500px\" \/><br \/>\n<strong>Figura 2. A plataforma Lattes em n\u00fameros<br \/>\n<\/strong>(Fonte: CNPq. Reprodu\u00e7\u00e3o)<\/h6>\n<p>&nbsp;<\/p>\n<p>Para Jos\u00e9 Pittella, o sistema criado pelo CNPq vem se mostrando cada vez mais uma iniciativa de \u00eaxito para a organiza\u00e7\u00e3o das informa\u00e7\u00f5es sobre C&amp;T no Brasil. \u201cA Plataforma Lattes est\u00e1 cumprindo sua miss\u00e3o de registrar e disponibilizar on-line, de forma abrangente, objetiva e detalhada, a produ\u00e7\u00e3o cient\u00edfica brasileira\u201d, diz. De fato, esse sucesso pode ser mensurado de diferentes maneiras. Segundo as pesquisas de Jos\u00e9 Pitella, os dados contidos no site foram visualizados mais de 216 milh\u00f5es de vezes em 2022 e cerca de 24 mil curr\u00edculos foram atualizados por dia ao longo do mesmo ano, ilustrando a grande ader\u00eancia da comunidade cient\u00edfica \u00e0s ferramentas disponibilizadas pela plataforma.<\/p>\n<p>O sucesso do sistema Lattes transcendeu fronteiras e, em mar\u00e7o de 2010, <span style=\"color: #800000;\"><a style=\"color: #800000;\" href=\"https:\/\/www.nature.com\/articles\/464488a\"><strong>foi citado<\/strong><\/a><\/span> pela revista cient\u00edfica Nature como \u201cum exemplo poderoso de boas pr\u00e1ticas\u201d e \u201cum dos bancos de dados de pesquisadores mais limpos que existem\u201d. Ao analisar as m\u00e9tricas cedidas pela pr\u00f3pria plataforma, a admira\u00e7\u00e3o internacional tamb\u00e9m se traduz em n\u00fameros: em 2024, cerca de 7% dos curr\u00edculos cadastrados s\u00e3o de pesquisadores espalhados ao redor do globo em pa\u00edses como Portugal, Estados Unidos, Espanha, Fran\u00e7a, Paraguai e Inglaterra. \u201cEla est\u00e1 auxiliando na consolida\u00e7\u00e3o e dissemina\u00e7\u00e3o da ci\u00eancia produzida no Brasil\u201d, declara Jos\u00e9 Pitella. Jes\u00fas Pascual Mena-Chalco refor\u00e7a a import\u00e2ncia da dissemina\u00e7\u00e3o internacional desse servi\u00e7o. \u201cA plataforma serve como um exemplar e um paradigma sobre como as informa\u00e7\u00f5es cient\u00edficas podem ser centralizadas de maneira completa, o que n\u00e3o apenas facilita o acesso, mas tamb\u00e9m contribui para a visibilidade acad\u00eamica nacional\u201d, declara.<\/p>\n<p>&nbsp;<\/p>\n<h4 id=\"futuro-de-maos-dadas-com-a-ct\"><strong>Futuro de m\u00e3os dadas com a C&amp;T<\/strong><\/h4>\n<p>Embora a Plataforma Lattes represente uma iniciativa de sucesso que transformou o registro do passado e do presente da ci\u00eancia brasileira, o projeto conta com limita\u00e7\u00f5es e desafios que devem ser superados a fim de acompanhar os moldes cient\u00edficos e tecnol\u00f3gicos atuais. Segundo Jes\u00fas Mena-Chalco, um deles diz respeito ao modo como as informa\u00e7\u00f5es s\u00e3o incorporadas no banco de dados on-line, que depende de atualiza\u00e7\u00f5es constantes por parte dos pesquisadores e institutos. \u201cAcredito que h\u00e1 uma urg\u00eancia em estreitar a colabora\u00e7\u00e3o entre a equipe de desenvolvimento do CNPq e a academia para simplificar e aprimorar a coleta de dados de forma mais eficaz\u201d. O pesquisador destaca que\u00a0 algumas das quest\u00f5es relevantes que devem ser debatidas incluem como lidar com inconsist\u00eancias ou lacunas nos registros, como rastrear a trajet\u00f3ria profissional dos alunos ap\u00f3s a conclus\u00e3o acad\u00eamica e identificar membros de institui\u00e7\u00f5es e l\u00edderes de pesquisa em regi\u00f5es espec\u00edficas. Virg\u00ednia Bentes Pinto tamb\u00e9m cita alguns pontos que poderiam ser otimizados. \u201cPenso que tem coisas que precisam melhorar. Por exemplo, voc\u00ea apresenta uma comunica\u00e7\u00e3o em um evento cient\u00edfico e coloca no Lattes. Depois, quando saem os anais, voc\u00ea precisa repetir muita coisa que n\u00e3o precisaria, era s\u00f3 puxar do que j\u00e1 foi informado\u201d, declara a professora.<\/p>\n<p>&nbsp;<\/p>\n<h4 id=\"as-informacoes-abrigadas-no-portal-auxiliam-acoes-de-planejamento-gestao-e-operacionalizacao-do-fomento-a-nivel-federal-e-estadual\" style=\"text-align: center;\"><span style=\"color: #800000;\"><em>\u201cAs informa\u00e7\u00f5es abrigadas no portal auxiliam a\u00e7\u00f5es de planejamento, gest\u00e3o e operacionaliza\u00e7\u00e3o do fomento a n\u00edvel federal e estadual.\u201d<\/em><\/span><\/h4>\n<p>&nbsp;<\/p>\n<p>Ainda segundo o docente da UFABC, o aprimoramento da plataforma pode incluir uma facilita\u00e7\u00e3o nos processos de an\u00e1lise que utilizam os dados arquivados no sistema. \u201cAtualmente, o acesso total aos dados de todos os pesquisadores n\u00e3o \u00e9 completamente liberado. A Plataforma Lattes pode ser aprimorada para oferecer solu\u00e7\u00f5es que atendam \u00e0s demandas contempor\u00e2neas, como a identifica\u00e7\u00e3o de especialistas, estudos demogr\u00e1ficos na \u00e1rea cient\u00edfica e mobilidade acad\u00eamica, entre outras\u201d, explica o docente.<\/p>\n<p>Atualmente, Jes\u00fas Mena-Chalco participa de iniciativas realizadas em parceria com o CNPq para criar solu\u00e7\u00f5es que complementem as funcionalidades do sistema e respondam perguntas que a plataforma ainda n\u00e3o \u00e9 capaz de responder: o Ecossistema de Informa\u00e7\u00e3o da Pesquisa Cient\u00edfica Brasileira (<a href=\"https:\/\/brcris.ibict.br\/\"><strong><span style=\"color: #800000;\">BrCris<\/span><\/strong><\/a>) e o Projeto Laguna. Segundo o site do projeto, o BrCris, \u00e9 \u201cuma plataforma agregadora que permite recuperar, certificar e visualizar dados e informa\u00e7\u00f5es relativas aos diversos atores que atuam na pesquisa cient\u00edfica do contexto brasileiro\u201d. No portal do projeto, \u00e9 poss\u00edvel navegar entre milhares de publica\u00e7\u00f5es, pessoas, revistas, gr\u00e1ficos, patentes e outros componentes da C&amp;T nacional de forma simplificada, utilizando informa\u00e7\u00f5es contidas na Plataforma Lattes e em outros bancos de informa\u00e7\u00f5es. J\u00e1 o projeto Laguna visa a estrutura\u00e7\u00e3o de um reposit\u00f3rio amplo e centralizado para aumentar a visibilidade e o uso dos resultados de pesquisa dos bancos de dados. \u201cOs projetos BrCris e Laguna do CNPq permitir\u00e3o, entre outras coisas, ter um panorama melhor da ci\u00eancia brasileira, considerando como insumo os dados da Plataforma Lattes e fontes de dados secund\u00e1rias\u201d, conclui.<\/p>\n<p>&nbsp;<\/p>\n<h6 id=\"capa-o-curriculo-lattes-implementado-em-1999-se-tornou-um-padrao-em-todo-o-pais-por-reunir-projetos-de-pesquisa-atividades-de-extensao-publicacoes-colaboracoes-e-outras-acoes-realizadas-durante\"><strong>Capa. <\/strong><strong>O curr\u00edculo Lattes, implementado em 1999, se tornou um padr\u00e3o em todo o pa\u00eds por reunir projetos de pesquisa, atividades de extens\u00e3o, publica\u00e7\u00f5es, colabora\u00e7\u00f5es e outras a\u00e7\u00f5es realizadas durante a carreira de pessoas envolvidas no meio cient\u00edfico e tecnol\u00f3gico.<br \/>\n<\/strong>(Fonte: Unicamp\/ Arquivo. Reprodu\u00e7\u00e3o)<\/h6>\n<hr \/>\n<h6 id=\"http-dx-doi-org-10-5935-2317-6660-20240010\"><span style=\"color: #808080;\"><a style=\"color: #808080;\" href=\"http:\/\/dx.doi.org\/10.5935\/2317-6660.20240010\" target=\"_blank\" rel=\"noopener\">http:\/\/dx.doi.org\/10.5935\/2317-6660.20240010<\/a><\/span><\/h6>\n","protected":false},"excerpt":{"rendered":"Com prim\u00f3rdios na d\u00e9cada de 1980, sistema \u00e9 refer\u00eancia internacional de documenta\u00e7\u00e3o&hellip;\n","protected":false},"author":124,"featured_media":5584,"comment_status":"open","ping_status":"open","sticky":false,"template":"","format":"standard","meta":[],"categories":[51],"tags":[],"acf":[],"_links":{"self":[{"href":"https:\/\/revistacienciaecultura.org.br\/index.php?rest_route=\/wp\/v2\/posts\/5579"}],"collection":[{"href":"https:\/\/revistacienciaecultura.org.br\/index.php?rest_route=\/wp\/v2\/posts"}],"about":[{"href":"https:\/\/revistacienciaecultura.org.br\/index.php?rest_route=\/wp\/v2\/types\/post"}],"author":[{"embeddable":true,"href":"https:\/\/revistacienciaecultura.org.br\/index.php?rest_route=\/wp\/v2\/users\/124"}],"replies":[{"embeddable":true,"href":"https:\/\/revistacienciaecultura.org.br\/index.php?rest_route=%2Fwp%2Fv2%2Fcomments&post=5579"}],"version-history":[{"count":5,"href":"https:\/\/revistacienciaecultura.org.br\/index.php?rest_route=\/wp\/v2\/posts\/5579\/revisions"}],"predecessor-version":[{"id":7114,"href":"https:\/\/revistacienciaecultura.org.br\/index.php?rest_route=\/wp\/v2\/posts\/5579\/revisions\/7114"}],"wp:featuredmedia":[{"embeddable":true,"href":"https:\/\/revistacienciaecultura.org.br\/index.php?rest_route=\/wp\/v2\/media\/5584"}],"wp:attachment":[{"href":"https:\/\/revistacienciaecultura.org.br\/index.php?rest_route=%2Fwp%2Fv2%2Fmedia&parent=5579"}],"wp:term":[{"taxonomy":"category","embeddable":true,"href":"https:\/\/revistacienciaecultura.org.br\/index.php?rest_route=%2Fwp%2Fv2%2Fcategories&post=5579"},{"taxonomy":"post_tag","embeddable":true,"href":"https:\/\/revistacienciaecultura.org.br\/index.php?rest_route=%2Fwp%2Fv2%2Ftags&post=5579"}],"curies":[{"name":"wp","href":"https:\/\/api.w.org\/{rel}","templated":true}]}}