{"id":5585,"date":"2024-03-05T07:31:55","date_gmt":"2024-03-05T07:31:55","guid":{"rendered":"https:\/\/revistacienciaecultura.org.br\/?p=5585"},"modified":"2024-03-04T18:33:32","modified_gmt":"2024-03-04T18:33:32","slug":"sbpc-celebra-o-dia-internacional-das-mulheres-com-debates-sobre-o-futuro-da-ciencia-brasileira","status":"publish","type":"post","link":"https:\/\/revistacienciaecultura.org.br\/?p=5585","title":{"rendered":"SBPC celebra o Dia Internacional das Mulheres com debates sobre o futuro da ci\u00eancia brasileira"},"content":{"rendered":"<h4 id=\"com-transmissao-pelo-canal-da-entidade-no-youtube-as-atividades-serao-realizadas-nesta-sexta-feira-8-de-marco-das-9h30-as-12h\"><span style=\"color: #808080;\">Com transmiss\u00e3o pelo canal da entidade no YouTube, as atividades ser\u00e3o realizadas nesta sexta-feira, 8 de mar\u00e7o, das 9h30 \u00e0s 12h<\/span><\/h4>\n<p>&nbsp;<\/p>\n<p>A Sociedade Brasileira para o Progresso da Ci\u00eancia (SBPC) celebrar\u00e1 o Dia Internacional das Mulheres com uma manh\u00e3 repleta de discuss\u00f5es no evento\u00a0<strong>\u201cFalam as cientistas: a SBPC e o futuro da ci\u00eancia brasileira\u201d<\/strong>. A atividade ser\u00e1 realizada nesta sexta-feira, dia 8 de mar\u00e7o, das 9h30 \u00e0s 12h, com transmiss\u00e3o online\u00a0<span style=\"color: #800000;\"><strong><a style=\"color: #800000;\" href=\"https:\/\/www.youtube.com\/watch?v=AhMrhykK8Qw\" target=\"_blank\" rel=\"noopener\">pelo canal da SBPC no YouTube<\/a><\/strong><\/span>.<\/p>\n<p>Segundo Renato Janine Ribeiro, presidente da SBPC, a entidade, por meio de a\u00e7\u00f5es como esta, busca inspirar e promover um maior engajamento da sociedade com as quest\u00f5es de g\u00eanero no campo da ci\u00eancia. \u201cA SBPC surgiu como uma sociedade em prol da ci\u00eancia, tecnologia e inova\u00e7\u00e3o, mas sem deixar de lado assuntos importantes para a sociedade. Por isso, ao longo dos anos, acrescentou em sua luta quest\u00f5es como as \u00e9tnicas e de igualdade de g\u00eanero. Metade da popula\u00e7\u00e3o mundial \u00e9 feminina, ent\u00e3o \u00e9 essencial que todos tenham as mesmas oportunidades, tanto no plano subjetivo quanto objetivo. No subjetivo, toda e qualquer mulher tem direito \u00e0s mesmas oportunidades dos homens. Do ponto de vista da sociedade, o fato de mais pessoas terem direitos aumenta a riqueza da sociedade, inclusive economicamente. J\u00e1 no plano objetivo, aumentar a consci\u00eancia da sociedade sobre a import\u00e2ncia dessa igualdade absoluta tamb\u00e9m favorece pol\u00edticas p\u00fablicas que promovam esse direito. Por isso, a data \u00e9 um convite \u00e0 reflex\u00e3o e mobiliza\u00e7\u00e3o\u201d, comenta.<\/p>\n<p>Francilene Proc\u00f3pio Garcia, vice-presidente da SBPC, concorda que al\u00e9m de celebrar todos os 8 de mar\u00e7o, a data \u00e9 fundamental para rememorar todas as lutas por direitos iguais e pela igualdade em todas as condi\u00e7\u00f5es b\u00e1sicas de vida. \u201c\u00c9 um dia em que celebramos os avan\u00e7os, todo o processo de ressignifica\u00e7\u00e3o do papel da mulher na sociedade. No caso brasileiro, especialmente a partir de nossa Constitui\u00e7\u00e3o de1988, mas muito mais do que isso, a data \u00e9 um dia para que possamos ouvir as mulheres com todas as suas trajet\u00f3rias, experi\u00eancias e reivindica\u00e7\u00f5es por mudan\u00e7as que s\u00e3o necess\u00e1rias para que a sociedade seja mais justa. \u00c9 direito da mulher ter um espa\u00e7o de voz e ter livre arb\u00edtrio para decidir como ir\u00e1 viver, seja no papel que exer\u00e7a no \u00e2mbito da ci\u00eancia ou em qualquer outra atividade. Esse dia n\u00e3o \u00e9 s\u00f3 de celebra\u00e7\u00e3o de conquistas, mas tamb\u00e9m de luta para ouvir as vozes de mulheres em toda a sua diversidade e reivindica\u00e7\u00f5es\u201d, salienta.<\/p>\n<p>Cl\u00e1udia Linhares Sales, secret\u00e1ria-geral da SBPC, tamb\u00e9m lembra que o 8 de mar\u00e7o, oficializado em 1975 pela Organiza\u00e7\u00e3o das Na\u00e7\u00f5es Unidas como o Dia Internacional das Mulheres, surgiu da demanda de trabalhadoras e trabalhadores, e concorda que a data \u00e9 um dia de ativismo pol\u00edtico em defesa da igualdade de direitos entre os g\u00eaneros. \u201cAs sociedades em geral, inclusive de pa\u00edses mais ricos, est\u00e3o ainda longe desse ideal, por isso \u00e9 fundamental a comemora\u00e7\u00e3o desse dia para a reflex\u00e3o sobre um problema que prejudica a todos, que \u00e9 a cultura que deprecia o trabalho e a capacidade da mulher, a cultura da posse sobre as mentes e corpos femininos, a cultura do ass\u00e9dio moral e sexual, a cultura da viol\u00eancia para resolu\u00e7\u00e3o de conflitos com mulheres e a cultura que promove a mulher como ser inferior na escala social, unicamente respons\u00e1vel pelos trabalhos dom\u00e9sticos e cuidados da fam\u00edlia. Ent\u00e3o, comemorar essa data, mostrar as desigualdades, refletir a respeito delas, apontar pol\u00edticas ou aus\u00eancia de pol\u00edticas, \u00e9 a\u00e7\u00e3o fundamental da SBPC.\u201d<\/p>\n<p>Sales ressalta ainda que as comemora\u00e7\u00f5es da SBPC para o Dia Internacional das Mulheres mudam todos os anos. \u201cNo ano passado, exaltamos a capacidade e talentos de meninas na ci\u00eancia. Este ano, optamos por fazer claramente ativismo em prol da igualdade dos direitos, discutindo os desafios, dificuldades e pol\u00edticas para a inser\u00e7\u00e3o equitativa da mulher na ci\u00eancia brasileira. Essa discuss\u00e3o ser\u00e1 multifacetada. Ao mesmo tempo em que ouviremos a experi\u00eancia da longa trajet\u00f3ria de uma pesquisadora ativa de mais de 90 anos, ouviremos ag\u00eancias de fomento \u00e0 pesquisa, privada e p\u00fablica, bem como as experi\u00eancias de pesquisadoras que eventualmente enfrentam dificuldades adicionais por suas etnias.\u201d<\/p>\n<p>\u201cEssa luta pela igualdade de direitos de todas as pessoas \u00e9 uma luta hist\u00f3rica da SBPC. No caso das mulheres, acreditamos que para a sociedade brasileira abrir m\u00e3o do talento e da capacidade das mulheres cientistas, uma vez que se trata de abrir m\u00e3o de 50% da for\u00e7a de trabalho, \u00e9 um preju\u00edzo irrepar\u00e1vel. Logo, a SBPC permanece atenta, forte e combativa na luta pela inser\u00e7\u00e3o plena das mulheres em todas as esferas de poder e trabalho na sociedade, com iguais direitos e reconhecimento\u201d, pontua Sales.<\/p>\n<p>Fernanda Sobral, diretora da SBPC, corrobora que o evento deste ano tem como objetivo discutir as v\u00e1rias dimens\u00f5es da mulher no contexto atual, no poder pol\u00edtico e na academia, dando maior visibilidade ao trabalho realizado por elas e, ao mesmo tempo, incentivando as mais jovens a ocuparem cargos de lideran\u00e7a na academia. \u201cN\u00f3s sabemos que elas precisam desse est\u00edmulo para entrar e crescer na carreira cient\u00edfica\u201d, afirma.<\/p>\n<p>Para Laila Salmen Espindola, diretora da SBPC, a data \u00e9 um dia especial na SBPC para evocar em todas a necessidade de lutar por essa transforma\u00e7\u00e3o social. \u201cEste dia traz a hist\u00f3ria secular de lutas travadas diariamente por mulheres ao redor do mundo. Um mundo moldado para ser desigual. \u00c9 preciso que a hist\u00f3ria conte sobre essas mulheres lutadoras, sobre n\u00f3s, aquelas pretas, ind\u00edgenas, brancas e pardas, comumente atormentadas pelo temor e injusti\u00e7as causadas pela desigualdade de g\u00eanero enraizada na sociedade. Por isso, a SBPC registra o olhar sobre a hist\u00f3ria e em 8 de mar\u00e7o o evento \u2018Falam as cientistas\u2019 servir\u00e1 para celebrar as vit\u00f3rias e discutir contribui\u00e7\u00f5es que acelerem as pol\u00edticas p\u00fablicas para a inclus\u00e3o de mulheres e equidade na ci\u00eancia do futuro.\u201d<\/p>\n<p>&nbsp;<\/p>\n<h4 id=\"diversidade\"><strong>Diversidade<\/strong><\/h4>\n<p>Ao comentar a programa\u00e7\u00e3o, Francilene Garcia afirma que o evento deste ano ser\u00e1 um momento para mergulhar em alguns debates importantes para a sociedade, principalmente naquele que precisa ser melhorado para as conquistas atuais e defender novas reivindica\u00e7\u00f5es por igualdade de direitos e oportunidade para as mulheres.<\/p>\n<p>A vice-presidente da SBPC destaca a participa\u00e7\u00e3o da qu\u00edmica Yvonne Mascarenhas, vencedora da 5\u00aa edi\u00e7\u00e3o do Pr\u00eamio \u201cCarolina Bori Ci\u00eancia &amp; Mulher\u201d na \u00e1rea de Engenharias, Exatas e Ci\u00eancias da Terra, que ir\u00e1 proferir a palestra \u201cConquistas da mulher no Brasil atual\u201d. \u201cEla \u00e9 uma mulher quase centen\u00e1ria que exerce sua atividade como cientista at\u00e9 hoje. \u00c9 importante o quanto a trajet\u00f3ria dela pode nos inspirar\u201d, afirma.<\/p>\n<p>Garcia tamb\u00e9m ressalta os assuntos que ser\u00e3o tratados na mesa-redonda. \u201cAl\u00e9m de dar voz a uma cientista experiente, traremos uma discuss\u00e3o importante sobre a parentalidade na academia. Sobretudo como colocar isso em pr\u00e1tica, teremos uma cientista ind\u00edgena, uma representante do Instituto Serrapilheira, que \u00e9 uma ag\u00eancia de fomento que tem uma trajet\u00f3ria de olhar para a diversidade na ci\u00eancia. Teremos ainda uma representante do CNPq (Conselho Nacional de Desenvolvimento Cient\u00edfico e Tecnol\u00f3gico), que ir\u00e1 abordar desafios e inspira\u00e7\u00f5es, al\u00e9m de uma mulher negra que trar\u00e1 sua vis\u00e3o de espa\u00e7o, al\u00e9m de apontar os desafios que ainda precisam ser enfrentados\u201d, comenta.<\/p>\n<p>&nbsp;<\/p>\n<h4 id=\"servico\"><strong>Servi\u00e7o<\/strong><\/h4>\n<p><strong>\u00a0<\/strong><\/p>\n<p><strong>Dia Internacional das Mulheres<\/strong><\/p>\n<p><strong>Falam as cientistas: a SBPC e o futuro da Ci\u00eancia Brasileira<\/strong><\/p>\n<p><strong>\u00a0<\/strong><\/p>\n<p><strong>Dia:<\/strong>\u00a008 de mar\u00e7o<\/p>\n<p><strong>Hor\u00e1rio:<\/strong>\u00a0Das 9h30 \u00e0s 12h<\/p>\n<p><span style=\"color: #800000;\"><strong><a style=\"color: #800000;\" href=\"https:\/\/www.youtube.com\/watch?v=AhMrhykK8Qw\" target=\"_blank\" rel=\"noopener\">Transmiss\u00e3o pelo canal da SBPC no YouTube<\/a>.<\/strong><\/span><\/p>\n<p>&nbsp;<\/p>\n<p><strong>9h30<\/strong><\/p>\n<p><strong>Atra\u00e7\u00e3o musical<\/strong><\/p>\n<p><strong>\u00a0<\/strong><\/p>\n<p><strong>Abertura:<\/strong>\u00a0Renato Janine Ribeiro, presidente da SBPC<\/p>\n<p>Apresenta\u00e7\u00e3o: Laila Salmen Espindola, professora da Universidade de Bras\u00edlia (UnB) e diretora da SBPC<\/p>\n<p><strong>Confer\u00eancia \u2013\u00a0<\/strong>Yvonne Primerano Mascarenhas, professor aposentada\u00a0 do Instituto de F\u00edsica de S\u00e3o Carlos da USP<\/p>\n<p><strong>\u00a0\u201cConquistas da mulher no Brasil atual\u201d<\/strong><\/p>\n<p>&nbsp;<\/p>\n<p><strong>Atra\u00e7\u00e3o musical<\/strong><\/p>\n<p><strong>\u00a0<\/strong><\/p>\n<p><strong>10h20<\/strong><\/p>\n<p><strong>\u00a0<\/strong><\/p>\n<p><strong>Mesa-redonda<\/strong><\/p>\n<p><strong>Coordenadora:<\/strong>\u00a0Miriam Grossi, professora associada da UFSC<\/p>\n<p>Fernanda Staniscuaski, professora associada III da UFRGS e fundadora e coordenadora do Movimento Parent in Science<\/p>\n<p><strong>\u201cParentalidade na academia: para al\u00e9m de discursos\u201d<\/strong><\/p>\n<p>&nbsp;<\/p>\n<p>Cristiane Gomes Juli\u00e3o, doutoranda em Antropologia Social do Museu Nacional da UFRJ e l\u00edder ind\u00edgena Pankararu<\/p>\n<p><strong>\u201cCi\u00eancia, minha ci\u00eancia\u201d<\/strong><\/p>\n<p>&nbsp;<\/p>\n<p>Cristina Caldas, diretora de Ci\u00eancia do Instituto Serrapilheira<\/p>\n<p><strong>\u201cDiversidade na ci\u00eancia: a experi\u00eancia do Serrapilheira\u201d<\/strong><\/p>\n<p>&nbsp;<\/p>\n<p>Debora Peres Menezes, professora titular da UFSC e diretora de Avalia\u00e7\u00e3o de Resultados e Solu\u00e7\u00f5es Digitais do CNPq e vice-presidente da UFPLP<\/p>\n<p><strong>\u201cMulheres na ci\u00eancia: panorama, desafios e inspira\u00e7\u00f5es\u201d<\/strong><\/p>\n<p>&nbsp;<\/p>\n<p>Rosangela Aparecida Hil\u00e1rio, professora da UNIR e professora permanente do Mestrado Acad\u00eamico em Educa\u00e7\u00e3o e da Rede Mulheres Cientistas<\/p>\n<p><strong>\u201cOs impactos do apag\u00e3o das licenciaturas na produ\u00e7\u00e3o cient\u00edfica e a\u00e7\u00f5es afirmativas\u201d<\/strong><\/p>\n<p><strong>\u00a0<\/strong><\/p>\n<p><span style=\"color: #808080;\"><a style=\"color: #808080;\" href=\"http:\/\/portal.sbpcnet.org.br\/\"><em> SBPC<\/em><\/a><\/span><\/p>\n","protected":false},"excerpt":{"rendered":"Com transmiss\u00e3o pelo canal da entidade no YouTube, as atividades ser\u00e3o realizadas&hellip;\n","protected":false},"author":19,"featured_media":5466,"comment_status":"open","ping_status":"open","sticky":false,"template":"","format":"standard","meta":[],"categories":[1,2],"tags":[],"acf":[],"_links":{"self":[{"href":"https:\/\/revistacienciaecultura.org.br\/index.php?rest_route=\/wp\/v2\/posts\/5585"}],"collection":[{"href":"https:\/\/revistacienciaecultura.org.br\/index.php?rest_route=\/wp\/v2\/posts"}],"about":[{"href":"https:\/\/revistacienciaecultura.org.br\/index.php?rest_route=\/wp\/v2\/types\/post"}],"author":[{"embeddable":true,"href":"https:\/\/revistacienciaecultura.org.br\/index.php?rest_route=\/wp\/v2\/users\/19"}],"replies":[{"embeddable":true,"href":"https:\/\/revistacienciaecultura.org.br\/index.php?rest_route=%2Fwp%2Fv2%2Fcomments&post=5585"}],"version-history":[{"count":2,"href":"https:\/\/revistacienciaecultura.org.br\/index.php?rest_route=\/wp\/v2\/posts\/5585\/revisions"}],"predecessor-version":[{"id":5587,"href":"https:\/\/revistacienciaecultura.org.br\/index.php?rest_route=\/wp\/v2\/posts\/5585\/revisions\/5587"}],"wp:featuredmedia":[{"embeddable":true,"href":"https:\/\/revistacienciaecultura.org.br\/index.php?rest_route=\/wp\/v2\/media\/5466"}],"wp:attachment":[{"href":"https:\/\/revistacienciaecultura.org.br\/index.php?rest_route=%2Fwp%2Fv2%2Fmedia&parent=5585"}],"wp:term":[{"taxonomy":"category","embeddable":true,"href":"https:\/\/revistacienciaecultura.org.br\/index.php?rest_route=%2Fwp%2Fv2%2Fcategories&post=5585"},{"taxonomy":"post_tag","embeddable":true,"href":"https:\/\/revistacienciaecultura.org.br\/index.php?rest_route=%2Fwp%2Fv2%2Ftags&post=5585"}],"curies":[{"name":"wp","href":"https:\/\/api.w.org\/{rel}","templated":true}]}}