{"id":5592,"date":"2024-03-07T08:00:46","date_gmt":"2024-03-07T08:00:46","guid":{"rendered":"https:\/\/revistacienciaecultura.org.br\/?p=5592"},"modified":"2024-03-15T10:21:25","modified_gmt":"2024-03-15T10:21:25","slug":"cesar-lattes-e-os-institutos-de-ciencia","status":"publish","type":"post","link":"https:\/\/revistacienciaecultura.org.br\/?p=5592","title":{"rendered":"Cesar Lattes e os institutos de ci\u00eancia"},"content":{"rendered":"<h4 id=\"cientista-contribuiu-para-a-fundacao-do-centro-brasileiro-de-pesquisas-fisicas-e-do-conselho-nacional-de-desenvolvimento-cientifico-e-tecnologico\"><span style=\"color: #808080;\">Cientista contribuiu para a funda\u00e7\u00e3o do Centro Brasileiro de Pesquisas F\u00edsicas e do Conselho Nacional de Desenvolvimento Cient\u00edfico e Tecnol\u00f3gico<\/span><\/h4>\n<p>&nbsp;<\/p>\n<p>Cesar Lattes \u00e9 um os cientistas brasileiros mais renomados. Sua trajet\u00f3ria demonstra n\u00e3o apenas um comprometimento com a ci\u00eancia, mas tamb\u00e9m com o desenvolvimento cient\u00edfico do Brasil. O f\u00edsico tornou-se conhecido por descobrir a part\u00edcula subat\u00f4mica m\u00e9son pi (p\u00edon). Seu trabalho acabou recebendo o Pr\u00eamio Nobel de F\u00edsica \u2014 mas ele ficou de fora da premia\u00e7\u00e3o, gerando uma controv\u00e9rsia que perdura at\u00e9 hoje. Ali\u00e1s, ele foi indicado sete vezes ao pr\u00eamio, sem nunca ser agraciado.<\/p>\n<p>Para al\u00e9m de suas descobertas cient\u00edficas, Cesar Lattes foi fundamental para a consolida\u00e7\u00e3o da f\u00edsica no pa\u00eds e para a cria\u00e7\u00e3o de v\u00e1rios institutos e centros de pesquisas. Um deles foi o <span style=\"color: #800000;\"><a style=\"color: #800000;\" href=\"https:\/\/www.gov.br\/cbpf\/pt-br\"><strong>Centro Brasileiro de Pesquisas F\u00edsicas (CBPF)<\/strong><\/a><\/span>, que ajudou a fundar em 1949. A cria\u00e7\u00e3o do CBPF n\u00e3o foi apenas um ato de pioneirismo cient\u00edfico: foi tamb\u00e9m um movimento estrat\u00e9gico para consolidar o desenvolvimento da ci\u00eancia no Brasil. O CBPF foi, portanto, mais do que um espa\u00e7o de estudo. Foi uma resposta \u00e0 necessidade de investimentos fora do ambiente universit\u00e1rio tradicional. \u201cO Cesar Lattes utilizou seu imenso capital cient\u00edfico para contribuir para a institucionaliza\u00e7\u00e3o e o avan\u00e7o da ci\u00eancia brasileira\u201d, aponta Ana Maria Ribeiro de Andrade, pesquisadora titular aposentada do <span style=\"color: #800000;\"><a style=\"color: #800000;\" href=\"https:\/\/www.gov.br\/mast\/pt-br\"><strong>Museu de Astronomia e Ci\u00eancias Afins (MAST)<\/strong><\/a><\/span> e autora de obras como <em>\u201cF\u00edsicos, M\u00e9sons e Pol\u00edtica: a din\u00e2mica da ci\u00eancia na sociedade\u201d<\/em> (Hucitec, 1999).<\/p>\n<p>Al\u00e9m do CBPF, Lattes foi um dos fundadores de institui\u00e7\u00f5es que moldaram a ci\u00eancia brasileira, como a <span style=\"color: #800000;\"><a style=\"color: #800000;\" href=\"https:\/\/www.gov.br\/cnpq\/pt-br\"><strong>Conselho Nacional de Desenvolvimento Cient\u00edfico e Tecnol\u00f3gico (CNPq)<\/strong><\/a><\/span>, uma entidade ligada ao Minist\u00e9rio da Ci\u00eancia, Tecnologia e Inova\u00e7\u00f5es para incentivo \u00e0 pesquisa no Brasil. Ainda contribuiu para a consolida\u00e7\u00e3o do Centro Nacional de Energia Nuclear (1968); e do Instituto de F\u00edsica que recebe o nome de seu fundador, Gleb Wataghin, na <a href=\"https:\/\/www.unicamp.br\/unicamp\/\"><strong><span style=\"color: #800000;\">Unicamp<\/span><\/strong><\/a>. \u201cA import\u00e2ncia de Lattes para a ci\u00eancia no Brasil vai al\u00e9m do m\u00e9son pi. Ele deixou um imenso legado, que persiste at\u00e9 hoje\u201d, finaliza Ana Maria Ribeiro.<\/p>\n<p>Ou\u00e7a ao epis\u00f3dio completo:<\/p>\n<p><iframe title=\"Spotify Embed: Cesar Lattes e os institutos de ci\u00eancia\" style=\"border-radius: 12px\" width=\"100%\" height=\"152\" frameborder=\"0\" allowfullscreen allow=\"autoplay; clipboard-write; encrypted-media; fullscreen; picture-in-picture\" loading=\"lazy\" src=\"https:\/\/open.spotify.com\/embed\/episode\/75OEozEMOVfN0lI83Z3JVS?si=6714b86ed9924d3b&#038;utm_source=oembed\"><\/iframe><\/p>\n","protected":false},"excerpt":{"rendered":"Cientista contribuiu para a funda\u00e7\u00e3o do Centro Brasileiro de Pesquisas F\u00edsicas e&hellip;\n","protected":false},"author":19,"featured_media":5593,"comment_status":"open","ping_status":"open","sticky":false,"template":"","format":"standard","meta":[],"categories":[4],"tags":[],"acf":[],"_links":{"self":[{"href":"https:\/\/revistacienciaecultura.org.br\/index.php?rest_route=\/wp\/v2\/posts\/5592"}],"collection":[{"href":"https:\/\/revistacienciaecultura.org.br\/index.php?rest_route=\/wp\/v2\/posts"}],"about":[{"href":"https:\/\/revistacienciaecultura.org.br\/index.php?rest_route=\/wp\/v2\/types\/post"}],"author":[{"embeddable":true,"href":"https:\/\/revistacienciaecultura.org.br\/index.php?rest_route=\/wp\/v2\/users\/19"}],"replies":[{"embeddable":true,"href":"https:\/\/revistacienciaecultura.org.br\/index.php?rest_route=%2Fwp%2Fv2%2Fcomments&post=5592"}],"version-history":[{"count":6,"href":"https:\/\/revistacienciaecultura.org.br\/index.php?rest_route=\/wp\/v2\/posts\/5592\/revisions"}],"predecessor-version":[{"id":5653,"href":"https:\/\/revistacienciaecultura.org.br\/index.php?rest_route=\/wp\/v2\/posts\/5592\/revisions\/5653"}],"wp:featuredmedia":[{"embeddable":true,"href":"https:\/\/revistacienciaecultura.org.br\/index.php?rest_route=\/wp\/v2\/media\/5593"}],"wp:attachment":[{"href":"https:\/\/revistacienciaecultura.org.br\/index.php?rest_route=%2Fwp%2Fv2%2Fmedia&parent=5592"}],"wp:term":[{"taxonomy":"category","embeddable":true,"href":"https:\/\/revistacienciaecultura.org.br\/index.php?rest_route=%2Fwp%2Fv2%2Fcategories&post=5592"},{"taxonomy":"post_tag","embeddable":true,"href":"https:\/\/revistacienciaecultura.org.br\/index.php?rest_route=%2Fwp%2Fv2%2Ftags&post=5592"}],"curies":[{"name":"wp","href":"https:\/\/api.w.org\/{rel}","templated":true}]}}