{"id":5709,"date":"2024-03-20T08:00:54","date_gmt":"2024-03-20T08:00:54","guid":{"rendered":"https:\/\/revistacienciaecultura.org.br\/?p=5709"},"modified":"2024-03-18T13:05:12","modified_gmt":"2024-03-18T13:05:12","slug":"a-fisica-brasileira-apos-cesar-lattes","status":"publish","type":"post","link":"https:\/\/revistacienciaecultura.org.br\/?p=5709","title":{"rendered":"A F\u00edsica brasileira ap\u00f3s Cesar Lattes"},"content":{"rendered":"<h4 id=\"cientista-contribuiu-com-avancos-notaveis-para-a-ciencia-no-brasil\"><span style=\"color: #808080;\">Cientista contribuiu com avan\u00e7os not\u00e1veis para a ci\u00eancia no Brasil<\/span><\/h4>\n<p>&nbsp;<\/p>\n<p>C\u00e9sar Lattes \u00e9 uma figura ic\u00f4nica na hist\u00f3ria da f\u00edsica brasileira, conhecido por suas descobertas revolucion\u00e1rias e contribui\u00e7\u00f5es inestim\u00e1veis para a ci\u00eancia. Sua pesquisa pioneira sobre part\u00edculas subat\u00f4micas, culminando na identifica\u00e7\u00e3o do m\u00e9son pi, n\u00e3o apenas expandiu os horizontes da f\u00edsica nuclear, mas tamb\u00e9m colocou o Brasil no mapa da pesquisa cient\u00edfica global.<\/p>\n<p>Uma das contribui\u00e7\u00f5es mais marcantes de Lattes para a comunidade cient\u00edfica foi sua descoberta do m\u00e9son pi, uma part\u00edcula fundamental para a compreens\u00e3o das for\u00e7as nucleares. Mesmo sem receber o Pr\u00eamio Nobel de F\u00edsica, para o qual foi indicado sete vezes, Lattes continuou incansavelmente seus estudos. Em seus experimentos no Monte Chacaltaya, na Bol\u00edvia, confirmou suas teorias e identificou o m\u00e9son pi, uma part\u00edcula crucial para a compreens\u00e3o da f\u00edsica nuclear p\u00f3s-guerra. Suas descobertas n\u00e3o apenas avan\u00e7aram o conhecimento cient\u00edfico, mas tamb\u00e9m inspiraram uma nova gera\u00e7\u00e3o de cientistas no Brasil. \u201cN\u00e3o \u00e9 poss\u00edvel pensar a ci\u00eancia no Brasil sem o Lattes\u201d, afirma Antonio Augusto Videira Passos, professor do Departamento de Filosofia da Universidade do Estado do Rio de Janeiro (UERJ). Para o pesquisador, Cesar Lattes n\u00e3o apenas ajudou a apontar novos caminhos para a f\u00edsica de part\u00edculas, mas tamb\u00e9m contribuiu significativamente para ao avan\u00e7o da ci\u00eancia nacional.<\/p>\n<p>Ap\u00f3s suas experi\u00eancias no exterior, em 1949, Lattes retornou ao Brasil. Reconhecido como um dos maiores cientistas brasileiros, Lattes desempenhou um papel crucial na funda\u00e7\u00e3o do Centro Brasileiro de Pesquisas F\u00edsicas (CBPF) e do Conselho Nacional de Desenvolvimento Cient\u00edfico e Tecnol\u00f3gico (CNPq). Sua dedica\u00e7\u00e3o incans\u00e1vel \u00e0 busca do conhecimento e sua coragem em explorar novos horizontes fizeram dele um \u00edcone da ci\u00eancia brasileira e um exemplo vivo do potencial cient\u00edfico do pa\u00eds. \u201cFazer ci\u00eancia \u00e9 ter ousadia, \u00e9 ter curiosidade, \u00e9 gostar do caminho que se est\u00e1 percorrendo. A pessoa que quer se dedicar \u00e0 ci\u00eancia tem que ter a mente aberta e estar sempre preparada para corrigir sua rota. E o Lattes era assim\u201d, finaliza Antonio Videira.<\/p>\n<p>&nbsp;<\/p>\n<p><strong>Ou\u00e7a ao epis\u00f3dio completo!<\/strong><\/p>\n<p><iframe title=\"Spotify Embed: A F\u00edsica brasileira ap\u00f3s Cesar Lattes\" style=\"border-radius: 12px\" width=\"100%\" height=\"152\" frameborder=\"0\" allowfullscreen allow=\"autoplay; clipboard-write; encrypted-media; fullscreen; picture-in-picture\" loading=\"lazy\" src=\"https:\/\/open.spotify.com\/embed\/episode\/3P1RR1YcEPkE9nw3ukCp3u?si=d1acd5070282464a&#038;utm_source=oembed\"><\/iframe><\/p>\n","protected":false},"excerpt":{"rendered":"Cientista contribuiu com avan\u00e7os not\u00e1veis para a ci\u00eancia no Brasil &nbsp; C\u00e9sar&hellip;\n","protected":false},"author":19,"featured_media":5710,"comment_status":"open","ping_status":"open","sticky":false,"template":"","format":"standard","meta":[],"categories":[4],"tags":[],"acf":[],"_links":{"self":[{"href":"https:\/\/revistacienciaecultura.org.br\/index.php?rest_route=\/wp\/v2\/posts\/5709"}],"collection":[{"href":"https:\/\/revistacienciaecultura.org.br\/index.php?rest_route=\/wp\/v2\/posts"}],"about":[{"href":"https:\/\/revistacienciaecultura.org.br\/index.php?rest_route=\/wp\/v2\/types\/post"}],"author":[{"embeddable":true,"href":"https:\/\/revistacienciaecultura.org.br\/index.php?rest_route=\/wp\/v2\/users\/19"}],"replies":[{"embeddable":true,"href":"https:\/\/revistacienciaecultura.org.br\/index.php?rest_route=%2Fwp%2Fv2%2Fcomments&post=5709"}],"version-history":[{"count":1,"href":"https:\/\/revistacienciaecultura.org.br\/index.php?rest_route=\/wp\/v2\/posts\/5709\/revisions"}],"predecessor-version":[{"id":5711,"href":"https:\/\/revistacienciaecultura.org.br\/index.php?rest_route=\/wp\/v2\/posts\/5709\/revisions\/5711"}],"wp:featuredmedia":[{"embeddable":true,"href":"https:\/\/revistacienciaecultura.org.br\/index.php?rest_route=\/wp\/v2\/media\/5710"}],"wp:attachment":[{"href":"https:\/\/revistacienciaecultura.org.br\/index.php?rest_route=%2Fwp%2Fv2%2Fmedia&parent=5709"}],"wp:term":[{"taxonomy":"category","embeddable":true,"href":"https:\/\/revistacienciaecultura.org.br\/index.php?rest_route=%2Fwp%2Fv2%2Fcategories&post=5709"},{"taxonomy":"post_tag","embeddable":true,"href":"https:\/\/revistacienciaecultura.org.br\/index.php?rest_route=%2Fwp%2Fv2%2Ftags&post=5709"}],"curies":[{"name":"wp","href":"https:\/\/api.w.org\/{rel}","templated":true}]}}