{"id":5728,"date":"2024-03-19T07:30:34","date_gmt":"2024-03-19T07:30:34","guid":{"rendered":"https:\/\/revistacienciaecultura.org.br\/?p=5728"},"modified":"2024-03-18T19:33:04","modified_gmt":"2024-03-18T19:33:04","slug":"sbpc-integra-evento-no-vaticano-sobre-a-uniao-de-conhecimentos-indigenas-e-cientificos-para-a-preservacao-climatica-e-ambiental","status":"publish","type":"post","link":"https:\/\/revistacienciaecultura.org.br\/?p=5728","title":{"rendered":"SBPC integra evento no Vaticano sobre a uni\u00e3o de conhecimentos ind\u00edgenas e cient\u00edficos para a preserva\u00e7\u00e3o clim\u00e1tica e ambiental"},"content":{"rendered":"<h4 id=\"vice-presidente-da-sbpc-paulo-artaxo-apresentou-conferencia-sobre-o-papel-da-populacao-indigena-no-cuidado-da-amazonia-evento-contou-com-a-participacao-do-papa-francisco-e-da-ministra-sonia-guajajar\" style=\"text-align: left;\"><span style=\"color: #808080;\">Vice-presidente da SBPC, Paulo Artaxo apresentou confer\u00eancia sobre o papel da popula\u00e7\u00e3o ind\u00edgena no cuidado da Amaz\u00f4nia; evento contou com a participa\u00e7\u00e3o do Papa Francisco e da ministra Sonia Guajajara\u00a0<\/span><\/h4>\n<p>&nbsp;<\/p>\n<p>A integra\u00e7\u00e3o entre os saberes tradicionais e os conhecimentos acad\u00eamicos \u00e9 fundamental para a resolu\u00e7\u00e3o dos problemas ambientais. Esta foi a principal pondera\u00e7\u00e3o do papa Francisco em encontro com a Pontif\u00edcia Academia de Ci\u00eancias, do Vaticano, lideran\u00e7as ind\u00edgenas e cientistas de v\u00e1rios pa\u00edses, realizado nos dias 14 e 15 de mar\u00e7o.<\/p>\n<p>Chamado \u201cO conhecimento dos povos ind\u00edgenas e a ci\u00eancia: combinando conhecimento e ci\u00eancia sobre vulnerabilidades e solu\u00e7\u00f5es para resili\u00eancia\u201d(\u201cLa conoscenza delle popolazioni indigene e le scienze. Combinare conoscenza e scienza su vulnerabilit\u00e0 e soluzioni per la resilienza\u201d), o evento teve como objetivo explorar oportunidades de coopera\u00e7\u00e3o entre os povos tradicionais e acad\u00eamicos para resolver problemas como as mudan\u00e7as clim\u00e1ticas, o acesso \u00e0 \u00e1gua e a preserva\u00e7\u00e3o da biodiversidade.<\/p>\n<p>\u201c[Precisamos] escutar os povos ind\u00edgenas para aprender com sua sabedoria e seus modos de vida e, ao mesmo tempo, ouvir os cientistas, para nos beneficiarmos de suas pesquisas\u201d, afirmou o papa.<\/p>\n<p>O pont\u00edfice defendeu que a popula\u00e7\u00e3o ind\u00edgena oferece contribui\u00e7\u00f5es cruciais para a solu\u00e7\u00e3o de quest\u00f5es urgentes como a crise clim\u00e1tica, e refor\u00e7ou a import\u00e2ncia da uni\u00e3o dos povos. \u201cTodo o patrim\u00f4nio do conhecimento deve ser utilizado como um meio de superar conflitos de forma n\u00e3o-violenta e combater a pobreza e as novas formas de escravid\u00e3o.\u201d<\/p>\n<p>A Sociedade Brasileira para o Progresso da Ci\u00eancia (SBPC) tamb\u00e9m esteve presente no encontro. Vice-presidente da entidade, Paulo Artaxo participou dos debates e ministrou a palestra \u201cA floresta Amaz\u00f4nica protegida pela popula\u00e7\u00e3o ind\u00edgena\u201d. Segundo o especialista, o encontro foi uma ponte essencial de di\u00e1logo entre os saberes tradicionais e acad\u00eamicos.<\/p>\n<p>\u201cO Vaticano, sob a lideran\u00e7a do papa Francisco, est\u00e1 promovendo uma s\u00e9rie de reuni\u00f5es para definir a agenda cient\u00edfica e social em rela\u00e7\u00e3o \u00e0s mudan\u00e7as clim\u00e1ticas. Ap\u00f3s a realiza\u00e7\u00e3o do evento, a Pontif\u00edcia Academia de Ci\u00eancias planeja escrever uma s\u00e9rie de artigos discutindo estrat\u00e9gias para a integra\u00e7\u00e3o do conhecimento ind\u00edgena na ci\u00eancia das mudan\u00e7as clim\u00e1ticas, biodiversidade, sa\u00fade e seguran\u00e7a alimentar\u201d, detalhou Artaxo.<\/p>\n<p>Entre as lideran\u00e7as das popula\u00e7\u00f5es tradicionais que participaram do workshop estava a ministra dos Povos Ind\u00edgenas do Brasil, Sonia Guajajara. Em sua fala, a ministra destacou a import\u00e2ncia do encontro e da valoriza\u00e7\u00e3o dos ind\u00edgenas como atores decis\u00f3rios das pol\u00edticas das na\u00e7\u00f5es.<\/p>\n<p>\u201cQuando tomei posse como a primeira ministra dos Povos Ind\u00edgenas do Brasil, o lema do meu discurso foi: nunca mais um Brasil sem n\u00f3s. Estamos aqui, com o apoio do Vaticano, para refor\u00e7ar que o mundo precisa dos conhecimentos tradicionais ind\u00edgenas. O mundo precisa do modo de vida ind\u00edgena, de sua espiritualidade e de sua rela\u00e7\u00e3o com a natureza, como condi\u00e7\u00e3o necess\u00e1ria para a prote\u00e7\u00e3o da biodiversidade.\u201d<\/p>\n<p>&nbsp;<\/p>\n<p><span style=\"color: #808080;\"><em>Jornal da Ci\u00eancia, com informa\u00e7\u00f5es do Minist\u00e9rio do Povos Ind\u00edgenas e do portal Vatican News<\/em><\/span><\/p>\n<h6 id=\"capa-vatican-news-reproducao\">Capa. Vatican News. Reprodu\u00e7\u00e3o<\/h6>\n","protected":false},"excerpt":{"rendered":"Vice-presidente da SBPC, Paulo Artaxo apresentou confer\u00eancia sobre o papel da popula\u00e7\u00e3o&hellip;\n","protected":false},"author":19,"featured_media":5729,"comment_status":"open","ping_status":"open","sticky":false,"template":"","format":"standard","meta":[],"categories":[1,2],"tags":[],"acf":[],"_links":{"self":[{"href":"https:\/\/revistacienciaecultura.org.br\/index.php?rest_route=\/wp\/v2\/posts\/5728"}],"collection":[{"href":"https:\/\/revistacienciaecultura.org.br\/index.php?rest_route=\/wp\/v2\/posts"}],"about":[{"href":"https:\/\/revistacienciaecultura.org.br\/index.php?rest_route=\/wp\/v2\/types\/post"}],"author":[{"embeddable":true,"href":"https:\/\/revistacienciaecultura.org.br\/index.php?rest_route=\/wp\/v2\/users\/19"}],"replies":[{"embeddable":true,"href":"https:\/\/revistacienciaecultura.org.br\/index.php?rest_route=%2Fwp%2Fv2%2Fcomments&post=5728"}],"version-history":[{"count":2,"href":"https:\/\/revistacienciaecultura.org.br\/index.php?rest_route=\/wp\/v2\/posts\/5728\/revisions"}],"predecessor-version":[{"id":5731,"href":"https:\/\/revistacienciaecultura.org.br\/index.php?rest_route=\/wp\/v2\/posts\/5728\/revisions\/5731"}],"wp:featuredmedia":[{"embeddable":true,"href":"https:\/\/revistacienciaecultura.org.br\/index.php?rest_route=\/wp\/v2\/media\/5729"}],"wp:attachment":[{"href":"https:\/\/revistacienciaecultura.org.br\/index.php?rest_route=%2Fwp%2Fv2%2Fmedia&parent=5728"}],"wp:term":[{"taxonomy":"category","embeddable":true,"href":"https:\/\/revistacienciaecultura.org.br\/index.php?rest_route=%2Fwp%2Fv2%2Fcategories&post=5728"},{"taxonomy":"post_tag","embeddable":true,"href":"https:\/\/revistacienciaecultura.org.br\/index.php?rest_route=%2Fwp%2Fv2%2Ftags&post=5728"}],"curies":[{"name":"wp","href":"https:\/\/api.w.org\/{rel}","templated":true}]}}