{"id":5750,"date":"2024-03-21T07:30:11","date_gmt":"2024-03-21T07:30:11","guid":{"rendered":"https:\/\/revistacienciaecultura.org.br\/?p=5750"},"modified":"2024-03-20T19:15:14","modified_gmt":"2024-03-20T19:15:14","slug":"serie-pilulas-da-ciencia-da-unesp-aproxima-jovens-cientistas-do-conhecimento","status":"publish","type":"post","link":"https:\/\/revistacienciaecultura.org.br\/?p=5750","title":{"rendered":"S\u00e9rie &#8220;P\u00edlulas da Ci\u00eancia&#8221; da Unesp aproxima jovens cientistas do conhecimento"},"content":{"rendered":"<h4 id=\"iniciativa-da-unesp-para-jovens-despertar-a-curiosidade-dos-jovens-para-o-conhecimento\"><span style=\"color: #808080;\">Iniciativa da Unesp para Jovens despertar a curiosidade dos jovens para o conhecimento<\/span><\/h4>\n<p>&nbsp;<\/p>\n<p>Imagine ter respostas para suas perguntas cient\u00edficas em apenas um minuto! Essa \u00e9 a proposta dos v\u00eddeos da s\u00e9rie \u201c<span style=\"color: #800000;\"><strong><a style=\"color: #800000;\" href=\"https:\/\/www.youtube.com\/playlist?list=PLbCP1bObXETYR_Zg-hpi6wfAiuQJ5ldIC\">P\u00edlulas de Ci\u00eancia<\/a><\/strong><\/span>\u201d, uma iniciativa da <span style=\"color: #800000;\"><strong><a style=\"color: #800000;\" href=\"https:\/\/www2.unesp.br\/\">Universidade Estadual Paulista (Unesp)<\/a><\/strong><\/span> que visa atender \u00e0s curiosidades dos jovens cientistas em forma\u00e7\u00e3o. O projeto faz parte do site \u201cUnesp para Jovens\u201d, que abriga uma variedade de produtos educacionais voltados para estudantes e professores do ensino fundamental e m\u00e9dio. Com o intuito de aproximar a Universidade da popula\u00e7\u00e3o, especialmente os pr\u00e9-universit\u00e1rios, o projeto visa promover o letramento em ci\u00eancias, artes e humanidades. A ideia \u00e9 despertar cada vez mais a curiosidade dos jovens para o conhecimento, mostrando que todos nascemos cientistas, com perguntas sobre o mundo ao nosso redor. Criado em 2022, a s\u00e9rie \u201c<strong><a href=\"https:\/\/www.youtube.com\/playlist?list=PLbCP1bObXETYR_Zg-hpi6wfAiuQJ5ldIC\"><span style=\"color: #800000;\">P\u00edlulas de<\/span> <span style=\"color: #800000;\">Ci\u00eancia<\/span><\/a><\/strong>\u201d est\u00e1 em sua segunda temporada, cativando o p\u00fablico infantil com sua abordagem l\u00fadica e informativa. A iniciativa parte da natural curiosidade das crian\u00e7as, incentivando a busca por respostas para suas quest\u00f5es cient\u00edficas. Os epis\u00f3dios est\u00e3o dispon\u00edveis no canal do YouTube da Unesp e na Globoplay, e tamb\u00e9m est\u00e3o sendo transmitidos pela TV Cultura, TV R\u00e1-Tim-Bum e Canal Futura.<\/p>\n<p>Confira abaixo alguns epis\u00f3dios!<\/p>\n<p>&nbsp;<\/p>\n<h4 id=\"por-que-as-flores-tem-polen\">Por que as flores t\u00eam p\u00f3len?<\/h4>\n<p><iframe loading=\"lazy\" title=\"Por que as flores t\u00eam p\u00f3len? - P\u00edlulas de Ci\u00eancia (epis\u00f3dio 16)\" width=\"1200\" height=\"675\" src=\"https:\/\/www.youtube.com\/embed\/F7aJP-3mvR0?list=PLbCP1bObXETYR_Zg-hpi6wfAiuQJ5ldIC\" frameborder=\"0\" allow=\"accelerometer; autoplay; clipboard-write; encrypted-media; gyroscope; picture-in-picture; web-share\" allowfullscreen><\/iframe><\/p>\n<p>&nbsp;<\/p>\n<h4 id=\"do-que-as-pessoas-sao-feitas\">Do que as pessoas s\u00e3o feitas?<\/h4>\n<p><iframe loading=\"lazy\" title=\"Do que as pessoas s\u00e3o feitas? - P\u00edlulas de Ci\u00eancia (epis\u00f3dio 13)\" width=\"1200\" height=\"675\" src=\"https:\/\/www.youtube.com\/embed\/CQE2ST0hIc0?list=PLbCP1bObXETYR_Zg-hpi6wfAiuQJ5ldIC\" frameborder=\"0\" allow=\"accelerometer; autoplay; clipboard-write; encrypted-media; gyroscope; picture-in-picture; web-share\" allowfullscreen><\/iframe><\/p>\n<p>&nbsp;<\/p>\n<p>&nbsp;<\/p>\n<h4 id=\"como-a-aranha-produz-a-teia\">Como a aranha produz a teia?<\/h4>\n<p><iframe loading=\"lazy\" title=\"Como a aranha produz a teia? - P\u00edlulas de Ci\u00eancia (epis\u00f3dio 10)\" width=\"1200\" height=\"675\" src=\"https:\/\/www.youtube.com\/embed\/kMoJXbBNB-k?list=PLbCP1bObXETYR_Zg-hpi6wfAiuQJ5ldIC\" frameborder=\"0\" allow=\"accelerometer; autoplay; clipboard-write; encrypted-media; gyroscope; picture-in-picture; web-share\" allowfullscreen><\/iframe><\/p>\n<p>&nbsp;<\/p>\n<h4 id=\"como-sao-formadas-as-cores\">Como s\u00e3o formadas as cores?<\/h4>\n<p><iframe loading=\"lazy\" title=\"Como s\u00e3o formadas as cores? - P\u00edlulas de Ci\u00eancia (epis\u00f3dio 06)\" width=\"1200\" height=\"675\" src=\"https:\/\/www.youtube.com\/embed\/XQtUSLf9CBE?list=PLbCP1bObXETYR_Zg-hpi6wfAiuQJ5ldIC\" frameborder=\"0\" allow=\"accelerometer; autoplay; clipboard-write; encrypted-media; gyroscope; picture-in-picture; web-share\" allowfullscreen><\/iframe><\/p>\n<p>&nbsp;<\/p>\n<h4 id=\"por-que-a-lua-tem-fases\">Por que a lua tem fases?<\/h4>\n<p><iframe loading=\"lazy\" title=\"Por que a lua tem fases? - P\u00edlulas de Ci\u00eancia (epis\u00f3dio 03)\" width=\"1200\" height=\"675\" src=\"https:\/\/www.youtube.com\/embed\/ejmN2fRHEIA?list=PLbCP1bObXETYR_Zg-hpi6wfAiuQJ5ldIC\" frameborder=\"0\" allow=\"accelerometer; autoplay; clipboard-write; encrypted-media; gyroscope; picture-in-picture; web-share\" allowfullscreen><\/iframe><\/p>\n<p>&nbsp;<\/p>\n<h4 id=\"como-os-olhos-veem\">Como os olhos veem?<\/h4>\n<p><iframe loading=\"lazy\" title=\"Como os olhos veem? - P\u00edlulas de Ci\u00eancia (epis\u00f3dio 02)\" width=\"1200\" height=\"675\" src=\"https:\/\/www.youtube.com\/embed\/3OcZwsH1XAI?feature=oembed\" frameborder=\"0\" allow=\"accelerometer; autoplay; clipboard-write; encrypted-media; gyroscope; picture-in-picture; web-share\" allowfullscreen><\/iframe><\/p>\n<p>&nbsp;<\/p>\n<p><strong>Saiba mais sobre o projeto e assista aos outros epis\u00f3dios em:<\/strong><\/p>\n<p><a href=\"https:\/\/parajovens.unesp.br\/pilulas-de-ciencia\/\">https:\/\/parajovens.unesp.br\/pilulas-de-ciencia\/<\/a><\/p>\n","protected":false},"excerpt":{"rendered":"Iniciativa da Unesp para Jovens despertar a curiosidade dos jovens para o&hellip;\n","protected":false},"author":19,"featured_media":5751,"comment_status":"open","ping_status":"open","sticky":false,"template":"","format":"standard","meta":[],"categories":[1,2],"tags":[],"acf":[],"_links":{"self":[{"href":"https:\/\/revistacienciaecultura.org.br\/index.php?rest_route=\/wp\/v2\/posts\/5750"}],"collection":[{"href":"https:\/\/revistacienciaecultura.org.br\/index.php?rest_route=\/wp\/v2\/posts"}],"about":[{"href":"https:\/\/revistacienciaecultura.org.br\/index.php?rest_route=\/wp\/v2\/types\/post"}],"author":[{"embeddable":true,"href":"https:\/\/revistacienciaecultura.org.br\/index.php?rest_route=\/wp\/v2\/users\/19"}],"replies":[{"embeddable":true,"href":"https:\/\/revistacienciaecultura.org.br\/index.php?rest_route=%2Fwp%2Fv2%2Fcomments&post=5750"}],"version-history":[{"count":4,"href":"https:\/\/revistacienciaecultura.org.br\/index.php?rest_route=\/wp\/v2\/posts\/5750\/revisions"}],"predecessor-version":[{"id":5755,"href":"https:\/\/revistacienciaecultura.org.br\/index.php?rest_route=\/wp\/v2\/posts\/5750\/revisions\/5755"}],"wp:featuredmedia":[{"embeddable":true,"href":"https:\/\/revistacienciaecultura.org.br\/index.php?rest_route=\/wp\/v2\/media\/5751"}],"wp:attachment":[{"href":"https:\/\/revistacienciaecultura.org.br\/index.php?rest_route=%2Fwp%2Fv2%2Fmedia&parent=5750"}],"wp:term":[{"taxonomy":"category","embeddable":true,"href":"https:\/\/revistacienciaecultura.org.br\/index.php?rest_route=%2Fwp%2Fv2%2Fcategories&post=5750"},{"taxonomy":"post_tag","embeddable":true,"href":"https:\/\/revistacienciaecultura.org.br\/index.php?rest_route=%2Fwp%2Fv2%2Ftags&post=5750"}],"curies":[{"name":"wp","href":"https:\/\/api.w.org\/{rel}","templated":true}]}}