{"id":5758,"date":"2024-03-26T07:30:13","date_gmt":"2024-03-26T07:30:13","guid":{"rendered":"https:\/\/revistacienciaecultura.org.br\/?p=5758"},"modified":"2024-03-25T12:24:23","modified_gmt":"2024-03-25T12:24:23","slug":"inscricoes-para-a-sessao-de-posteres-da-76a-reuniao-anual-da-sbpc-se-encerram-hoje","status":"publish","type":"post","link":"https:\/\/revistacienciaecultura.org.br\/?p=5758","title":{"rendered":"Inscri\u00e7\u00f5es para a sess\u00e3o de p\u00f4steres da 76\u00aa Reuni\u00e3o Anual da SBPC se encerram hoje"},"content":{"rendered":"<h4 id=\"interessados-podem-se-inscrever-ate-26-de-marco\"><span style=\"color: #808080;\">Interessados podem se inscrever at\u00e9 26 de mar\u00e7o<\/span><\/h4>\n<p>&nbsp;<\/p>\n<p>Os interessados em participar da 76\u00aa Reuni\u00e3o Anual da Sociedade Brasileira para o Progresso da Ci\u00eancia (SBPC), com submiss\u00e3o de trabalho na Sess\u00e3o de P\u00f4steres, t\u00eam at\u00e9 26 de mar\u00e7o para se inscrever.\u00a0 Com o tema \u201c<strong>Ci\u00eancia para um futuro sustent\u00e1vel e inclusivo: por um novo contrato social com a natureza\u201d<\/strong>, o evento ser\u00e1 realizado de 07 a 13 de julho de 2024 no campus Guam\u00e1 da Universidade Federal do Par\u00e1 (UFPA), em Bel\u00e9m.<\/p>\n<p>Podem ser submetidos trabalhos desenvolvidos por estudantes (ensino b\u00e1sico, profissionalizante, gradua\u00e7\u00e3o ou p\u00f3s-gradua\u00e7\u00e3o), professores (ensino superior, b\u00e1sico ou profissionalizante), pesquisadores e profissionais, que pretendem apresentar os resultados de pesquisas cient\u00edficas ou descri\u00e7\u00e3o de atividades ligadas a ensino-aprendizagem. Para saber mais sobre o processo de submiss\u00e3o, acesse o site da\u00a0<span style=\"color: #800000;\"><strong><a style=\"color: #800000;\" href=\"https:\/\/ra.sbpcnet.org.br\/76RA\/atividades\/sessao-de-posteres-e-jornada-nacional-de-iniciacao-cientifica\/\">76\u00aa Reuni\u00e3o Anual<\/a><\/strong><\/span>.<\/p>\n<p>A Reuni\u00e3o Anual contar\u00e1 com confer\u00eancias, mesas-redondas, pain\u00e9is, minicursos presenciais e virtuais, sess\u00e3o de p\u00f4steres, atividades culturais, exposi\u00e7\u00f5es, mostras interativas e outras programa\u00e7\u00f5es, destinadas para estudantes e professores do ensino b\u00e1sico, t\u00e9cnico ou superior, pesquisadores, profissionais e p\u00fablico em geral.<\/p>\n<p>A inscri\u00e7\u00e3o e o pagamento de taxa, cujo valor varia de R$ 40 a R$ 380, dependendo da categoria do inscrito, s\u00e3o necess\u00e1rios apenas para quem desejar participar de minicursos e webminicursos, submeter um trabalho ou adquirir o material do evento.<\/p>\n<p>Para quem desejar submeter trabalhos para a Sess\u00e3o de P\u00f4steres, o prazo \u00e9 dia\u00a0<strong>26 de mar\u00e7o<\/strong>, ou enquanto houver vagas \u2013\u00a0<strong>o prazo de inscri\u00e7\u00e3o para a submiss\u00e3o de trabalho ser\u00e1 antecipado se o limite de 400 trabalhos se esgotar antes do prazo e, automaticamente, esta categoria ficar\u00e1 indispon\u00edvel.<\/strong><\/p>\n<p>A cada ano, a Reuni\u00e3o Anual da SBPC \u00e9 realizada em um estado brasileiro, prioritariamente em universidade p\u00fablica. O evento re\u00fane milhares de pessoas \u2013 cientistas, professores e estudantes de todos os n\u00edveis, profissionais liberais e visitantes, al\u00e9m de autoridades e gestores, formuladores de pol\u00edticas p\u00fablicas para ci\u00eancia e tecnologia no Pa\u00eds.<\/p>\n<p>As reuni\u00f5es anuais da SBPC t\u00eam, concomitantemente, os objetivos de debater pol\u00edticas p\u00fablicas nas \u00e1reas de Ci\u00eancia, Tecnologia, Inova\u00e7\u00e3o e Educa\u00e7\u00e3o e de difundir os avan\u00e7os da Ci\u00eancia nas diversas \u00e1reas do conhecimento para toda a popula\u00e7\u00e3o.<\/p>\n<p>Dentre as confer\u00eancias, mesas-redondas e pain\u00e9is, ser\u00e3o realizadas as atividades das programa\u00e7\u00f5es da SBPC Inova\u00e7\u00e3o, SBPC Afro e Ind\u00edgena e SBPC Educa\u00e7\u00e3o.<\/p>\n<p>Considerado o maior evento cient\u00edfico da Am\u00e9rica Latina, as Reuni\u00f5es Anuais da SBPC s\u00e3o abertas a todos, com atra\u00e7\u00f5es para todas as idades e interesses. Programe-se e participe!<\/p>\n<p>Para mais informa\u00e7\u00f5es:\u00a0<span style=\"color: #800000;\"><a style=\"color: #800000;\" href=\"https:\/\/ra.sbpcnet.org.br\/76RA\/\" target=\"_blank\" rel=\"noopener\">https:\/\/ra.sbpcnet.org.br\/76RA\/<\/a><em>\u00a0<\/em><\/span><\/p>\n<p><span style=\"color: #808080;\"><em>Jornal da Ci\u00eancia<\/em><\/span><\/p>\n","protected":false},"excerpt":{"rendered":"Interessados podem se inscrever at\u00e9 26 de mar\u00e7o &nbsp; Os interessados em&hellip;\n","protected":false},"author":19,"featured_media":5240,"comment_status":"open","ping_status":"open","sticky":false,"template":"","format":"standard","meta":[],"categories":[1,2],"tags":[],"acf":[],"_links":{"self":[{"href":"https:\/\/revistacienciaecultura.org.br\/index.php?rest_route=\/wp\/v2\/posts\/5758"}],"collection":[{"href":"https:\/\/revistacienciaecultura.org.br\/index.php?rest_route=\/wp\/v2\/posts"}],"about":[{"href":"https:\/\/revistacienciaecultura.org.br\/index.php?rest_route=\/wp\/v2\/types\/post"}],"author":[{"embeddable":true,"href":"https:\/\/revistacienciaecultura.org.br\/index.php?rest_route=\/wp\/v2\/users\/19"}],"replies":[{"embeddable":true,"href":"https:\/\/revistacienciaecultura.org.br\/index.php?rest_route=%2Fwp%2Fv2%2Fcomments&post=5758"}],"version-history":[{"count":2,"href":"https:\/\/revistacienciaecultura.org.br\/index.php?rest_route=\/wp\/v2\/posts\/5758\/revisions"}],"predecessor-version":[{"id":5760,"href":"https:\/\/revistacienciaecultura.org.br\/index.php?rest_route=\/wp\/v2\/posts\/5758\/revisions\/5760"}],"wp:featuredmedia":[{"embeddable":true,"href":"https:\/\/revistacienciaecultura.org.br\/index.php?rest_route=\/wp\/v2\/media\/5240"}],"wp:attachment":[{"href":"https:\/\/revistacienciaecultura.org.br\/index.php?rest_route=%2Fwp%2Fv2%2Fmedia&parent=5758"}],"wp:term":[{"taxonomy":"category","embeddable":true,"href":"https:\/\/revistacienciaecultura.org.br\/index.php?rest_route=%2Fwp%2Fv2%2Fcategories&post=5758"},{"taxonomy":"post_tag","embeddable":true,"href":"https:\/\/revistacienciaecultura.org.br\/index.php?rest_route=%2Fwp%2Fv2%2Ftags&post=5758"}],"curies":[{"name":"wp","href":"https:\/\/api.w.org\/{rel}","templated":true}]}}