{"id":5764,"date":"2024-03-26T08:00:05","date_gmt":"2024-03-26T08:00:05","guid":{"rendered":"https:\/\/revistacienciaecultura.org.br\/?p=5764"},"modified":"2024-03-27T10:19:15","modified_gmt":"2024-03-27T10:19:15","slug":"cesar-lattes-e-a-fisica-brasileira-na-segunda-metade-do-seculo-xx","status":"publish","type":"post","link":"https:\/\/revistacienciaecultura.org.br\/?p=5764","title":{"rendered":"Cesar Lattes e a f\u00edsica brasileira na segunda metade do s\u00e9culo XX"},"content":{"rendered":"<h4 id=\"lattes-alcancou-reconhecimento-internacional-e-desempenhou-um-papel-central-na-consolidacao-da-fisica-de-particulas-no-brasil\"><span style=\"color: #808080;\">Lattes alcan\u00e7ou reconhecimento internacional e desempenhou um papel central na consolida\u00e7\u00e3o da f\u00edsica de part\u00edculas no Brasil<\/span><\/h4>\n<p>&nbsp;<\/p>\n<p>Na segunda metade do s\u00e9culo XX, um nome se destacou como pioneiro da f\u00edsica brasileira e como figura crucial em equipes internacionais que revolucionaram o campo cient\u00edfico: Cesar Lattes. Lattes tornou-se uma das mentes mais brilhantes da f\u00edsica de part\u00edculas, deixando um legado duradouro que estimulou o avan\u00e7o da ci\u00eancia no Brasil.<\/p>\n<p>Sua carreira internacional come\u00e7ou na Universidade de Bristol, no Reino Unido, onde, com Cecil Powell e Giuseppe Occhialini, fez uma descoberta que ecoaria pelo mundo cient\u00edfico. Em 1947, Lattes, Occhialini e Powell identificaram pela primeira vez o m\u00e9son pi, uma part\u00edcula subat\u00f4mica fundamental, atrav\u00e9s de seus rastros deixados em uma emuls\u00e3o fotogr\u00e1fica ap\u00f3s serem bombardeados por raios c\u00f3smicos.<\/p>\n<p>A descoberta dos m\u00e9sons pi n\u00e3o apenas consolidou a reputa\u00e7\u00e3o de Lattes como um cientista de renome mundial, mas tamb\u00e9m colocou o Brasil no mapa da f\u00edsica de part\u00edculas. \u201cA gente pode dizer que a descoberta do p\u00edon (m\u00e9son pi) foi crucial no desenvolvimento da f\u00edsica de part\u00edculas na \u00e9poca e talvez tenha sido uma das descobertas mais seminais na nossa compreens\u00e3o moderna do pr\u00f3prio n\u00facleo at\u00f4mico\u201d, explica Ulisses Barres de Almeida, pesquisador associado do Centro Brasileiro de Pesquisas F\u00edsicas (CBPF) e vice-diretor do Centro Latino-Americano de F\u00edsica (CLAF), institui\u00e7\u00e3o ligada \u00e0 Unesco com sede no Rio de Janeiro.<\/p>\n<p>Posteriormente, Lattes juntou-se \u00e0 Universidade da Calif\u00f3rnia em Berkeley, nos Estados Unidos, onde continuou suas pesquisas em colabora\u00e7\u00e3o com grandes nomes da f\u00edsica, como Luis Alvarez e Emilio Segr\u00e8. Contudo, foi em Chacaltaya, na Bol\u00edvia, que Lattes desempenhou um papel crucial na forma\u00e7\u00e3o da Colabora\u00e7\u00e3o Brasil-Jap\u00e3o (CBJ), uma iniciativa que estendeu sua influ\u00eancia na f\u00edsica de altas energias para al\u00e9m das fronteiras do Brasil. \u201cO Lattes foi o cientista respons\u00e1vel por abrir as portas experimentais da f\u00edsica de part\u00edculas\u201d, afirma Her\u00e1clio Duarte Tavares, professor do curso de Hist\u00f3ria da Universidade do Estado de Mato Grosso (UNEMAT).<\/p>\n<p>As contribui\u00e7\u00f5es de Lattes e sua atua\u00e7\u00e3o em equipes internacionais como Bristol, Berkeley e Chacaltaya n\u00e3o apenas impulsionaram a f\u00edsica brasileira, mas tamb\u00e9m inspiraram toda uma gera\u00e7\u00e3o de cientistas no pa\u00eds. Seu trabalho colocou o Brasil no cen\u00e1rio global da pesquisa cient\u00edfica, abrindo portas para novas colabora\u00e7\u00f5es e avan\u00e7os inovadores. \u201cPara mim, ele era um vision\u00e1rio. As suas ideias nos inspiram, v\u00e3o continuar a nos inspirar gera\u00e7\u00f5es de cientistas brasileiros, mas numa perspectiva humana\u201d, conclui Iramaia\u00a0Jorge Cabral de\u00a0Paulo, professora do Instituto de F\u00edsica da Universidade Federal do Mato Grosso (UFMT).<\/p>\n<p><strong>Assista o v\u00eddeo completo:<\/strong><\/p>\n<p><iframe loading=\"lazy\" title=\"Cesar Lattes e a f\u00edsica brasileira na segunda metade do s\u00e9culo XX\" width=\"1200\" height=\"675\" src=\"https:\/\/www.youtube.com\/embed\/jvV1oRUe1hU?feature=oembed\" frameborder=\"0\" allow=\"accelerometer; autoplay; clipboard-write; encrypted-media; gyroscope; picture-in-picture; web-share\" allowfullscreen><\/iframe><\/p>\n","protected":false},"excerpt":{"rendered":"Lattes alcan\u00e7ou reconhecimento internacional e desempenhou um papel central na consolida\u00e7\u00e3o da&hellip;\n","protected":false},"author":19,"featured_media":5765,"comment_status":"open","ping_status":"open","sticky":false,"template":"","format":"standard","meta":[],"categories":[5],"tags":[],"acf":[],"_links":{"self":[{"href":"https:\/\/revistacienciaecultura.org.br\/index.php?rest_route=\/wp\/v2\/posts\/5764"}],"collection":[{"href":"https:\/\/revistacienciaecultura.org.br\/index.php?rest_route=\/wp\/v2\/posts"}],"about":[{"href":"https:\/\/revistacienciaecultura.org.br\/index.php?rest_route=\/wp\/v2\/types\/post"}],"author":[{"embeddable":true,"href":"https:\/\/revistacienciaecultura.org.br\/index.php?rest_route=\/wp\/v2\/users\/19"}],"replies":[{"embeddable":true,"href":"https:\/\/revistacienciaecultura.org.br\/index.php?rest_route=%2Fwp%2Fv2%2Fcomments&post=5764"}],"version-history":[{"count":4,"href":"https:\/\/revistacienciaecultura.org.br\/index.php?rest_route=\/wp\/v2\/posts\/5764\/revisions"}],"predecessor-version":[{"id":5770,"href":"https:\/\/revistacienciaecultura.org.br\/index.php?rest_route=\/wp\/v2\/posts\/5764\/revisions\/5770"}],"wp:featuredmedia":[{"embeddable":true,"href":"https:\/\/revistacienciaecultura.org.br\/index.php?rest_route=\/wp\/v2\/media\/5765"}],"wp:attachment":[{"href":"https:\/\/revistacienciaecultura.org.br\/index.php?rest_route=%2Fwp%2Fv2%2Fmedia&parent=5764"}],"wp:term":[{"taxonomy":"category","embeddable":true,"href":"https:\/\/revistacienciaecultura.org.br\/index.php?rest_route=%2Fwp%2Fv2%2Fcategories&post=5764"},{"taxonomy":"post_tag","embeddable":true,"href":"https:\/\/revistacienciaecultura.org.br\/index.php?rest_route=%2Fwp%2Fv2%2Ftags&post=5764"}],"curies":[{"name":"wp","href":"https:\/\/api.w.org\/{rel}","templated":true}]}}