{"id":5771,"date":"2024-03-27T10:45:20","date_gmt":"2024-03-27T10:45:20","guid":{"rendered":"https:\/\/revistacienciaecultura.org.br\/?p=5771"},"modified":"2024-03-27T10:45:20","modified_gmt":"2024-03-27T10:45:20","slug":"a-luta-e-o-legado-do-cientista-cesar-lattes","status":"publish","type":"post","link":"https:\/\/revistacienciaecultura.org.br\/?p=5771","title":{"rendered":"A luta e o legado do cientista C\u00e9sar Lattes"},"content":{"rendered":"<h4 id=\"em-julho-de-2024-serao-comemorados-os-100-anos-do-nascimento-de-cesare-lattes-que-e-provavelmente-ate-hoje-o-pesquisador-brasileiro-que-chegou-mais-perto-de-um-premio-nobel\"><span style=\"color: #808080;\">Em julho de 2024 ser\u00e3o comemorados os 100 anos do nascimento de Cesare Lattes \u2013 que \u00e9 provavelmente, at\u00e9 hoje, o pesquisador brasileiro que chegou mais perto de um pr\u00eamio Nobel<\/span><\/h4>\n<p>&nbsp;<\/p>\n<p>Quando cientistas iniciam suas carreiras no Brasil, se deparam com Lattes: um\u00a0<span style=\"color: #800000;\"><strong><a style=\"color: #800000;\" href=\"https:\/\/lattes.cnpq.br\/\" target=\"_blank\" rel=\"noopener\">banco de curr\u00edculos cient\u00edficos<\/a>\u00a0<\/strong><\/span>atualizado pelos pesquisadores que atuam no pa\u00eds. Por\u00e9m, muitos dos que utilizam a plataforma ainda desconhecem o pesquisador homenageado pela plataforma, Cesar Lattes, e sua luta pela valoriza\u00e7\u00e3o da ci\u00eancia brasileira.<\/p>\n<p>Cesare Mansueto Giulio Lattes, mais conhecido como\u00a0<span style=\"color: #800000;\"><a style=\"color: #800000;\" href=\"https:\/\/www.gov.br\/cbpf\/pt-br\/divulgacao-cientifica\/livros\/cesar_lattes_-_arrastado_pela_historia.pdf\" target=\"_blank\" rel=\"noopener\"><strong>Cesar Lattes<\/strong><\/a><\/span>, nasceu em 1924 em Curitiba. Filho de imigrantes italianos, estudou em Porto Alegre e em S\u00e3o Paulo. Em 1941, um ano antes do Brasil entrar na Segunda Guerra Mundial, iniciou seus\u00a0<span style=\"color: #800000;\"><strong><a style=\"color: #800000;\" href=\"http:\/\/acervo.if.usp.br\/bio09\" target=\"_blank\" rel=\"noopener\">estudos<\/a><\/strong><\/span>\u00a0no curso de F\u00edsica da Universidade de S\u00e3o Paulo (USP). Se formou em 1943, aos 19 anos de idade. Fluente em italiano, Lattes trabalhou na mesma institui\u00e7\u00e3o como assistente do f\u00edsico \u00edtalo-ucraniano, Gleb Wataghin e com o f\u00edsico italiano, Giuseppe Occhialini.<\/p>\n<p>Com o fim da guerra, Lattes foi para a Universidade de Bristol trabalhar no laborat\u00f3rio de Cecil Powell com emuls\u00f5es de chapas fotogr\u00e1ficas usadas para capturar a trajet\u00f3ria de raios c\u00f3smicos. No fim do mesmo ano, Occhialini exp\u00f4s chapas durante suas f\u00e9rias, com maior quantidade de \u201cb\u00f3rax\u201d proposta por Lattes, nos Pirineus franceses. Nestas chapas, os pesquisadores encontraram rastros de uma part\u00edcula prevista dez anos antes pelo japon\u00eas Hideki Yukawa: o \u201cm\u00e9son pi\u201d ou \u201cp\u00edon\u201d. Para confirmar o achado e ter melhores registros, as placas precisariam ser expostas em altitudes mais altas. Em 1947, Lattes foi para o Monte Chacaltaya, nos Andes bolivianos.<\/p>\n<p>Os resultados destas pesquisas foram publicados por Lattes, Occhialini e Powell em artigos na\u00a0<span style=\"color: #800000;\"><strong><a style=\"color: #800000;\" href=\"https:\/\/www.nature.com\/articles\/160453a0\" target=\"_blank\" rel=\"noopener\">revista Nature<\/a><\/strong><\/span>\u00a0no mesmo ano. Em fun\u00e7\u00e3o destas descobertas, Yukawa foi\u00a0<span style=\"color: #800000;\"><strong><a style=\"color: #800000;\" href=\"https:\/\/www.nobelprize.org\/prizes\/physics\/1949\/summary\/\" target=\"_blank\" rel=\"noopener\">premiado<\/a><\/strong><\/span>\u00a0com o Nobel de F\u00edsica de 1949 e\u00a0<span style=\"color: #800000;\"><strong><a style=\"color: #800000;\" href=\"https:\/\/www.nobelprize.org\/prizes\/physics\/1950\/powell\/facts\/\" target=\"_blank\" rel=\"noopener\">Powel, em 1950<\/a><\/strong><\/span>: \u201cpelo desenvolvimento do m\u00e9todo fotogr\u00e1fico de estudo de processos nucleares e por suas descobertas sobre m\u00e9sons feitas com este m\u00e9todo\u201d. At\u00e9 aquele momento, o pr\u00eamio Nobel era concedido apenas ao l\u00edder e orientador do projeto de pesquisa. Lattes e Occhialini jamais receberam o pr\u00eamio por suas descobertas, apesar das\u00a0<span style=\"color: #800000;\"><strong><a style=\"color: #800000;\" href=\"https:\/\/www.gov.br\/cbpf\/pt-br\/divulgacao-cientifica\/livros\/cesar_lattes_-_arrastado_pela_historia.pdf\" target=\"_blank\" rel=\"noopener\">sete indica\u00e7\u00f5es ao Nobel<\/a><\/strong><\/span>.<\/p>\n<p>Mesmo sem o merecido pr\u00eamio, o reconhecimento das pesquisas alavancou a carreira de Lattes. Alguns anos depois, trabalhou no maior acelerador de part\u00edculas do mundo, na Universidade da Calif\u00f3rnia. E em 1949, no auge de sua fama, retornou ao Brasil, sendo recebido como celebridade. Nos anos seguintes, contribuiu com a cria\u00e7\u00e3o do Conselho Nacional de Desenvolvimento Cient\u00edfico e Tecnol\u00f3gico (CNPq) \u2013 sendo homenageado com o lan\u00e7amento da Plataforma Lattes em 1999. Cesar Lattes morreu em 2005, aos 80 anos.<\/p>\n<p>Lattes lutou pela pesquisa brasileira e, mesmo em meio a oportunidades externas e conflitos internos, escolheu permanecer no pa\u00eds. Atualmente, mais de 70 anos depois destes eventos, o Brasil ainda n\u00e3o possui nenhum Nobel, seus pesquisadores ainda brigam por investimentos e o pa\u00eds busca solu\u00e7\u00f5es para evitar a \u201cfuga de c\u00e9rebros\u201d. Pr\u00eamios de n\u00edvel internacional demandam investimentos de n\u00edvel internacional. E em meio a tantos desafios cient\u00edficos e cobran\u00e7as por publica\u00e7\u00f5es e protagonismo internacional, os pesquisadores ainda precisam lutar constantemente contra os cortes na ci\u00eancia brasileira.<\/p>\n<p>Quando retornou para o Brasil, em uma carta a um colega, Lattes escreveu:\u00a0<span style=\"color: #800000;\"><strong><a style=\"color: #800000;\" href=\"https:\/\/www1.folha.uol.com.br\/ilustrissima\/2017\/06\/1895455-quando-um-cientista-brasileiro-era-estrela-midiatica-e-concorreu-ao-nobel.shtml\" target=\"_blank\" rel=\"noopener\">\u201cPrefiro ajudar a construir a ci\u00eancia no Brasil do que ganhar um Nobel\u201d<\/a><\/strong><\/span>. Que os cem anos de Cesar Lattes sirvam de inspira\u00e7\u00e3o: tanto para os novos pesquisadores que criam seus curr\u00edculos na Plataforma, quanto para aqueles que investem na ci\u00eancia brasileira.<\/p>\n<p>&nbsp;<\/p>\n<h6 id=\"capa-o-fisico-brasileiro-cesar-lattes-em-1954-fonte-arquivo\">Capa. O f\u00edsico brasileiro C\u00e9sar Lattes em 1954 (Fonte: Arquivo)<\/h6>\n","protected":false},"excerpt":{"rendered":"Em julho de 2024 ser\u00e3o comemorados os 100 anos do nascimento de&hellip;\n","protected":false},"author":186,"featured_media":5773,"comment_status":"open","ping_status":"open","sticky":false,"template":"","format":"standard","meta":[],"categories":[1,2],"tags":[],"acf":[],"_links":{"self":[{"href":"https:\/\/revistacienciaecultura.org.br\/index.php?rest_route=\/wp\/v2\/posts\/5771"}],"collection":[{"href":"https:\/\/revistacienciaecultura.org.br\/index.php?rest_route=\/wp\/v2\/posts"}],"about":[{"href":"https:\/\/revistacienciaecultura.org.br\/index.php?rest_route=\/wp\/v2\/types\/post"}],"author":[{"embeddable":true,"href":"https:\/\/revistacienciaecultura.org.br\/index.php?rest_route=\/wp\/v2\/users\/186"}],"replies":[{"embeddable":true,"href":"https:\/\/revistacienciaecultura.org.br\/index.php?rest_route=%2Fwp%2Fv2%2Fcomments&post=5771"}],"version-history":[{"count":2,"href":"https:\/\/revistacienciaecultura.org.br\/index.php?rest_route=\/wp\/v2\/posts\/5771\/revisions"}],"predecessor-version":[{"id":5774,"href":"https:\/\/revistacienciaecultura.org.br\/index.php?rest_route=\/wp\/v2\/posts\/5771\/revisions\/5774"}],"wp:featuredmedia":[{"embeddable":true,"href":"https:\/\/revistacienciaecultura.org.br\/index.php?rest_route=\/wp\/v2\/media\/5773"}],"wp:attachment":[{"href":"https:\/\/revistacienciaecultura.org.br\/index.php?rest_route=%2Fwp%2Fv2%2Fmedia&parent=5771"}],"wp:term":[{"taxonomy":"category","embeddable":true,"href":"https:\/\/revistacienciaecultura.org.br\/index.php?rest_route=%2Fwp%2Fv2%2Fcategories&post=5771"},{"taxonomy":"post_tag","embeddable":true,"href":"https:\/\/revistacienciaecultura.org.br\/index.php?rest_route=%2Fwp%2Fv2%2Ftags&post=5771"}],"curies":[{"name":"wp","href":"https:\/\/api.w.org\/{rel}","templated":true}]}}