{"id":5775,"date":"2024-03-28T07:30:09","date_gmt":"2024-03-28T07:30:09","guid":{"rendered":"https:\/\/revistacienciaecultura.org.br\/?p=5775"},"modified":"2024-03-27T11:14:43","modified_gmt":"2024-03-27T11:14:43","slug":"ciencia-cultura-75-anos-leia-todas-as-edicoes-da-revista-no-acervo-digital","status":"publish","type":"post","link":"https:\/\/revistacienciaecultura.org.br\/?p=5775","title":{"rendered":"Ci\u00eancia &#038; Cultura 75 anos: Leia todas as edi\u00e7\u00f5es da revista no acervo digital"},"content":{"rendered":"<h4 id=\"revista-e-o-mais-antigo-veiculo-de-divulgacao-cientifica-em-circulacao-no-brasil-e-possui-mais-de-460-edicoes\"><span style=\"color: #808080;\">Revista \u00e9 o mais antigo ve\u00edculo de divulga\u00e7\u00e3o cient\u00edfica em circula\u00e7\u00e3o no Brasil e possui mais de 460 edi\u00e7\u00f5es.<\/span><\/h4>\n<p><em>\u00a0<\/em><\/p>\n<p>A revista Ci\u00eancia &amp; Cultura \u00e9 um dos mais antigos \u2014 e importantes \u2014 ve\u00edculos de divulga\u00e7\u00e3o cient\u00edfica do pa\u00eds. E se voc\u00ea quiser saber mais sobre a hist\u00f3ria dessa publica\u00e7\u00e3o, sendo um marco para a institucionaliza\u00e7\u00e3o da ci\u00eancia no Pa\u00eds, pode acessar todos os seus n\u00fameros online!<\/p>\n<p>Com 75 anos e 464 edi\u00e7\u00f5es, v\u00e1rios projetos mant\u00eam viva sua mem\u00f3ria. Uma parceria entre a Sociedade Brasileira para o Progresso da Ci\u00eancia (SBPC) e a Hemeroteca Digital Brasileira, da Biblioteca Nacional (BN) viabilizou a digitaliza\u00e7\u00e3o de toda sua cole\u00e7\u00e3o at\u00e9 2017. Todos os n\u00fameros podem ser consultados no site da\u00a0<span style=\"color: #800000;\"><strong><a style=\"color: #800000;\" href=\"http:\/\/bndigital.bn.gov.br\/hemeroteca-digital\/\">Hemeroteca Digital Brasileira<\/a><\/strong><\/span>.<\/p>\n<p>As edi\u00e7\u00f5es da revista tamb\u00e9m est\u00e3o indexadas e dispon\u00edveis para a consulta no portal\u00a0<span style=\"color: #800000;\"><strong><a style=\"color: #800000;\" href=\"http:\/\/cienciaecultura.bvs.br\/scielo.php?script=sci_serial&amp;pid=0009-6725&amp;lng=pt&amp;nrm=iso\">Scielo<\/a><\/strong><\/span>, nas vers\u00f5es HTML e PDF\u00a0(a partir de 2002) e no\u00a0<span style=\"color: #800000;\"><strong><a style=\"color: #800000;\" href=\"http:\/\/sbpcacervodigital.org.br\/handle\/20.500.11832\/2534\">Acervo Digital da SBPC\u00a0<\/a><\/strong><\/span>(a partir de 2007). Al\u00e9m de poder ler todas as edi\u00e7\u00f5es da revista online, tamb\u00e9m \u00e9 poss\u00edvel ouvir e assistir seus conte\u00fados atrav\u00e9s dos canais no\u00a0<span style=\"color: #800000;\"><strong><a style=\"color: #800000;\" href=\"https:\/\/www.youtube.com\/channel\/UCSBnKTwTjmbTy8wEUQq6zyA\/videos\">YouTube<\/a><\/strong>\u00a0<\/span>e no\u00a0<span style=\"color: #800000;\"><strong><a style=\"color: #800000;\" href=\"https:\/\/open.spotify.com\/show\/2N5V5GN0zo7zct8Fh34Si5?si=2eab635b9d9842ec\">Spotifty<\/a><\/strong><\/span>\u00a0(e em diversos outros tocadores).<\/p>\n<p>A publica\u00e7\u00e3o passou por fases diversas, mas sempre visou informar a comunidade cient\u00edfica sobre quest\u00f5es importantes para a ci\u00eancia no Brasil, contribuindo para o debate de grandes temas cient\u00edficos e culturais da atualidade, atraindo a aten\u00e7\u00e3o das novas gera\u00e7\u00f5es de pesquisadores e oferecendo conte\u00fados para uma reflex\u00e3o sobre tais temas.<\/p>\n<p>De publica\u00e7\u00e3o trimestral, a cada edi\u00e7\u00e3o a revista escolhe um tema para abord\u00e1-lo do ponto de vista da ci\u00eancia, cultura, arte e filosofia. Todos os meses, um novo cap\u00edtulo \u00e9 publicado, trazendo novos artigos, ensaios, reportagens jornal\u00edsticas, textos de opini\u00e3o, v\u00eddeos, podcasts e muito mais.<\/p>\n<p><strong>\u00a0<\/strong><\/p>\n<h4 id=\"historia\"><strong>Hist\u00f3ria<\/strong><\/h4>\n<p><strong>\u00a0<\/strong>A\u00a0<span style=\"color: #800000;\"><strong><a style=\"color: #800000;\" href=\"https:\/\/revistacienciaecultura.org.br\/\">Ci\u00eancia &amp; Cultura<\/a><\/strong><\/span>\u00a0foi idealizada por Jos\u00e9 Reis (1907-2002), que a dirigiu de 1949 a 1954 e de 1972 a 1985. Em 1968, ela passou por sua primeira remodela\u00e7\u00e3o, recebendo um tratamento gr\u00e1fico mais art\u00edstico. Nos anos 1990, ocorreu outra grande transforma\u00e7\u00e3o: a revista passou a ser publicada integralmente em ingl\u00eas, tornando-se o \u201c<em>Journal of the Brazilian Association for the Advancement of Science<\/em>\u201d. Por\u00e9m, ap\u00f3s a Reuni\u00e3o Anual da SBPC de 2000, realizada em Bras\u00edlia, ela voltou a ser publicada em portugu\u00eas. No mesmo ano, a publica\u00e7\u00e3o passou a ter suporte t\u00e9cnico do\u00a0<span style=\"color: #800000;\"><strong><a style=\"color: #800000;\" href=\"http:\/\/www.labjor.unicamp.br\/\">Laborat\u00f3rio de estudos Avan\u00e7ados (Labjor)<\/a><\/strong><\/span>, da Unicamp, e a ser dirigida por Carlos Vogt, ent\u00e3o vice-presidente da SBPC na gest\u00e3o de Glaci Zancan, que ficou \u00e0 sua frente de 2000 a 2007 e de 2018 a 2021. Ap\u00f3s 20 anos sendo produzida no Labjor, a revista voltou a ser publicada na SBPC em 2022, quando se tornou inteiramente digital \u2014 mas sem perder seu perfil original que a tornou um dos mais importantes e hist\u00f3ricos ve\u00edculos de divulga\u00e7\u00e3o cient\u00edfica do Pa\u00eds.<\/p>\n<p><strong>\u00a0<\/strong><\/p>\n<p><span style=\"color: #800000;\"><strong><a style=\"color: #800000;\" href=\"http:\/\/sbpcacervodigital.org.br\/handle\/20.500.11832\/2534\">Acesse e conhe\u00e7a o acervo da Ci\u00eancia &amp; Cultura<\/a><\/strong><\/span><\/p>\n","protected":false},"excerpt":{"rendered":"Revista \u00e9 o mais antigo ve\u00edculo de divulga\u00e7\u00e3o cient\u00edfica em circula\u00e7\u00e3o no&hellip;\n","protected":false},"author":19,"featured_media":5776,"comment_status":"open","ping_status":"open","sticky":false,"template":"","format":"standard","meta":[],"categories":[1,2],"tags":[],"acf":[],"_links":{"self":[{"href":"https:\/\/revistacienciaecultura.org.br\/index.php?rest_route=\/wp\/v2\/posts\/5775"}],"collection":[{"href":"https:\/\/revistacienciaecultura.org.br\/index.php?rest_route=\/wp\/v2\/posts"}],"about":[{"href":"https:\/\/revistacienciaecultura.org.br\/index.php?rest_route=\/wp\/v2\/types\/post"}],"author":[{"embeddable":true,"href":"https:\/\/revistacienciaecultura.org.br\/index.php?rest_route=\/wp\/v2\/users\/19"}],"replies":[{"embeddable":true,"href":"https:\/\/revistacienciaecultura.org.br\/index.php?rest_route=%2Fwp%2Fv2%2Fcomments&post=5775"}],"version-history":[{"count":2,"href":"https:\/\/revistacienciaecultura.org.br\/index.php?rest_route=\/wp\/v2\/posts\/5775\/revisions"}],"predecessor-version":[{"id":5778,"href":"https:\/\/revistacienciaecultura.org.br\/index.php?rest_route=\/wp\/v2\/posts\/5775\/revisions\/5778"}],"wp:featuredmedia":[{"embeddable":true,"href":"https:\/\/revistacienciaecultura.org.br\/index.php?rest_route=\/wp\/v2\/media\/5776"}],"wp:attachment":[{"href":"https:\/\/revistacienciaecultura.org.br\/index.php?rest_route=%2Fwp%2Fv2%2Fmedia&parent=5775"}],"wp:term":[{"taxonomy":"category","embeddable":true,"href":"https:\/\/revistacienciaecultura.org.br\/index.php?rest_route=%2Fwp%2Fv2%2Fcategories&post=5775"},{"taxonomy":"post_tag","embeddable":true,"href":"https:\/\/revistacienciaecultura.org.br\/index.php?rest_route=%2Fwp%2Fv2%2Ftags&post=5775"}],"curies":[{"name":"wp","href":"https:\/\/api.w.org\/{rel}","templated":true}]}}