{"id":5792,"date":"2024-04-03T07:30:53","date_gmt":"2024-04-03T07:30:53","guid":{"rendered":"https:\/\/revistacienciaecultura.org.br\/?p=5792"},"modified":"2024-04-02T12:55:54","modified_gmt":"2024-04-02T12:55:54","slug":"oms-lanca-rede-global-covinet-para-monitorar-coronavirus-e-suas-variantes","status":"publish","type":"post","link":"https:\/\/revistacienciaecultura.org.br\/?p=5792","title":{"rendered":"OMS lan\u00e7a rede global CoViNet para monitorar coronav\u00edrus e suas variantes"},"content":{"rendered":"<h4 id=\"iniciativa-inclui-36-laboratorios-em-21-paises-entre-eles-a-fundacao-oswaldo-cruz-no-brasil\"><span style=\"color: #808080;\">Iniciativa inclui 36 laborat\u00f3rios em 21 pa\u00edses, entre eles a Funda\u00e7\u00e3o Oswaldo Cruz, no Brasil<\/span><\/h4>\n<p><em>\u00a0<\/em><\/p>\n<p>A Organiza\u00e7\u00e3o Mundial da Sa\u00fade (OMS) anunciou na semana passada o lan\u00e7amento da CoViNet, uma nova rede destinada a coordenar e facilitar esfor\u00e7os globais para monitorar o coronav\u00edrus e suas variantes. Esta iniciativa busca fortalecer as capacidades de detec\u00e7\u00e3o precoce, monitoramento e avalia\u00e7\u00e3o dos v\u00edrus respons\u00e1veis pela Covid-19, S\u00edndrome Respirat\u00f3ria do Oriente M\u00e9dio (MERS) e outros coronav\u00edrus de import\u00e2ncia para a sa\u00fade p\u00fablica.<\/p>\n<p>Inicialmente estabelecida durante os primeiros dias da pandemia, a rede de laborat\u00f3rios de refer\u00eancia Covid-19 da OMS, focada principalmente no Sars-CoV-2, expande agora seu escopo para abordar uma gama mais ampla de coronav\u00edrus, incluindo o Mers-CoV e potenciais novos coronav\u00edrus.<\/p>\n<p>A CoViNet \u00e9 uma rede global composta por 36 laborat\u00f3rios em 21 pa\u00edses, abrangendo todas as seis regi\u00f5es da OMS. Entre os participantes est\u00e1 a renomada Funda\u00e7\u00e3o Oswaldo Cruz, representando o Brasil nessa importante iniciativa. Representantes dos centros de pesquisa se reuniram recentemente em Genebra nos dias 26 e 27 de mar\u00e7o para finalizar o plano de a\u00e7\u00e3o da rede para os anos de 2024 e 2025. O objetivo principal \u00e9 garantir que os Estados-membros da OMS estejam mais bem preparados para a detec\u00e7\u00e3o precoce, avalia\u00e7\u00e3o de risco e resposta aos desafios de sa\u00fade relacionados aos coronav\u00edrus.<\/p>\n<p>Durante o encontro da CoViNet, especialistas globais em sa\u00fade humana, animal e ambiental uniram for\u00e7as, adotando uma abordagem abrangente para monitorar e avaliar a evolu\u00e7\u00e3o e dissemina\u00e7\u00e3o desses pat\u00f3genos. Esta colabora\u00e7\u00e3o regional destaca a import\u00e2ncia crucial de uma maior vigil\u00e2ncia, capacidade laboratorial, sequenciamento gen\u00f4mico e integra\u00e7\u00e3o de dados para orientar as pol\u00edticas da OMS e apoiar a tomada de decis\u00f5es.<\/p>\n<p>Os dados gerados por meio dos esfor\u00e7os da CoViNet ser\u00e3o fundamentais para guiar o trabalho dos Grupos T\u00e9cnicos Consultivos sobre Evolu\u00e7\u00e3o Viral e Composi\u00e7\u00e3o de Vacinas da OMS, garantindo que as pol\u00edticas e ferramentas globais de sa\u00fade sejam baseadas nas informa\u00e7\u00f5es cient\u00edficas mais recentes.<\/p>\n<p>Essa iniciativa representa um passo significativo no esfor\u00e7o global para entender e combater os desafios apresentados pelos coronav\u00edrus.<\/p>\n<p>&nbsp;<\/p>\n<p><span style=\"color: #808080;\"><em>Com informa\u00e7\u00f5es de ONU News<\/em><\/span><\/p>\n","protected":false},"excerpt":{"rendered":"Iniciativa inclui 36 laborat\u00f3rios em 21 pa\u00edses, entre eles a Funda\u00e7\u00e3o Oswaldo&hellip;\n","protected":false},"author":19,"featured_media":2117,"comment_status":"open","ping_status":"open","sticky":false,"template":"","format":"standard","meta":[],"categories":[1,2],"tags":[],"acf":[],"_links":{"self":[{"href":"https:\/\/revistacienciaecultura.org.br\/index.php?rest_route=\/wp\/v2\/posts\/5792"}],"collection":[{"href":"https:\/\/revistacienciaecultura.org.br\/index.php?rest_route=\/wp\/v2\/posts"}],"about":[{"href":"https:\/\/revistacienciaecultura.org.br\/index.php?rest_route=\/wp\/v2\/types\/post"}],"author":[{"embeddable":true,"href":"https:\/\/revistacienciaecultura.org.br\/index.php?rest_route=\/wp\/v2\/users\/19"}],"replies":[{"embeddable":true,"href":"https:\/\/revistacienciaecultura.org.br\/index.php?rest_route=%2Fwp%2Fv2%2Fcomments&post=5792"}],"version-history":[{"count":2,"href":"https:\/\/revistacienciaecultura.org.br\/index.php?rest_route=\/wp\/v2\/posts\/5792\/revisions"}],"predecessor-version":[{"id":5794,"href":"https:\/\/revistacienciaecultura.org.br\/index.php?rest_route=\/wp\/v2\/posts\/5792\/revisions\/5794"}],"wp:featuredmedia":[{"embeddable":true,"href":"https:\/\/revistacienciaecultura.org.br\/index.php?rest_route=\/wp\/v2\/media\/2117"}],"wp:attachment":[{"href":"https:\/\/revistacienciaecultura.org.br\/index.php?rest_route=%2Fwp%2Fv2%2Fmedia&parent=5792"}],"wp:term":[{"taxonomy":"category","embeddable":true,"href":"https:\/\/revistacienciaecultura.org.br\/index.php?rest_route=%2Fwp%2Fv2%2Fcategories&post=5792"},{"taxonomy":"post_tag","embeddable":true,"href":"https:\/\/revistacienciaecultura.org.br\/index.php?rest_route=%2Fwp%2Fv2%2Ftags&post=5792"}],"curies":[{"name":"wp","href":"https:\/\/api.w.org\/{rel}","templated":true}]}}