{"id":5828,"date":"2024-04-09T08:00:49","date_gmt":"2024-04-09T08:00:49","guid":{"rendered":"https:\/\/revistacienciaecultura.org.br\/?p=5828"},"modified":"2024-04-09T11:18:38","modified_gmt":"2024-04-09T11:18:38","slug":"cesar-lattes-e-a-fisica-brasileira-na-segunda-metade-do-seculo-xx-2","status":"publish","type":"post","link":"https:\/\/revistacienciaecultura.org.br\/?p=5828","title":{"rendered":"Cesar Lattes e a f\u00edsica brasileira na segunda metade do s\u00e9culo XX"},"content":{"rendered":"<h4 id=\"lattes-desempenhou-papel-fundamental-na-criacao-de-instituicoes-cientificas-e-no-fortalecimento-da-ciencia-no-brasil\"><span style=\"color: #808080;\">Lattes desempenhou papel fundamental na cria\u00e7\u00e3o de institui\u00e7\u00f5es cient\u00edficas e no fortalecimento da ci\u00eancia no Brasil <\/span><\/h4>\n<p>&nbsp;<\/p>\n<p>O nome de Cesar Lattes n\u00e3o s\u00f3 est\u00e1 associado \u00e0 descoberta do m\u00e9son pi, mas tamb\u00e9m \u00e0 constru\u00e7\u00e3o de uma base s\u00f3lida para a ci\u00eancia no Brasil. A segunda parte do v\u00eddeo especial sobre a vida e o legado do f\u00edsico brasileiro mostra como Lattes foi um defensor incans\u00e1vel da ci\u00eancia e da educa\u00e7\u00e3o, marcando a forma\u00e7\u00e3o e o avan\u00e7o de diversos departamentos, institutos e laborat\u00f3rios de pesquisa no pa\u00eds.<\/p>\n<p>Mais do que um cientista de renome, Lattes foi um vision\u00e1rio que buscava trazer para o Brasil os sistemas e padr\u00f5es de pesquisa que observou em centros cient\u00edficos ao redor do mundo. Sua presen\u00e7a e influ\u00eancia foram cruciais na funda\u00e7\u00e3o do CBPF, um marco na pesquisa fundamental em F\u00edsica no pa\u00eds. Como primeiro diretor cient\u00edfico da institui\u00e7\u00e3o, Lattes n\u00e3o s\u00f3 buscou infraestrutura e bolsas, mas tamb\u00e9m atraiu estudantes qualificados e promoveu parcerias internacionais de peso. \u201cN\u00e3o d\u00e1 para medir o impacto que o Lattes, atrav\u00e9s de seu retorno para o Brasil e seu empenho no desenvolvimento do CBPF do CNPq, teve no futuro da ci\u00eancia brasileira\u201d, afirma Ulisses Barres de Almeida, pesquisador associado do Centro Brasileiro de Pesquisas F\u00edsicas (CBPF) e vice-diretor do Centro Latino-Americano de F\u00edsica (CLAF), institui\u00e7\u00e3o ligada \u00e0 Unesco com sede no Rio de Janeiro.<\/p>\n<p>A influ\u00eancia de Lattes vai al\u00e9m das fronteiras do CBPF. Sua participa\u00e7\u00e3o na cria\u00e7\u00e3o do CNPq e do Instituto de F\u00edsica Gleb Wataghin (IFGW) na Unicamp s\u00e3o testemunhos de seu comprometimento em estabelecer uma base s\u00f3lida para a pesquisa cient\u00edfica no Brasil. Para muitos que conviveram e trabalharam com ele, Lattes representava n\u00e3o apenas um cientista excepcional, mas tamb\u00e9m um s\u00edmbolo do potencial brasileiro na produ\u00e7\u00e3o de ci\u00eancia de alta qualidade. \u201cEle tinha essa esse anseio de fazer com que n\u00f3s tiv\u00e9ssemos condi\u00e7\u00f5es de fazer uma f\u00edsica de qualidade, pois enxergava que t\u00ednhamos condi\u00e7\u00f5es para isso\u201d, pontua Iramaia\u00a0Jorge Cabral de\u00a0Paulo, professora do Instituto de F\u00edsica da Universidade Federal do Mato Grosso (UFMT).<\/p>\n<p>Hoje, o legado de Cesar Lattes vive nos corredores e laborat\u00f3rios dessas institui\u00e7\u00f5es que ajudou a criar. O CBPF, vinculado ao Minist\u00e9rio da Ci\u00eancia, Tecnologia e Inova\u00e7\u00f5es, mant\u00e9m colabora\u00e7\u00f5es internacionais de peso, como o Centro Europeu de Pesquisas Nucleares (CERN) e o Laborat\u00f3rio Fermi (Fermilab). O Instituto de F\u00edsica Gleb Wataghin (IFGW) da Unicamp, com seu Departamento de Raios C\u00f3smicos e Cronologia fundado por Lattes, continua a ser um centro de refer\u00eancia em pesquisa. \u201cO Lattes foi o cientista respons\u00e1vel por abrir as portas experimentais da f\u00edsica de part\u00edculas\u201d, afirma Her\u00e1clio Duarte Tavares, professor do curso de Hist\u00f3ria da Universidade do Estado de Mato Grosso (UNEMAT).<\/p>\n<p>&nbsp;<\/p>\n<p><strong>Assista ao v\u00eddeo completo:<\/strong><\/p>\n<p><iframe loading=\"lazy\" title=\"Cesar Lattes e a f\u00edsica brasileira na segunda metade do s\u00e9culo XX\" width=\"1200\" height=\"675\" src=\"https:\/\/www.youtube.com\/embed\/rKxpkX0r4oI?feature=oembed\" frameborder=\"0\" allow=\"accelerometer; autoplay; clipboard-write; encrypted-media; gyroscope; picture-in-picture; web-share\" referrerpolicy=\"strict-origin-when-cross-origin\" allowfullscreen><\/iframe><\/p>\n<p>&nbsp;<\/p>\n","protected":false},"excerpt":{"rendered":"Lattes desempenhou papel fundamental na cria\u00e7\u00e3o de institui\u00e7\u00f5es cient\u00edficas e no fortalecimento&hellip;\n","protected":false},"author":19,"featured_media":5829,"comment_status":"open","ping_status":"open","sticky":false,"template":"","format":"standard","meta":[],"categories":[5],"tags":[],"acf":[],"_links":{"self":[{"href":"https:\/\/revistacienciaecultura.org.br\/index.php?rest_route=\/wp\/v2\/posts\/5828"}],"collection":[{"href":"https:\/\/revistacienciaecultura.org.br\/index.php?rest_route=\/wp\/v2\/posts"}],"about":[{"href":"https:\/\/revistacienciaecultura.org.br\/index.php?rest_route=\/wp\/v2\/types\/post"}],"author":[{"embeddable":true,"href":"https:\/\/revistacienciaecultura.org.br\/index.php?rest_route=\/wp\/v2\/users\/19"}],"replies":[{"embeddable":true,"href":"https:\/\/revistacienciaecultura.org.br\/index.php?rest_route=%2Fwp%2Fv2%2Fcomments&post=5828"}],"version-history":[{"count":2,"href":"https:\/\/revistacienciaecultura.org.br\/index.php?rest_route=\/wp\/v2\/posts\/5828\/revisions"}],"predecessor-version":[{"id":5831,"href":"https:\/\/revistacienciaecultura.org.br\/index.php?rest_route=\/wp\/v2\/posts\/5828\/revisions\/5831"}],"wp:featuredmedia":[{"embeddable":true,"href":"https:\/\/revistacienciaecultura.org.br\/index.php?rest_route=\/wp\/v2\/media\/5829"}],"wp:attachment":[{"href":"https:\/\/revistacienciaecultura.org.br\/index.php?rest_route=%2Fwp%2Fv2%2Fmedia&parent=5828"}],"wp:term":[{"taxonomy":"category","embeddable":true,"href":"https:\/\/revistacienciaecultura.org.br\/index.php?rest_route=%2Fwp%2Fv2%2Fcategories&post=5828"},{"taxonomy":"post_tag","embeddable":true,"href":"https:\/\/revistacienciaecultura.org.br\/index.php?rest_route=%2Fwp%2Fv2%2Ftags&post=5828"}],"curies":[{"name":"wp","href":"https:\/\/api.w.org\/{rel}","templated":true}]}}