{"id":5832,"date":"2024-04-10T07:30:45","date_gmt":"2024-04-10T07:30:45","guid":{"rendered":"https:\/\/revistacienciaecultura.org.br\/?p=5832"},"modified":"2024-04-09T20:10:51","modified_gmt":"2024-04-09T20:10:51","slug":"mulheres-rurais-na-vanguarda-da-inovacao-agricola-no-brasil","status":"publish","type":"post","link":"https:\/\/revistacienciaecultura.org.br\/?p=5832","title":{"rendered":"Mulheres rurais na vanguarda da inova\u00e7\u00e3o agr\u00edcola no Brasil"},"content":{"rendered":"<h4 id=\"ter-dados-por-genero-e-essencial-para-melhorar-politicas-rurais\">Ter dados por g\u00eanero \u00e9 essencial para melhorar pol\u00edticas rurais.<\/h4>\n<p><em>\u00a0<\/em><\/p>\n<p>Um estudo revelador da <span style=\"color: #800000;\"><strong><a style=\"color: #800000;\" href=\"https:\/\/www.theagribiz.com\/agtechs\/saindo-da-garagem-por-que-a-pwc-mudou-o-nome-do-agtech-garage\/?nowprocket=1\">AgTech Innovation<\/a><\/strong><\/span>, sediada em Piracicaba, S\u00e3o Paulo, ressalta o papel fundamental das mulheres na ado\u00e7\u00e3o de tecnologias e na automatiza\u00e7\u00e3o das explora\u00e7\u00f5es agr\u00edcolas rurais no Brasil. Apesar disso, a contribui\u00e7\u00e3o dessas mulheres muitas vezes permanece invis\u00edvel.<\/p>\n<p>Conforme a <strong><a href=\"https:\/\/agevolution.canalrural.com.br\/agtech-garage-detalha-perfil-de-mulheres-inovadoras-do-agro\/\"><span style=\"color: #800000;\">pesquisa de 2021<\/span><\/a><\/strong>, 52% das mulheres rurais est\u00e3o envolvidas na inova\u00e7\u00e3o pr\u00e9-produtiva, abrangendo aspectos como maquin\u00e1rio, produtos qu\u00edmicos, sementes e log\u00edstica. Al\u00e9m disso, 59% participam ativamente no processo produtivo, desde o plantio at\u00e9 o processamento, enquanto 34,3% incorporam inova\u00e7\u00e3o na p\u00f3s-produ\u00e7\u00e3o, incluindo armazenamento e distribui\u00e7\u00e3o.<\/p>\n<p>O relat\u00f3rio &#8220;<span style=\"color: #800000;\"><strong><a style=\"color: #800000;\" href=\"https:\/\/www.embrapa.br\/en\/busca-de-publicacoes\/-\/publicacao\/1158685\/mulheres-na-pecuaria\">Mulheres na Pecu\u00e1ria<\/a><\/strong><\/span>&#8221; destaca que a estrutura de g\u00eanero na sociedade brasileira reflete-se no trabalho agr\u00edcola. Tarefas relacionadas ao cuidado e \u00e0 subsist\u00eancia, frequentemente, recaem sobre as mulheres, embora n\u00e3o sejam reconhecidas como atividades econ\u00f4micas geradoras de renda para a fam\u00edlia. A pesquisa revela que metade das propriedades administradas por mulheres no Brasil s\u00e3o dedicadas \u00e0 cria\u00e7\u00e3o de gado, enquanto 37% se dedicam \u00e0 cria\u00e7\u00e3o de aves. No entanto, a lideran\u00e7a agr\u00edcola na pecu\u00e1ria ainda \u00e9 predominantemente masculina, com mulheres frequentemente exclu\u00eddas da sucess\u00e3o nas fazendas.<\/p>\n<p>Francisca Neri, presidente da Associa\u00e7\u00e3o dos Criadores de Ovinos e Caprinos de Bet\u00e2nia, no Piau\u00ed, Nordeste do Brasil, testemunhou essa realidade em primeira m\u00e3o. Filha de agricultores, Neri entrou no mundo da pecu\u00e1ria e enfrentou a desconfian\u00e7a em rela\u00e7\u00e3o \u00e0 sua lideran\u00e7a por ser mulher.<\/p>\n<p>Apesar dos obst\u00e1culos, Neri destaca que a gest\u00e3o feminina agrega sensibilidade e vis\u00e3o ampla ao neg\u00f3cio. Ela afirma que as mulheres t\u00eam a capacidade de entender as necessidades do campo de forma mais hol\u00edstica, destacando-se na detec\u00e7\u00e3o de problemas e solu\u00e7\u00f5es.<\/p>\n<p>Contudo, Alessandra Gali\u00e8, l\u00edder do grupo de trabalho de g\u00eanero do Instituto Internacional de Investiga\u00e7\u00e3o Pecu\u00e1ria, ressalta que globalmente menos de 15% dos propriet\u00e1rios de terras s\u00e3o mulheres, o que limita o acesso delas aos mercados e servi\u00e7os de apoio.<\/p>\n<p>Para De Mori, \u00e9 crucial dar mais visibilidade ao trabalho das mulheres rurais e produzir mais pesquisas sobre o tema. Ela destaca que a produ\u00e7\u00e3o cient\u00edfica pode impulsionar inova\u00e7\u00f5es que facilitem o trabalho das mulheres e embasar pol\u00edticas p\u00fablicas que atendam \u00e0s suas necessidades.<\/p>\n<p>Gali\u00e8 concorda, enfatizando a import\u00e2ncia de coletar dados desagregados por g\u00eanero nas \u00e1reas rurais para orientar pol\u00edticas eficazes. Ambas acreditam que uma igualdade de condi\u00e7\u00f5es entre homens e mulheres nas zonas rurais \u00e9 essencial para um modelo sustent\u00e1vel de produ\u00e7\u00e3o alimentar.<\/p>\n<p>Em \u00faltima an\u00e1lise, o reconhecimento e o apoio \u00e0s mulheres rurais n\u00e3o apenas promovem a igualdade de g\u00eanero, mas tamb\u00e9m impulsionam a inova\u00e7\u00e3o e a sustentabilidade no setor agr\u00edcola brasileiro.<\/p>\n","protected":false},"excerpt":{"rendered":"Ter dados por g\u00eanero \u00e9 essencial para melhorar pol\u00edticas rurais. \u00a0 Um&hellip;\n","protected":false},"author":19,"featured_media":5834,"comment_status":"open","ping_status":"open","sticky":false,"template":"","format":"standard","meta":[],"categories":[1,2],"tags":[],"acf":[],"_links":{"self":[{"href":"https:\/\/revistacienciaecultura.org.br\/index.php?rest_route=\/wp\/v2\/posts\/5832"}],"collection":[{"href":"https:\/\/revistacienciaecultura.org.br\/index.php?rest_route=\/wp\/v2\/posts"}],"about":[{"href":"https:\/\/revistacienciaecultura.org.br\/index.php?rest_route=\/wp\/v2\/types\/post"}],"author":[{"embeddable":true,"href":"https:\/\/revistacienciaecultura.org.br\/index.php?rest_route=\/wp\/v2\/users\/19"}],"replies":[{"embeddable":true,"href":"https:\/\/revistacienciaecultura.org.br\/index.php?rest_route=%2Fwp%2Fv2%2Fcomments&post=5832"}],"version-history":[{"count":2,"href":"https:\/\/revistacienciaecultura.org.br\/index.php?rest_route=\/wp\/v2\/posts\/5832\/revisions"}],"predecessor-version":[{"id":5835,"href":"https:\/\/revistacienciaecultura.org.br\/index.php?rest_route=\/wp\/v2\/posts\/5832\/revisions\/5835"}],"wp:featuredmedia":[{"embeddable":true,"href":"https:\/\/revistacienciaecultura.org.br\/index.php?rest_route=\/wp\/v2\/media\/5834"}],"wp:attachment":[{"href":"https:\/\/revistacienciaecultura.org.br\/index.php?rest_route=%2Fwp%2Fv2%2Fmedia&parent=5832"}],"wp:term":[{"taxonomy":"category","embeddable":true,"href":"https:\/\/revistacienciaecultura.org.br\/index.php?rest_route=%2Fwp%2Fv2%2Fcategories&post=5832"},{"taxonomy":"post_tag","embeddable":true,"href":"https:\/\/revistacienciaecultura.org.br\/index.php?rest_route=%2Fwp%2Fv2%2Ftags&post=5832"}],"curies":[{"name":"wp","href":"https:\/\/api.w.org\/{rel}","templated":true}]}}