{"id":5841,"date":"2024-04-16T07:30:10","date_gmt":"2024-04-16T07:30:10","guid":{"rendered":"https:\/\/revistacienciaecultura.org.br\/?p=5841"},"modified":"2024-04-12T17:34:02","modified_gmt":"2024-04-12T17:34:02","slug":"lei-inscreve-o-fisico-cesar-lattes-no-livro-dos-herois-e-heroinas-da-patria-fonte-agencia-camara-de-noticias","status":"publish","type":"post","link":"https:\/\/revistacienciaecultura.org.br\/?p=5841","title":{"rendered":"Lei inscreve o f\u00edsico C\u00e9sar Lattes no Livro dos Her\u00f3is e Hero\u00ednas da P\u00e1tria"},"content":{"rendered":"<h4 id=\"o-registro-do-nome-de-cesar-lattes-no-livro-foi-aprovado-pelo-congresso-nacional\" class=\"content-complement\"><span style=\"color: #808080;\">O registro do nome de C\u00e9sar Lattes no Livro foi aprovado pelo Congresso Nacional.<\/span><\/h4>\n<p>&nbsp;<\/p>\n<p>O presidente Luiz In\u00e1cio Lula da Silva oficializou nesta quinta-feira (11\/04) o reconhecimento do renomado cientista brasileiro Cesare Mansueto Giulio Lattes, conhecido como C\u00e9sar Lattes, ao sancionar a lei n\u00ba 14.839. Com esta medida, Lattes ser\u00e1 inscrito no Livro dos Her\u00f3is e Hero\u00ednas da P\u00e1tria, localizado no Pante\u00e3o da P\u00e1tria e da Liberdade Tancredo Neves, em Bras\u00edlia.<\/p>\n<p>Nascido em Curitiba em 1924, filho de imigrantes italianos, Lattes destacou-se como pioneiro na f\u00edsica de part\u00edculas. Sua trajet\u00f3ria, que teve in\u00edcio com sua forma\u00e7\u00e3o em f\u00edsica e matem\u00e1tica pela Universidade de S\u00e3o Paulo, foi marcada por importantes descobertas. Ele ganhou renome por seus estudos sobre raios c\u00f3smicos e pela descoberta do m\u00e9son pi, realizado em conjunto com Giuseppe Occhialini e Cecil Frank Powell na Universidade de Bristol. Esta descoberta foi t\u00e3o significativa que contribuiu para a atribui\u00e7\u00e3o do Pr\u00eamio Nobel de F\u00edsica a Powell em 1950.<\/p>\n<p>A Lei 14.839\/24, sancionada sem vetos pelo presidente Lula, foi publicada no Di\u00e1rio Oficial da Uni\u00e3o no dia 11 de abril. A legisla\u00e7\u00e3o, originada do Projeto de Lei 1631\/22, dos ex-deputados Milton Coelho (PE) e Gustavo Fruet (PR), foi aprovada pela C\u00e2mara no ano passado e pelo Senado neste ano.<\/p>\n<p>&#8220;C\u00e9sar Lattes \u00e9 um dos nomes mais importantes da ci\u00eancia brasileira, e esta honraria \u00e9 um merecido reconhecimento \u00e0s suas contribui\u00e7\u00f5es&#8221;, destacaram os parlamentares autores do projeto.<\/p>\n<p>C\u00e9sar Lattes (1924-2005) graduou-se em f\u00edsica pela Universidade de S\u00e3o Paulo em 1943. Sua comprova\u00e7\u00e3o, junto com Giuseppe Occhialini e Cecil Frank Powell, da exist\u00eancia da part\u00edcula subat\u00f4mica m\u00e9son pi (p\u00edon) foi um marco fundamental em sua carreira.<\/p>\n<p>Al\u00e9m disso, Lattes \u00e9 um dos fundadores do Conselho Nacional de Desenvolvimento Cient\u00edfico e Tecnol\u00f3gico (CNPq). A institui\u00e7\u00e3o presta homenagem ao f\u00edsico por meio da Plataforma Lattes, um portal utilizado para cadastrar cientistas, pesquisadores e estudantes.<\/p>\n<p>O Livro dos Her\u00f3is e Hero\u00ednas da P\u00e1tria, onde o nome de C\u00e9sar Lattes ser\u00e1 inscrito, encontra-se no memorial c\u00edvico do Pante\u00e3o da P\u00e1tria e da Liberdade Tancredo Neves, na Pra\u00e7a dos Tr\u00eas Poderes, em Bras\u00edlia. Este livro \u00e9 dedicado aos brasileiros e brasileiras que contribu\u00edram para a defesa e constru\u00e7\u00e3o do pa\u00eds.<\/p>\n<p>&nbsp;<\/p>\n<p><span style=\"color: #808080;\"><em>Com informa\u00e7\u00f5es da Ag\u00eancia C\u00e2mara de Not\u00edcias<\/em><\/span><\/p>\n","protected":false},"excerpt":{"rendered":"O registro do nome de C\u00e9sar Lattes no Livro foi aprovado pelo&hellip;\n","protected":false},"author":19,"featured_media":5613,"comment_status":"open","ping_status":"open","sticky":false,"template":"","format":"standard","meta":[],"categories":[1,2],"tags":[],"acf":[],"_links":{"self":[{"href":"https:\/\/revistacienciaecultura.org.br\/index.php?rest_route=\/wp\/v2\/posts\/5841"}],"collection":[{"href":"https:\/\/revistacienciaecultura.org.br\/index.php?rest_route=\/wp\/v2\/posts"}],"about":[{"href":"https:\/\/revistacienciaecultura.org.br\/index.php?rest_route=\/wp\/v2\/types\/post"}],"author":[{"embeddable":true,"href":"https:\/\/revistacienciaecultura.org.br\/index.php?rest_route=\/wp\/v2\/users\/19"}],"replies":[{"embeddable":true,"href":"https:\/\/revistacienciaecultura.org.br\/index.php?rest_route=%2Fwp%2Fv2%2Fcomments&post=5841"}],"version-history":[{"count":3,"href":"https:\/\/revistacienciaecultura.org.br\/index.php?rest_route=\/wp\/v2\/posts\/5841\/revisions"}],"predecessor-version":[{"id":5843,"href":"https:\/\/revistacienciaecultura.org.br\/index.php?rest_route=\/wp\/v2\/posts\/5841\/revisions\/5843"}],"wp:featuredmedia":[{"embeddable":true,"href":"https:\/\/revistacienciaecultura.org.br\/index.php?rest_route=\/wp\/v2\/media\/5613"}],"wp:attachment":[{"href":"https:\/\/revistacienciaecultura.org.br\/index.php?rest_route=%2Fwp%2Fv2%2Fmedia&parent=5841"}],"wp:term":[{"taxonomy":"category","embeddable":true,"href":"https:\/\/revistacienciaecultura.org.br\/index.php?rest_route=%2Fwp%2Fv2%2Fcategories&post=5841"},{"taxonomy":"post_tag","embeddable":true,"href":"https:\/\/revistacienciaecultura.org.br\/index.php?rest_route=%2Fwp%2Fv2%2Ftags&post=5841"}],"curies":[{"name":"wp","href":"https:\/\/api.w.org\/{rel}","templated":true}]}}