{"id":5848,"date":"2024-04-18T07:30:31","date_gmt":"2024-04-18T07:30:31","guid":{"rendered":"https:\/\/revistacienciaecultura.org.br\/?p=5848"},"modified":"2024-04-17T19:40:40","modified_gmt":"2024-04-17T19:40:40","slug":"e-books-gratuitos-despertam-o-interesse-pela-ciencia-nas-criancas","status":"publish","type":"post","link":"https:\/\/revistacienciaecultura.org.br\/?p=5848","title":{"rendered":"E-books gratuitos despertam o interesse pela ci\u00eancia nas crian\u00e7as"},"content":{"rendered":"<h4 id=\"obras-ajudam-a-falar-de-ciencia-com-os-pequenos\"><span style=\"color: #808080;\">Obras ajudam a falar de ci\u00eancia com os pequenos<\/span><\/h4>\n<p>&nbsp;<\/p>\n<p>As crian\u00e7as s\u00e3o naturalmente curiosas e \u00e1vidas por descobrir o mundo ao seu redor. E o universo da ci\u00eancia pode se tornar ainda mais fascinante quando apresentado de maneira acess\u00edvel e envolvente. Para ajudar pais, educadores e pequenos exploradores nessa jornada de aprendizado, o Portal de Livros Abertos da USP disponibiliza uma s\u00e9rie de e-books gratuitos que s\u00e3o verdadeiros convites ao conhecimento cient\u00edfico.<\/p>\n<p>&nbsp;<\/p>\n<h4 id=\"as-arvores-e-seus-amigos\"><strong><a href=\"https:\/\/www.livrosabertos.abcd.usp.br\/portaldelivrosUSP\/catalog\/view\/1110\/1015\/3755\">As \u00c1rvores e seus Amigos<\/a><\/strong><\/h4>\n<p><em>(<\/em><em>Mar\u00eda Magdalena V\u00e1zquez Gonz\u00e1lez &#8211; Universidade de Quintana Roo, M\u00e9xico e Gilberto Jos\u00e9 de Moraes &#8211; Esalq-USP)<\/em><\/p>\n<p>Neste livro, Tia Magdalena e Pedrinho se reencontram para explorar a rede de vida que cerca uma \u00e1rvore. Microrganismos, plantas e animais se entrela\u00e7am nessa narrativa encantadora que desperta a curiosidade das crian\u00e7as para os segredos da natureza.<\/p>\n<p><a href=\"http:\/\/(http:\/\/www.saocarlos.usp.br\/e-books-gratuitos-ajudam-a-falar-de-ciencia-com-as-criancas\/)\"><img loading=\"lazy\" class=\"aligncenter wp-image-5849 size-medium\" src=\"https:\/\/revistacienciaecultura.org.br\/wp-content\/uploads\/2024\/04\/arvores-243x300.jpg\" alt=\"\" width=\"243\" height=\"300\" srcset=\"https:\/\/revistacienciaecultura.org.br\/wp-content\/uploads\/2024\/04\/arvores-243x300.jpg 243w, https:\/\/revistacienciaecultura.org.br\/wp-content\/uploads\/2024\/04\/arvores-10x12.jpg 10w, https:\/\/revistacienciaecultura.org.br\/wp-content\/uploads\/2024\/04\/arvores.jpg 474w\" sizes=\"(max-width: 243px) 100vw, 243px\" \/><\/a><\/p>\n<p>&nbsp;<\/p>\n<h4 id=\"alforja-educativa-saude-escolar-e-mundo-microbiano\"><strong><a href=\"https:\/\/www.livrosabertos.abcd.usp.br\/portaldelivrosUSP\/catalog\/view\/1126\/1030\/3826\">Alforja Educativa: Sa\u00fade Escolar e Mundo Microbiano<\/a><\/strong><\/h4>\n<p>Este e-book oferece uma rica experi\u00eancia de aprendizado sobre sa\u00fade e microbiologia para as crian\u00e7as. Desenvolvido por pesquisadores da USP, o material promove atividades l\u00fadicas e educativas para que os pequenos compreendam melhor os microrganismos, a resist\u00eancia bacteriana e a import\u00e2ncia de h\u00e1bitos saud\u00e1veis.<\/p>\n<p><a href=\"https:\/\/www.livrosabertos.abcd.usp.br\/portaldelivrosUSP\/catalog\/view\/1126\/1030\/3826\"><img loading=\"lazy\" class=\"size-medium wp-image-5850 aligncenter\" src=\"https:\/\/revistacienciaecultura.org.br\/wp-content\/uploads\/2024\/04\/alforja-300x257.jpg\" alt=\"\" width=\"300\" height=\"257\" srcset=\"https:\/\/revistacienciaecultura.org.br\/wp-content\/uploads\/2024\/04\/alforja-300x257.jpg 300w, https:\/\/revistacienciaecultura.org.br\/wp-content\/uploads\/2024\/04\/alforja-14x12.jpg 14w, https:\/\/revistacienciaecultura.org.br\/wp-content\/uploads\/2024\/04\/alforja.jpg 668w\" sizes=\"(max-width: 300px) 100vw, 300px\" \/><\/a><\/p>\n<p><strong>\u00a0<\/strong><\/p>\n<h4 id=\"a-incrivel-vida-no-solo\"><strong><a href=\"https:\/\/fealq.org.br\/wp-content\/uploads\/2023\/08\/livro-completo.pdf\">A Incr\u00edvel Vida no Solo<\/a><\/strong><\/h4>\n<p><em>(<\/em><em>Mar\u00eda Magdalena V\u00e1zquez Gonz\u00e1lez &#8211; Universidade de Quintana Roo, M\u00e9xico e Gilberto Jos\u00e9 de Moraes &#8211; Esalq-USP)<\/em><\/p>\n<p>Acompanhe Magdalena, Sofi e Pedrinho em uma aventura pelo parque da Esalq, da USP em Piracicaba, onde descobrem a import\u00e2ncia das minhocas, formigas, escorpi\u00f5es e outros pequenos habitantes do solo. Um mergulho fascinante na vida desses seres que desempenham pap\u00e9is essenciais para o equil\u00edbrio ecol\u00f3gico.<\/p>\n<p><a href=\"https:\/\/fealq.org.br\/wp-content\/uploads\/2023\/08\/livro-completo.pdf\"><img loading=\"lazy\" class=\"size-medium wp-image-5851 aligncenter\" src=\"https:\/\/revistacienciaecultura.org.br\/wp-content\/uploads\/2024\/04\/incrivel-vida-269x300.jpg\" alt=\"\" width=\"269\" height=\"300\" srcset=\"https:\/\/revistacienciaecultura.org.br\/wp-content\/uploads\/2024\/04\/incrivel-vida-269x300.jpg 269w, https:\/\/revistacienciaecultura.org.br\/wp-content\/uploads\/2024\/04\/incrivel-vida-11x12.jpg 11w, https:\/\/revistacienciaecultura.org.br\/wp-content\/uploads\/2024\/04\/incrivel-vida.jpg 525w\" sizes=\"(max-width: 269px) 100vw, 269px\" \/><\/a><\/p>\n<p>&nbsp;<\/p>\n<h4 id=\"toto-em-uma-familia-para-chamar-de-sua\"><strong><a href=\"https:\/\/www.livrosabertos.abcd.usp.br\/portaldelivrosUSP\/catalog\/view\/1080\/986\/3632\">Tot\u00f3 em: uma fam\u00edlia para chamar de sua<\/a><\/strong><\/h4>\n<p><em>(Evelise Oliveira Telles &#8211; FMVZ-USP)<\/em><\/p>\n<p>Jo\u00e3o e Ana, em um dia de brincadeiras no parque, se deparam com um cachorrinho assustado. Esse encontro inesperado os leva a aprender sobre a posse respons\u00e1vel de animais de estima\u00e7\u00e3o, bem-estar animal e a import\u00e2ncia dos tutores na vida dos pets. Uma hist\u00f3ria educativa e encantadora que sensibiliza crian\u00e7as para o cuidado com os animais.<\/p>\n<p><a href=\"https:\/\/www.livrosabertos.abcd.usp.br\/portaldelivrosUSP\/catalog\/view\/1080\/986\/3632\"><img loading=\"lazy\" class=\"size-medium wp-image-5852 aligncenter\" src=\"https:\/\/revistacienciaecultura.org.br\/wp-content\/uploads\/2024\/04\/toto-300x198.jpg\" alt=\"\" width=\"300\" height=\"198\" srcset=\"https:\/\/revistacienciaecultura.org.br\/wp-content\/uploads\/2024\/04\/toto-300x198.jpg 300w, https:\/\/revistacienciaecultura.org.br\/wp-content\/uploads\/2024\/04\/toto-768x506.jpg 768w, https:\/\/revistacienciaecultura.org.br\/wp-content\/uploads\/2024\/04\/toto-18x12.jpg 18w, https:\/\/revistacienciaecultura.org.br\/wp-content\/uploads\/2024\/04\/toto-800x527.jpg 800w, https:\/\/revistacienciaecultura.org.br\/wp-content\/uploads\/2024\/04\/toto.jpg 876w\" sizes=\"(max-width: 300px) 100vw, 300px\" \/><\/a><\/p>\n<p>&nbsp;<\/p>\n<p><strong>\u00a0<\/strong><\/p>\n<p>Acesse o <strong>Portal de Livros Abertos da USP<\/strong> para explorar mais obras gratuitas e mergulhar nesse mundo fascinante da descoberta cient\u00edfica junto \u00e0s crian\u00e7as!<\/p>\n<p><em>\u00a0<\/em><\/p>\n<p><span style=\"color: #808080;\"><em>Fonte: Portal de Livros Abertos da USP<\/em><\/span><\/p>\n<p>&nbsp;<\/p>\n<h6 id=\"capa-freepik-com\">Capa. Freepik.com<\/h6>\n","protected":false},"excerpt":{"rendered":"Obras ajudam a falar de ci\u00eancia com os pequenos &nbsp; As crian\u00e7as&hellip;\n","protected":false},"author":19,"featured_media":5853,"comment_status":"open","ping_status":"open","sticky":false,"template":"","format":"standard","meta":[],"categories":[1,2],"tags":[],"acf":[],"_links":{"self":[{"href":"https:\/\/revistacienciaecultura.org.br\/index.php?rest_route=\/wp\/v2\/posts\/5848"}],"collection":[{"href":"https:\/\/revistacienciaecultura.org.br\/index.php?rest_route=\/wp\/v2\/posts"}],"about":[{"href":"https:\/\/revistacienciaecultura.org.br\/index.php?rest_route=\/wp\/v2\/types\/post"}],"author":[{"embeddable":true,"href":"https:\/\/revistacienciaecultura.org.br\/index.php?rest_route=\/wp\/v2\/users\/19"}],"replies":[{"embeddable":true,"href":"https:\/\/revistacienciaecultura.org.br\/index.php?rest_route=%2Fwp%2Fv2%2Fcomments&post=5848"}],"version-history":[{"count":1,"href":"https:\/\/revistacienciaecultura.org.br\/index.php?rest_route=\/wp\/v2\/posts\/5848\/revisions"}],"predecessor-version":[{"id":5854,"href":"https:\/\/revistacienciaecultura.org.br\/index.php?rest_route=\/wp\/v2\/posts\/5848\/revisions\/5854"}],"wp:featuredmedia":[{"embeddable":true,"href":"https:\/\/revistacienciaecultura.org.br\/index.php?rest_route=\/wp\/v2\/media\/5853"}],"wp:attachment":[{"href":"https:\/\/revistacienciaecultura.org.br\/index.php?rest_route=%2Fwp%2Fv2%2Fmedia&parent=5848"}],"wp:term":[{"taxonomy":"category","embeddable":true,"href":"https:\/\/revistacienciaecultura.org.br\/index.php?rest_route=%2Fwp%2Fv2%2Fcategories&post=5848"},{"taxonomy":"post_tag","embeddable":true,"href":"https:\/\/revistacienciaecultura.org.br\/index.php?rest_route=%2Fwp%2Fv2%2Ftags&post=5848"}],"curies":[{"name":"wp","href":"https:\/\/api.w.org\/{rel}","templated":true}]}}