{"id":5865,"date":"2024-04-25T07:30:45","date_gmt":"2024-04-25T07:30:45","guid":{"rendered":"https:\/\/revistacienciaecultura.org.br\/?p=5865"},"modified":"2024-04-24T12:39:22","modified_gmt":"2024-04-24T12:39:22","slug":"uma-historia-de-amor-pela-ciencia-2","status":"publish","type":"post","link":"https:\/\/revistacienciaecultura.org.br\/?p=5865","title":{"rendered":"Uma hist\u00f3ria de amor pela ci\u00eancia"},"content":{"rendered":"<h4 id=\"ha-75-anos-a-ciencia-cultura-era-criada-para-divulgar-a-ciencia-e-aproximar-os-cientistas-e-o-publico\"><span style=\"color: #808080;\">H\u00e1 75 anos, a Ci\u00eancia &amp; Cultura era criada para divulgar a ci\u00eancia e aproximar os cientistas e o p\u00fablico<\/span><\/h4>\n<p>&nbsp;<\/p>\n<p>\u201cEspera ainda a revista, como \u00f3rg\u00e3o que \u00e9 da SBPC, servir de aproxima\u00e7\u00e3o dos cientistas entre si, e destes com o p\u00fablico, entre todos desenvolvendo forte e indispens\u00e1vel sentimento de solidariedade e compreens\u00e3o\u201d. Essas s\u00e3o as palavras do editorial da primeira edi\u00e7\u00e3o da revista <a href=\"https:\/\/revistacienciaecultura.org.br\/\"><strong><span style=\"color: #800000;\">Ci\u00eancia &amp; Cultura<\/span><\/strong><\/a>, lan\u00e7ada em janeiro de 1949 \u2013 apenas um ano ap\u00f3s a funda\u00e7\u00e3o da <span style=\"color: #800000;\"><a style=\"color: #800000;\" href=\"http:\/\/portal.sbpcnet.org.br\/\"><strong>Sociedade Brasileira para o Progresso da Ci\u00eancia (SBPC)<\/strong><\/a><\/span>.<\/p>\n<p>Idealizada por Jos\u00e9 Reis (1907-2002), que a dirigiu de 1949 a 1954 e de 1972 a 1985, a <a href=\"https:\/\/revistacienciaecultura.org.br\/\"><strong><span style=\"color: #800000;\">Ci\u00eancia &amp; Cultura<\/span><\/strong><\/a> n\u00e3o \u00e9 considerada \u201capenas\u201d uma revista, mas um \u00f3rg\u00e3o da SBPC, uma associa\u00e7\u00e3o \u201caberta n\u00e3o apenas a cientistas, mas a todos os que se interessem pela ci\u00eancia, por suas aplica\u00e7\u00f5es e pelas consequ\u00eancias destas\u201d, conforme se l\u00ea na contracapa de sua primeira edi\u00e7\u00e3o. No cen\u00e1rio de p\u00f3s-guerra, do ponto de vista do financiamento e de forma\u00e7\u00e3o de pesquisadores, divulgar os resultados das pesquisas era fundamental. Assim, desde sua concep\u00e7\u00e3o, a revista foi um ve\u00edculo que expressou a import\u00e2ncia da pesquisa cient\u00edfica para a sociedade.<\/p>\n<p>No in\u00edcio, a revista era feita com muita dificuldade, inclusive financeira. Em depoimento gravado em v\u00eddeo sobre o hist\u00f3rico da SBPC e da Ci\u00eancia &amp; Cultura, o m\u00e9dico e educador Paulo Sawaya \u2013 um dos fundadores da entidade e da revista, com Jos\u00e9 Reis e Maur\u00edcio Rocha e Silva \u2013 conta que a publica\u00e7\u00e3o come\u00e7ou a ser feita dentro de seu laborat\u00f3rio. Com propagandas de material t\u00e9cnico e dentifr\u00edcio, o primeiro n\u00famero registra a subven\u00e7\u00e3o anual de 50 mil cruzeiros feita pelo industrial Francisco Pignatari para a revista se tornar realidade. A revista era dividida em sess\u00f5es (pesquisas recentes, notas originais, coment\u00e1rios, homens e institui\u00e7\u00f5es, livros e revistas e notici\u00e1rio), abordava tend\u00eancias e das novidades da produ\u00e7\u00e3o cient\u00edfica brasileira e mundial e j\u00e1 contava com ilustra\u00e7\u00f5es e fotos. A capa escolhida era de autoria do arquiteto Ernest de Carvalho Mange. (Figura 1)<\/p>\n<h6 id=\"figura-1-capa-da-primeira-edicao-da-revista-de-1949reproducao\" style=\"text-align: center;\"><img loading=\"lazy\" class=\"aligncenter wp-image-5493\" src=\"https:\/\/revistacienciaecultura.org.br\/wp-content\/uploads\/2024\/02\/1949-janeiro--216x300.jpg\" alt=\"\" width=\"289\" height=\"400\" srcset=\"https:\/\/revistacienciaecultura.org.br\/wp-content\/uploads\/2024\/02\/1949-janeiro--216x300.jpg 216w, https:\/\/revistacienciaecultura.org.br\/wp-content\/uploads\/2024\/02\/1949-janeiro--9x12.jpg 9w, https:\/\/revistacienciaecultura.org.br\/wp-content\/uploads\/2024\/02\/1949-janeiro-.jpg 518w\" sizes=\"(max-width: 289px) 100vw, 289px\" \/><br \/>\n<strong>Figura 1. Capa da primeira edi\u00e7\u00e3o da revista, de 1949<br \/>\n<\/strong>(Reprodu\u00e7\u00e3o)<\/h6>\n<p>&nbsp;<\/p>\n<p>Em 1968, a Ci\u00eancia &amp; Cultura \u00e9 remodelada. A lombada passa a ser em formato brochura, o papel passa a ter mais brilho, as ilustra\u00e7\u00f5es das capas mostram um cuidado visual primoroso, com destaque aos trabalhos do artista uruguaio Luis Diaz. Tamb\u00e9m passa a fazer parte da revista as cr\u00edticas ao regime militar \u2013 especialmente \u00e0 concep\u00e7\u00e3o da ci\u00eancia somente como tecnologia e \u00e0 destina\u00e7\u00e3o pelo Estado de verbas apenas a parques industriais e n\u00e3o \u00e0 pesquisa b\u00e1sica realizada nas universidades. \u201cSe em tempos idos, a tecnologia cresceu paralelamente \u00e0 ci\u00eancia e mesmo \u00e0 sua revelia, isso n\u00e3o ocorre com a atual, que nasce da ci\u00eancia e a partir dela se constitui com velocidade de transforma\u00e7\u00e3o cada vez maior. Infelizmente, os que governam financeiramente a pesquisa nem sempre se d\u00e3o conta dessa rela\u00e7\u00e3o\u201d, posicionava-se Jos\u00e9 Reis na revista em 1972.<\/p>\n<p>&nbsp;<\/p>\n<h4 id=\"internacionalizacao\"><strong>Internacionaliza\u00e7\u00e3o <\/strong><\/h4>\n<p>Nos anos 1990, a revista passa por uma grande transforma\u00e7\u00e3o, passando a ser publicada integralmente em ingl\u00eas, tornando-se \u201c<em>Journal of the Brazilian Association for the Advancement of Science<\/em>\u201d. Em editorial assinado pelo m\u00e9dico e pesquisador Cesar Timo-Iaria, \u201ca vantagem de usar o ingl\u00eas \u00e9 que essa l\u00edngua, falada em pa\u00edses predominantes em escala mundial, desde o fim da Segunda Guerra Mundial, passou a ser a l\u00edngua franca em todos os continentes, e dessa forma intermediando todos os tipos de comunica\u00e7\u00e3o humana, prevalecendo sobre todas as outras l\u00ednguas\u201d. (Figura 2)<\/p>\n<h6 id=\"figura-2-nos-anos-1990-a-revista-passa-a-ser-publicada-integralmente-em-ingles-reproducao\" style=\"text-align: center;\"><img loading=\"lazy\" class=\"aligncenter wp-image-5869\" src=\"https:\/\/revistacienciaecultura.org.br\/wp-content\/uploads\/2024\/04\/1991-marc\u0327o-223x300.jpeg\" alt=\"\" width=\"297\" height=\"400\" srcset=\"https:\/\/revistacienciaecultura.org.br\/wp-content\/uploads\/2024\/04\/1991-marc\u0327o-223x300.jpeg 223w, https:\/\/revistacienciaecultura.org.br\/wp-content\/uploads\/2024\/04\/1991-marc\u0327o-9x12.jpeg 9w, https:\/\/revistacienciaecultura.org.br\/wp-content\/uploads\/2024\/04\/1991-marc\u0327o.jpeg 382w\" sizes=\"(max-width: 297px) 100vw, 297px\" \/><br \/>\n<strong>Figura 2: Nos anos 1990, a revista passa a ser publicada integralmente em ingl\u00eas.<br \/>\n<\/strong>(Reprodu\u00e7\u00e3o)<\/h6>\n<p>&nbsp;<\/p>\n<p>Ap\u00f3s 10 anos, o conselho deliberativo da SBPC define que a revista deve voltar a ser publicada em portugu\u00eas. A partir de 2002, a publica\u00e7\u00e3o passa a ser produzida no <a href=\"https:\/\/www.labjor.unicamp.br\/\"><strong><span style=\"color: #800000;\">Laborat\u00f3rio de Estudos Avan\u00e7ados em Jornalismo (Labjor)<\/span><\/strong><\/a>, na Unicamp e torna-se dispon\u00edvel em vers\u00e3o impressa e on-line. A revista moderniza-se e passa a conter um n\u00facleo tem\u00e1tico, intitulado de \u201cTemas e Tend\u00eancias\u201d, para aprofundar debates atuais, sendo sens\u00edvel \u00e0s tend\u00eancias e buscando uma linguagem mais acess\u00edvel ao leitor. (Figura 3)<\/p>\n<h6 id=\"figura-3-a-revista-volta-a-ser-publicada-em-portugues-e-passa-a-ser-produzida-pelo-labjor-na-unicamp-reproducao\" style=\"text-align: center;\"><img loading=\"lazy\" class=\"aligncenter wp-image-5496\" src=\"https:\/\/revistacienciaecultura.org.br\/wp-content\/uploads\/2024\/02\/2002-julho-220x300.jpeg\" alt=\"\" width=\"293\" height=\"400\" srcset=\"https:\/\/revistacienciaecultura.org.br\/wp-content\/uploads\/2024\/02\/2002-julho-220x300.jpeg 220w, https:\/\/revistacienciaecultura.org.br\/wp-content\/uploads\/2024\/02\/2002-julho-9x12.jpeg 9w, https:\/\/revistacienciaecultura.org.br\/wp-content\/uploads\/2024\/02\/2002-julho.jpeg 584w\" sizes=\"(max-width: 293px) 100vw, 293px\" \/><br \/>\n<strong>Figura 3. A revista volta a ser publicada em portugu\u00eas e passa a ser produzida pelo Labjor, na Unicamp.<br \/>\n<\/strong>(Reprodu\u00e7\u00e3o)<\/h6>\n<p>&nbsp;<\/p>\n<h4 id=\"modernizacao\"><strong>Moderniza\u00e7\u00e3o<\/strong><\/h4>\n<p>Ap\u00f3s ter suas atividades interrompidas no in\u00edcio de 2021, a revista retorna reformulada e modernizada para se tornar inteiramente digital \u2014 mas sem perder seu perfil original que a tornou um dos mais importantes e hist\u00f3ricos ve\u00edculos de divulga\u00e7\u00e3o cient\u00edfica do Pa\u00eds. De publica\u00e7\u00e3o trimestral, a cada edi\u00e7\u00e3o a revista escolhe um tema para abord\u00e1-lo do ponto de vista da ci\u00eancia, cultura, arte e filosofia. Todos os meses, um novo cap\u00edtulo \u00e9 publicado, trazendo novos artigos, ensaios, reportagens jornal\u00edsticas, textos de opini\u00e3o, v\u00eddeos, podcasts e muito mais. A reformula\u00e7\u00e3o da revista visa possibilitar um maior engajamento com as diversas plataformas e m\u00eddias sociais, ampliando seu alcance e o seu impacto na sociedade. (Figura 4)<\/p>\n<h6 id=\"figura-4-em-2022-a-revista-torna-se-totalmente-digital-e-passa-a-contar-com-recursos-como-videos-e-podcasts-reproducao\" style=\"text-align: center;\"><img loading=\"lazy\" class=\"aligncenter wp-image-5870\" src=\"https:\/\/revistacienciaecultura.org.br\/wp-content\/uploads\/2024\/04\/capa-1e22.png\" alt=\"\" width=\"280\" height=\"400\" srcset=\"https:\/\/revistacienciaecultura.org.br\/wp-content\/uploads\/2024\/04\/capa-1e22.png 210w, https:\/\/revistacienciaecultura.org.br\/wp-content\/uploads\/2024\/04\/capa-1e22-8x12.png 8w\" sizes=\"(max-width: 280px) 100vw, 280px\" \/><br \/>\n<strong>Figura 4. Em 2022, a revista torna-se totalmente digital e passa a contar com recursos como v\u00eddeos e podcasts.<br \/>\n<\/strong>(Reprodu\u00e7\u00e3o)<\/h6>\n<p>&nbsp;<\/p>\n<p>Ao longo de suas mais de sete d\u00e9cadas, a publica\u00e7\u00e3o procurou se comunicar tanto com o grande p\u00fablico quanto com a comunidade cient\u00edfica e leitores especializados, tornando-se uma importante ferramenta para os debates contempor\u00e2neos. Assim, a revista Ci\u00eancia &amp; Cultura se consolidou como uma das publica\u00e7\u00f5es cient\u00edficas mais relevantes do Brasil. Sua linha editorial visa contribuir para o debate dos grandes temas cient\u00edficos da atualidade e atrair a aten\u00e7\u00e3o, principalmente das novas gera\u00e7\u00f5es de pesquisadores em forma\u00e7\u00e3o, para uma reflex\u00e3o continuada e sistem\u00e1tica sobre esses temas.<\/p>\n","protected":false},"excerpt":{"rendered":"H\u00e1 75 anos, a Ci\u00eancia &amp; Cultura era criada para divulgar a&hellip;\n","protected":false},"author":19,"featured_media":5866,"comment_status":"open","ping_status":"open","sticky":false,"template":"","format":"standard","meta":[],"categories":[1,2],"tags":[],"acf":[],"_links":{"self":[{"href":"https:\/\/revistacienciaecultura.org.br\/index.php?rest_route=\/wp\/v2\/posts\/5865"}],"collection":[{"href":"https:\/\/revistacienciaecultura.org.br\/index.php?rest_route=\/wp\/v2\/posts"}],"about":[{"href":"https:\/\/revistacienciaecultura.org.br\/index.php?rest_route=\/wp\/v2\/types\/post"}],"author":[{"embeddable":true,"href":"https:\/\/revistacienciaecultura.org.br\/index.php?rest_route=\/wp\/v2\/users\/19"}],"replies":[{"embeddable":true,"href":"https:\/\/revistacienciaecultura.org.br\/index.php?rest_route=%2Fwp%2Fv2%2Fcomments&post=5865"}],"version-history":[{"count":3,"href":"https:\/\/revistacienciaecultura.org.br\/index.php?rest_route=\/wp\/v2\/posts\/5865\/revisions"}],"predecessor-version":[{"id":5868,"href":"https:\/\/revistacienciaecultura.org.br\/index.php?rest_route=\/wp\/v2\/posts\/5865\/revisions\/5868"}],"wp:featuredmedia":[{"embeddable":true,"href":"https:\/\/revistacienciaecultura.org.br\/index.php?rest_route=\/wp\/v2\/media\/5866"}],"wp:attachment":[{"href":"https:\/\/revistacienciaecultura.org.br\/index.php?rest_route=%2Fwp%2Fv2%2Fmedia&parent=5865"}],"wp:term":[{"taxonomy":"category","embeddable":true,"href":"https:\/\/revistacienciaecultura.org.br\/index.php?rest_route=%2Fwp%2Fv2%2Fcategories&post=5865"},{"taxonomy":"post_tag","embeddable":true,"href":"https:\/\/revistacienciaecultura.org.br\/index.php?rest_route=%2Fwp%2Fv2%2Ftags&post=5865"}],"curies":[{"name":"wp","href":"https:\/\/api.w.org\/{rel}","templated":true}]}}