{"id":5909,"date":"2024-04-29T07:58:39","date_gmt":"2024-04-29T07:58:39","guid":{"rendered":"https:\/\/revistacienciaecultura.org.br\/?p=5909"},"modified":"2024-09-18T12:59:54","modified_gmt":"2024-09-18T12:59:54","slug":"aziz-absaber-a-plural-trajetoria-dedicada-a-transformacao-da-ciencia-nacional","status":"publish","type":"post","link":"https:\/\/revistacienciaecultura.org.br\/?p=5909","title":{"rendered":"Aziz Ab&#8217;S\u00e1ber: a plural trajet\u00f3ria dedicada \u00e0 transforma\u00e7\u00e3o da ci\u00eancia nacional"},"content":{"rendered":"<h4 id=\"pesquisador-tracou-bases-fundamentais-na-consolidacao-da-geografia-criando-pesquisas-inovadoras-sobre-a-complexidade-dos-sistemas-naturais-e-sociais\"><span style=\"color: #808080;\">Pesquisador tra\u00e7ou bases fundamentais na consolida\u00e7\u00e3o da geografia, criando pesquisas inovadoras sobre a complexidade dos sistemas naturais e sociais<\/span><\/h4>\n<p>&nbsp;<\/p>\n<p>Professor, ge\u00f3grafo, ambientalista, bi\u00f3logo, ecologista, ge\u00f3logo, humanista. Ao longo de seus 87 anos de vida, Aziz Nacib Ab\u2019S\u00e1ber soube ser plural e singular ao mesmo tempo: suas contribui\u00e7\u00f5es cient\u00edficas, o compromisso com a educa\u00e7\u00e3o e a atua\u00e7\u00e3o como ativista ambiental fizeram do brasileiro uma das figuras mais influentes da ci\u00eancia nacional. \u201cAziz fez uma profunda revis\u00e3o no paradigma dos estudos ambientais brasileiros. A postura reflexiva e ao mesmo tempo comprometida com as lutas contra as situa\u00e7\u00f5es conflituosas no uso dos\u00a0 recursos ambientais estabeleceu novos rumos para a investiga\u00e7\u00e3o dos ge\u00f3grafos brasileiros envolvidos com a transforma\u00e7\u00e3o da sociedade\u201d, destaca Rosemeri Melo e Souza, p\u00f3s-doutora em Geografia F\u00edsica (Biogeografia) pelo Centro de Ensino Superior do Serid\u00f3 (CERES) da <span style=\"color: #800000;\"><a style=\"color: #800000;\" href=\"https:\/\/www.ufrn.br\/\"><strong>Universidade Federal do Rio Grande do Norte (UFRN)<\/strong><\/a><\/span>.<\/p>\n<p>&nbsp;<\/p>\n<h4 id=\"transformacao-da-geografia-brasileira\"><strong>Transforma\u00e7\u00e3o da geografia brasileira<\/strong><\/h4>\n<p>Conhecido por uma abordagem multidisciplinar, Ab\u2019S\u00e1ber tra\u00e7ou bases fundamentais na consolida\u00e7\u00e3o da geografia, criando pesquisas inovadoras sobre a complexidade dos sistemas naturais e sociais. \u201cO professor Aziz Ab\u2019S\u00e1ber deu uma expressiva contribui\u00e7\u00e3o para a moderniza\u00e7\u00e3o do pensamento geogr\u00e1fico brasileiro. Ele foi um dos expoentes de sua gera\u00e7\u00e3o, colaborando para a transforma\u00e7\u00e3o de uma geografia antes vista como ci\u00eancia descritiva para uma geografia mais anal\u00edtica\u201d, destaca Vicente Eudes Lemos Alves, professor do Instituto de Geoci\u00eancias (IG) da <a href=\"https:\/\/www.unicamp.br\/\"><strong><span style=\"color: #800000;\">Universidade Estadual de Campinas (Unicamp)<\/span><\/strong><\/a>.<\/p>\n<p>A partir de seus estudos, derivou-se uma s\u00e9rie de outras sub\u00e1reas no ramo da geografia, sendo os dom\u00ednios morfoclim\u00e1tico e fitogeogr\u00e1fico os conceitos mais utilizados para classificar padr\u00f5es naturais encontrados nas regi\u00f5es geogr\u00e1ficas. Segundo ele, as modelagens e modifica\u00e7\u00f5es observadas nas paisagens brasileiras s\u00e3o resultados da intera\u00e7\u00e3o cont\u00ednua e multifacetada entre processos geol\u00f3gicos, clim\u00e1ticos, hidrol\u00f3gicos e humanos que ocorreram ao longo de milh\u00f5es de anos. \u201cO aporte do professor Aziz para a constru\u00e7\u00e3o de outra concep\u00e7\u00e3o de geografia ocorreu por ele considerar em seus estudos que a paisagem era um corpo din\u00e2mico da superf\u00edcie terrestre resultante de processos fisiogr\u00e1ficos e biol\u00f3gicos em constante intera\u00e7\u00e3o. Tais ideias foram muito importantes para a constru\u00e7\u00e3o de novas abordagens sobre a natureza, especialmente no que diz respeito \u00e0 constru\u00e7\u00e3o das fei\u00e7\u00f5es paisag\u00edsticas e ecol\u00f3gicas do territ\u00f3rio brasileiro\u201d, explica Vicente Alves.<\/p>\n<p>Outra abordagem importante para o entendimento dos processos hist\u00f3ricos que influenciaram na evolu\u00e7\u00e3o dos ambientes naturais no territ\u00f3rio brasileiro foi a conhecida Teoria dos Ref\u00fagios, evidenciada por Ab\u2019S\u00e1ber em parceria com o professor Paulo Vanzolini. \u201cSua not\u00e1vel contribui\u00e7\u00e3o acerca dos complexos vegetacionais brasileiros, em suas dimens\u00f5es escalares e de subambientes foram indispens\u00e1veis para as bases da biogeografia de cunho geogr\u00e1fico no pa\u00eds\u201d, declara Rosemeri Souza. \u201c\u00c9 importante destacar seu importante papel tamb\u00e9m na implementa\u00e7\u00e3o de pol\u00edticas territoriais, como, por exemplo, o Radambrasil (projeto com a utiliza\u00e7\u00e3o de imagens via radar) cuja realiza\u00e7\u00e3o de estudos subsidiariam a elabora\u00e7\u00e3o do mapa das unidades de relevo pelo <span style=\"color: #800000;\"><a style=\"color: #800000;\" href=\"https:\/\/www.ibge.gov.br\/\"><strong>Instituto Brasileiro de Geografia e Estat\u00edstica (IBGE)<\/strong><\/a><\/span><strong>,<\/strong> entre outros, contribuindo para a gera\u00e7\u00e3o de produtos fundamentais ao desenho de pol\u00edticas p\u00fablicas territoriais\u201d.<\/p>\n<p>&nbsp;<\/p>\n<h4 id=\"sua-notavel-contribuicao-acerca-dos-complexos-vegetacionais-brasileiros-foram-indispensaveis-para-as-bases-da-biogeografia-de-cunho-geografico-no-pais\" style=\"text-align: center;\"><span style=\"color: #800000;\"><em>\u201cSua not\u00e1vel contribui\u00e7\u00e3o acerca dos complexos vegetacionais brasileiros foram indispens\u00e1veis para as bases da biogeografia de cunho geogr\u00e1fico no pa\u00eds.\u201d<\/em><\/span><\/h4>\n<p>&nbsp;<\/p>\n<p>Inquieto, o ge\u00f3grafo desenvolveu mais de 500 trabalhos e pesquisas que alcan\u00e7aram relev\u00e2ncia tamb\u00e9m internacional, sendo um dos primeiros pesquisadores a investigar sobre mudan\u00e7as clim\u00e1ticas decorrentes dos impactos do Per\u00edodo Quatern\u00e1rio \u2013 tempo geol\u00f3gico que abrange desde os \u00faltimos 2,6 milh\u00f5es de anos at\u00e9 os dias atuais \u2013 alertando inclusive sobre sustentabilidade e preserva\u00e7\u00e3o a fim de evitar futuros efeitos em escalas ambientais e sociais ao planeta, em um momento que essa quest\u00e3o ainda n\u00e3o despertava grande interesse da sociedade brasileira.<\/p>\n<p>&nbsp;<\/p>\n<h4 id=\"engajamento-aos-movimentos-sociais-e-as-politicas-publicas\"><strong>Engajamento aos movimentos sociais e \u00e0s pol\u00edticas p\u00fablicas<\/strong><\/h4>\n<p>Ab\u2019S\u00e1ber participou de in\u00fameros debates p\u00fablicos e palestras onde buscou respaldar os movimentos sociais que lutavam contra obras desenvolvimentistas hostis aos interesses e modos de vida das popula\u00e7\u00f5es locais. Para Vicente Alves, \u201cele foi um cr\u00edtico dos projetos de interven\u00e7\u00e3o no espa\u00e7o geogr\u00e1fico, sobretudo daqueles que pudessem gerar relevantes impactos socioambientais, como \u00e9 o caso de grandes barragens, de projetos de explora\u00e7\u00e3o mineral em larga escala ou de obras de interven\u00e7\u00e3o em bacias hidrogr\u00e1ficas\u201d.<\/p>\n<p>Um exemplo \u00e9 a conhecida transposi\u00e7\u00e3o do rio S\u00e3o Francisco, um grande projeto de engenharia hidr\u00e1ulica que visava desviar parte das \u00e1guas do rio para abastecer \u00e1reas semi\u00e1ridas do Nordeste brasileiro que sofrem com a escassez h\u00eddrica. Em 2007, Ab\u2019S\u00e1ber escreveu o artigo <a href=\"https:\/\/www.gov.br\/fundaj\/pt-br\/destaques\/observa-fundaj-itens\/observa-fundaj\/transposicao-rio-sao-francisco\/a-quem-serve-a-transposicao-do-sao-francisco-artigo-de-aziz-absaber\"><strong><span style=\"color: #800000;\">\u201cA quem serve a transposi\u00e7\u00e3o do S\u00e3o Francisco?\u201d<\/span><\/strong><\/a>, demonstrando sua preocupa\u00e7\u00e3o com as decis\u00f5es que afetam a natureza e a vida de comunidades ribeirinhas. Segundo o ge\u00f3grafo:<\/p>\n<p>&nbsp;<\/p>\n<p style=\"padding-left: 160px;\"><em>\u201c\u00e9 compreens\u00edvel que em um pa\u00eds de dimens\u00f5es t\u00e3o grandiosas, no contexto da tropicalidade, surjam muitas ideias e propostas incompletas para atenuar ou procurar resolver problemas de regi\u00f5es cr\u00edticas. Entretanto, \u00e9 imposs\u00edvel tolerar propostas demag\u00f3gicas de pseudot\u00e9cnicos n\u00e3o preparados para prever os m\u00faltiplos impactos sociais, econ\u00f4micos e ecol\u00f3gicos de projetos teimosamente enfatizados\u201d<\/em>.<\/p>\n<p>&nbsp;<\/p>\n<p>Mesmo assim, a transposi\u00e7\u00e3o come\u00e7ou a ser constru\u00edda em 2007 e atualmente encontra-se 98,98% conclu\u00edda, somando cerca de R$ 14 bilh\u00f5es de investimentos, segundo o Minist\u00e9rio da Integra\u00e7\u00e3o e do Desenvolvimento Regional (MIDR). (Figura 1)<\/p>\n<h6 id=\"figura-1-aziz-absaber-criticava-transposicao-do-rio-sao-franciscofonte-agencia-brasil-reproducao\" style=\"text-align: center;\"><img loading=\"lazy\" class=\"aligncenter wp-image-5910\" src=\"https:\/\/revistacienciaecultura.org.br\/wp-content\/uploads\/2024\/04\/CC-1S24-reportagem-a-plural-trajeto\u0301ria-dedicada-a\u0300-transformac\u0327a\u0303o-da-cie\u0302ncia-nacional-figura1-300x168.jpg\" alt=\"\" width=\"500\" height=\"280\" srcset=\"https:\/\/revistacienciaecultura.org.br\/wp-content\/uploads\/2024\/04\/CC-1S24-reportagem-a-plural-trajeto\u0301ria-dedicada-a\u0300-transformac\u0327a\u0303o-da-cie\u0302ncia-nacional-figura1-300x168.jpg 300w, https:\/\/revistacienciaecultura.org.br\/wp-content\/uploads\/2024\/04\/CC-1S24-reportagem-a-plural-trajeto\u0301ria-dedicada-a\u0300-transformac\u0327a\u0303o-da-cie\u0302ncia-nacional-figura1-1024x573.jpg 1024w, https:\/\/revistacienciaecultura.org.br\/wp-content\/uploads\/2024\/04\/CC-1S24-reportagem-a-plural-trajeto\u0301ria-dedicada-a\u0300-transformac\u0327a\u0303o-da-cie\u0302ncia-nacional-figura1-768x430.jpg 768w, https:\/\/revistacienciaecultura.org.br\/wp-content\/uploads\/2024\/04\/CC-1S24-reportagem-a-plural-trajeto\u0301ria-dedicada-a\u0300-transformac\u0327a\u0303o-da-cie\u0302ncia-nacional-figura1-18x10.jpg 18w, https:\/\/revistacienciaecultura.org.br\/wp-content\/uploads\/2024\/04\/CC-1S24-reportagem-a-plural-trajeto\u0301ria-dedicada-a\u0300-transformac\u0327a\u0303o-da-cie\u0302ncia-nacional-figura1-800x448.jpg 800w, https:\/\/revistacienciaecultura.org.br\/wp-content\/uploads\/2024\/04\/CC-1S24-reportagem-a-plural-trajeto\u0301ria-dedicada-a\u0300-transformac\u0327a\u0303o-da-cie\u0302ncia-nacional-figura1-1160x650.jpg 1160w, https:\/\/revistacienciaecultura.org.br\/wp-content\/uploads\/2024\/04\/CC-1S24-reportagem-a-plural-trajeto\u0301ria-dedicada-a\u0300-transformac\u0327a\u0303o-da-cie\u0302ncia-nacional-figura1.jpg 1477w\" sizes=\"(max-width: 500px) 100vw, 500px\" \/><br \/>\n<strong>Figura 1. Aziz Ab\u2019S\u00e1ber criticava transposi\u00e7\u00e3o do Rio S\u00e3o Francisco<br \/>\n<\/strong>(Fonte: Ag\u00eancia Brasil. Reprodu\u00e7\u00e3o)<\/h6>\n<p>&nbsp;<\/p>\n<p>A barragem dos rios do Vale do Ribeira tamb\u00e9m recebeu destaque onde o ge\u00f3grafo, ao lado de outros defensores ambientais, criticava novamente a falta de planejamento e de an\u00e1lises t\u00e9cnica, econ\u00f4mica, ambiental e sobretudo social para prever o m\u00e1ximo poss\u00edvel dos impactos nas \u00e1reas atingidas. Por mais de 30 anos a popula\u00e7\u00e3o do Vale do Ribeira, respaldada pelo Movimento dos Amea\u00e7ados por Barragens (MOAB), conseguiu impedir que a Companhia Brasileira de Alum\u00ednio (CBA) do grupo Votorantin, avan\u00e7asse no projeto. Por\u00e9m, em 2021, o ent\u00e3o governador de S\u00e3o Paulo, Jo\u00e3o Doria, anunciou a retomada da primeira fase da obra sob o argumento de que, quando pronta, a barragem controlar\u00e1 cheias do rio Ribeira de Iguape. O investimento nesta primeira etapa \u00e9 estimado em mais de R$ 4 milh\u00f5es, de acordo com o Governo de S\u00e3o Paulo.<\/p>\n<p><strong>\u00a0<\/strong><\/p>\n<h4 id=\"promocao-da-educacao-e-um-legado-permanente\"><strong>Promo\u00e7\u00e3o da educa\u00e7\u00e3o e um legado permanente<\/strong><\/h4>\n<p>Ab\u2019S\u00e1ber tamb\u00e9m construiu uma importante e engajada trajet\u00f3ria social, por meio de suas a\u00e7\u00f5es e posi\u00e7\u00f5es p\u00fablicas, provocando um papel mais ativo dos cientistas na sociedade e refor\u00e7ando que a ci\u00eancia deveria ser aplicada em benef\u00edcio das pessoas e do meio ambiente em que vivem. \u201cO professor Aziz Ab\u2019S\u00e1ber foi um ativista em defesa da democratiza\u00e7\u00e3o da ci\u00eancia e da universidade p\u00fablica, sobretudo defendia que todos tivessem o acesso ao conhecimento cient\u00edfico independente da camada social que pertencia\u201d, refor\u00e7a Vicente Alves. \u201cPara tanto, ele foi um entusiasta\u00a0da promo\u00e7\u00e3o do di\u00e1logo com iniciativas sociais e culturais, desde palestras, cria\u00e7\u00e3o de bibliotecas, aulas em cursinhos populares e em periferias, abertura da universidade para os mais pobres para que n\u00e3o somente os filhos de trabalhadores pudessem estudar em uma institui\u00e7\u00e3o p\u00fablica de qualidade, mas tamb\u00e9m foi um defensor de que a universidade se aproximasse dos movimentos sociais rurais e urbanos de distintos segmentos da sociedade organizada\u201d.<\/p>\n<p>&nbsp;<\/p>\n<h4 id=\"ele-foi-um-critico-dos-projetos-de-intervencao-no-espaco-geografico-sobretudo-daqueles-que-pudessem-gerar-relevantes-impactos-socioambientais\" style=\"text-align: center;\"><span style=\"color: #800000;\"><em>\u201cEle foi um cr\u00edtico dos projetos de interven\u00e7\u00e3o no espa\u00e7o geogr\u00e1fico, sobretudo daqueles que pudessem gerar relevantes impactos socioambientais.\u201d<\/em><\/span><\/h4>\n<p>&nbsp;<\/p>\n<p>Paralelamente, Ab\u2019S\u00e1ber desempenhou um papel crucial \u00e0 frente na <span style=\"color: #800000;\"><a style=\"color: #800000;\" href=\"http:\/\/portal.sbpcnet.org.br\/\"><strong>Sociedade Brasileira para o Progresso da Ci\u00eancia (SBPC)<\/strong><\/a><\/span> atuando inicialmente como vice-presidente (1983-1985), secret\u00e1rio (1987-1989) e posteriormente como presidente (1993-1995), sendo sua gest\u00e3o marcada por um forte compromisso e lutas pela ci\u00eancia, meio ambiente e sobretudo a favor da educa\u00e7\u00e3o. \u201cQuando Aziz entrou na SBPC, a primeira coisa que ele fez foi enviar uma carta ao conselho demonstrando a inten\u00e7\u00e3o de criar um espa\u00e7o para que os estudantes pudessem frequentar. Ele ent\u00e3o utilizou uma sala grande que a sede tinha, adaptou-a com v\u00e1rios sof\u00e1s e estantes e as preencheu com livros, deixando um ambiente confort\u00e1vel para todos. Ele adorava essa viv\u00eancia com os jovens, era uma pessoa muito humanista\u201d, recorda Eunice Personini, secret\u00e1ria-executiva da SBPC desde 1988. \u201cAziz tamb\u00e9m colocou muitos mapas nos corredores e tinha o maior prazer em ensinar, era um professor nato. Cada pessoa que o visitava, ele recebia com o mesmo cuidado, ajudava e orientava\u201d, relembra. (Figura 2)<\/p>\n<h6 id=\"figura-2-aziz-absaber-foi-presidente-da-sbpc-entre-os-anos-de-1993-e-1995-fonte-acervo-sbpc-reproducao\" style=\"text-align: center;\"><img loading=\"lazy\" class=\"aligncenter wp-image-5911\" src=\"https:\/\/revistacienciaecultura.org.br\/wp-content\/uploads\/2024\/04\/CC-1S24-reportagem-a-plural-trajeto\u0301ria-dedicada-a\u0300-transformac\u0327a\u0303o-da-cie\u0302ncia-nacional-figura2-300x293.jpg\" alt=\"\" width=\"500\" height=\"488\" srcset=\"https:\/\/revistacienciaecultura.org.br\/wp-content\/uploads\/2024\/04\/CC-1S24-reportagem-a-plural-trajeto\u0301ria-dedicada-a\u0300-transformac\u0327a\u0303o-da-cie\u0302ncia-nacional-figura2-300x293.jpg 300w, https:\/\/revistacienciaecultura.org.br\/wp-content\/uploads\/2024\/04\/CC-1S24-reportagem-a-plural-trajeto\u0301ria-dedicada-a\u0300-transformac\u0327a\u0303o-da-cie\u0302ncia-nacional-figura2-1024x1000.jpg 1024w, https:\/\/revistacienciaecultura.org.br\/wp-content\/uploads\/2024\/04\/CC-1S24-reportagem-a-plural-trajeto\u0301ria-dedicada-a\u0300-transformac\u0327a\u0303o-da-cie\u0302ncia-nacional-figura2-768x750.jpg 768w, https:\/\/revistacienciaecultura.org.br\/wp-content\/uploads\/2024\/04\/CC-1S24-reportagem-a-plural-trajeto\u0301ria-dedicada-a\u0300-transformac\u0327a\u0303o-da-cie\u0302ncia-nacional-figura2-12x12.jpg 12w, https:\/\/revistacienciaecultura.org.br\/wp-content\/uploads\/2024\/04\/CC-1S24-reportagem-a-plural-trajeto\u0301ria-dedicada-a\u0300-transformac\u0327a\u0303o-da-cie\u0302ncia-nacional-figura2-800x781.jpg 800w, https:\/\/revistacienciaecultura.org.br\/wp-content\/uploads\/2024\/04\/CC-1S24-reportagem-a-plural-trajeto\u0301ria-dedicada-a\u0300-transformac\u0327a\u0303o-da-cie\u0302ncia-nacional-figura2-1160x1133.jpg 1160w, https:\/\/revistacienciaecultura.org.br\/wp-content\/uploads\/2024\/04\/CC-1S24-reportagem-a-plural-trajeto\u0301ria-dedicada-a\u0300-transformac\u0327a\u0303o-da-cie\u0302ncia-nacional-figura2.jpg 1245w\" sizes=\"(max-width: 500px) 100vw, 500px\" \/><br \/>\n<strong>Figura 2. Aziz Ab\u2019S\u00e1ber <\/strong><strong>foi presidente da SBPC entre os anos de 1993 e 1995.<br \/>\n<\/strong>(Fonte: Acervo SBPC. Reprodu\u00e7\u00e3o)<\/h6>\n<p>&nbsp;<\/p>\n<p>Ap\u00f3s sua gest\u00e3o, Ab\u00b4Saber foi nomeado como Presidente de Honra da entidade e tinha o costume de ir toda semana at\u00e9 a sede para produzir o <em>Leituras Indispens\u00e1veis<\/em>, cartilha que Eunice Personini o auxiliava a escrever. Nesse \u00faltimo dia ao terminarem, Ab\u2019S\u00e1ber entregou para ela um material com sua obra e um bilhete escrito, pedindo-a que enviasse ao maior n\u00famero de pessoas:<\/p>\n<p>&nbsp;<\/p>\n<p style=\"padding-left: 160px;\"><em>&#8220;Tenho o grande prazer de enviar para os amigos e colegas da Universidade o presente DVD que cont\u00e9m um conjunto de trabalhos geogr\u00e1ficos e de planejamento elaborados entre 1946-2010. Tratando-se de estudos predominantemente geogr\u00e1ficos, eu gostaria que tal DVD seja levado ao conhecimento dos especialistas em geografia f\u00edsica e humana da universidade&#8221;.<\/em><\/p>\n<p>&nbsp;<\/p>\n<p>Eunice Personini lembra que toda situa\u00e7\u00e3o soava como uma carinhosa despedida. \u201cEu fui acompanh\u00e1-lo at\u00e9 a sa\u00edda e, enquanto o elevador n\u00e3o chegava, Aziz me falou de duas alunas da geografia que eram muito inteligentes, mas que tinham dificuldade em chegar at\u00e9 a universidade por morarem distante e que as auxiliava com a condu\u00e7\u00e3o&#8230; Ele ent\u00e3o me deu o nome delas e falou \u2018Dona Nicinha, veja se a SBPC consegue ajud\u00e1-las\u2019. E foi muito emocionante, porque parecia que de alguma forma, ele sabia que era o \u00faltimo encontro ali na SBPC. No dia seguinte, est\u00e1vamos em reuni\u00e3o da diretoria e recebemos a not\u00edcia de seu falecimento, na manh\u00e3 de 16 de mar\u00e7o de 2012\u201d.<\/p>\n<p>&nbsp;<\/p>\n<h4 id=\"o-professor-aziz-absaber-foi-um-ativista-em-defesa-da-democratizacao-da-ciencia-e-da-universidade-publica-sobretudo-defendia-que-todos-tivessem-o-acesso-ao-conhecimento-cientifico-i\" style=\"text-align: center;\"><span style=\"color: #800000;\"><em>\u201cO professor Aziz Ab\u2019S\u00e1ber foi um ativista em defesa da democratiza\u00e7\u00e3o da ci\u00eancia e da universidade p\u00fablica, sobretudo defendia que todos tivessem o acesso ao conhecimento cient\u00edfico independente da camada social que pertencia.\u201d<\/em><\/span><\/h4>\n<p>&nbsp;<\/p>\n<hr \/>\n<h6 id=\"confira-depoimento-completo-de-eunice-personini\"><strong>Confira depoimento completo de Eunice Personini:<\/strong><\/h6>\n<p><span style=\"color: #800000;\"><strong><a style=\"color: #800000;\" href=\"https:\/\/revistacienciaecultura.org.br\/?p=5933\">Aziz Ab\u2019S\u00e1ber: viv\u00eancias e mem\u00f3rias <\/a><\/strong><\/span><\/p>\n<hr \/>\n<h6 id=\"capa-aziz-absaber-inspirou-geracoes-de-cientistas-e-ambientalistasfonte-camara-dos-deputados-reproducao\"><strong>Capa. Aziz Ab\u2019S\u00e1ber inspirou gera\u00e7\u00f5es de cientistas e ambientalistas<br \/>\n<\/strong>(Fonte: C\u00e2mara dos Deputados. Reprodu\u00e7\u00e3o)<\/h6>\n<hr \/>\n<h6 id=\"http-dx-doi-org-10-5935-2317-6660-20240020\"><span style=\"color: #808080;\"><a style=\"color: #808080;\" href=\"http:\/\/dx.doi.org\/10.5935\/2317-6660.20240020\" target=\"_blank\" rel=\"noopener\">http:\/\/dx.doi.org\/10.5935\/2317-6660.20240020<\/a><\/span><\/h6>\n","protected":false},"excerpt":{"rendered":"Pesquisador tra\u00e7ou bases fundamentais na consolida\u00e7\u00e3o da geografia, criando pesquisas inovadoras sobre&hellip;\n","protected":false},"author":42,"featured_media":5912,"comment_status":"open","ping_status":"open","sticky":false,"template":"","format":"standard","meta":[],"categories":[51],"tags":[],"acf":[],"_links":{"self":[{"href":"https:\/\/revistacienciaecultura.org.br\/index.php?rest_route=\/wp\/v2\/posts\/5909"}],"collection":[{"href":"https:\/\/revistacienciaecultura.org.br\/index.php?rest_route=\/wp\/v2\/posts"}],"about":[{"href":"https:\/\/revistacienciaecultura.org.br\/index.php?rest_route=\/wp\/v2\/types\/post"}],"author":[{"embeddable":true,"href":"https:\/\/revistacienciaecultura.org.br\/index.php?rest_route=\/wp\/v2\/users\/42"}],"replies":[{"embeddable":true,"href":"https:\/\/revistacienciaecultura.org.br\/index.php?rest_route=%2Fwp%2Fv2%2Fcomments&post=5909"}],"version-history":[{"count":6,"href":"https:\/\/revistacienciaecultura.org.br\/index.php?rest_route=\/wp\/v2\/posts\/5909\/revisions"}],"predecessor-version":[{"id":7105,"href":"https:\/\/revistacienciaecultura.org.br\/index.php?rest_route=\/wp\/v2\/posts\/5909\/revisions\/7105"}],"wp:featuredmedia":[{"embeddable":true,"href":"https:\/\/revistacienciaecultura.org.br\/index.php?rest_route=\/wp\/v2\/media\/5912"}],"wp:attachment":[{"href":"https:\/\/revistacienciaecultura.org.br\/index.php?rest_route=%2Fwp%2Fv2%2Fmedia&parent=5909"}],"wp:term":[{"taxonomy":"category","embeddable":true,"href":"https:\/\/revistacienciaecultura.org.br\/index.php?rest_route=%2Fwp%2Fv2%2Fcategories&post=5909"},{"taxonomy":"post_tag","embeddable":true,"href":"https:\/\/revistacienciaecultura.org.br\/index.php?rest_route=%2Fwp%2Fv2%2Ftags&post=5909"}],"curies":[{"name":"wp","href":"https:\/\/api.w.org\/{rel}","templated":true}]}}