{"id":5920,"date":"2024-04-29T08:00:13","date_gmt":"2024-04-29T08:00:13","guid":{"rendered":"https:\/\/revistacienciaecultura.org.br\/?p=5920"},"modified":"2024-04-26T19:48:56","modified_gmt":"2024-04-26T19:48:56","slug":"aziz-absaber-e-a-geografia-brasileira","status":"publish","type":"post","link":"https:\/\/revistacienciaecultura.org.br\/?p=5920","title":{"rendered":"Aziz Ab\u2019S\u00e1ber e a geografia brasileira"},"content":{"rendered":"<h4 id=\"geografo-desvendou-a-paisagem-do-brasil-e-defendeu-sua-preservacao\"><span style=\"color: #808080;\">Ge\u00f3grafo desvendou a paisagem do Brasil e defendeu sua preserva\u00e7\u00e3o<\/span><\/h4>\n<p>&nbsp;<\/p>\n<p>O relevo brasileiro \u00e9 mais do que uma paisagem. \u00c9 um testemunho vivo de uma hist\u00f3ria geol\u00f3gica que se desenrolou ao longo de milh\u00f5es de anos. Moldado pela a\u00e7\u00e3o de for\u00e7as externas, como o intemperismo e a eros\u00e3o, o relevo do Brasil \u00e9 um complexo quebra-cabe\u00e7a geol\u00f3gico. Das serras at\u00e9 as plan\u00edcies, cada eleva\u00e7\u00e3o e depress\u00e3o conta uma hist\u00f3ria de mudan\u00e7a e evolu\u00e7\u00e3o. No entanto, essa narrativa geol\u00f3gica n\u00e3o est\u00e1 imune \u00e0s influ\u00eancias humanas. As atividades urbanas e rurais deixaram sua marca no relevo, alterando-o de maneiras diversas. A intera\u00e7\u00e3o entre a natureza e a sociedade brasileira resulta em uma diversidade que \u00e9 tanto fonte de riqueza quanto de desafios.<\/p>\n<p>Nesse cen\u00e1rio de intera\u00e7\u00f5es complexas, surge a figura de Aziz Ab\u2019S\u00e1ber. Ge\u00f3grafo brasileiro de renome internacional, Ab\u2019S\u00e1ber dedicou sua vida \u00e0 defesa do meio ambiente e \u00e0 preserva\u00e7\u00e3o da biodiversidade. \u201cNa \u00e1rea da geografia, que estamos comemorando o centen\u00e1rio dele este ano, a contribui\u00e7\u00e3o dele \u00e9 sem precedentes. Ele tinha um profundo conhecimento tanto do relevo, quanto do clima do Brasil, quanto dos ecossistemas do Brasil\u201d, declara Luziane Mesquita da Luz, professora da Faculdade de Geografia e Cartografia da Universidade Federal do Par\u00e1 e coordenadora do Grupo de Pesquisa em Geomorfologia Ambiental da Amaz\u00f4nia (GPGA).<\/p>\n<p>Aziz Ab\u2019S\u00e1ber tamb\u00e9m foi uma figura central na pol\u00edtica cient\u00edfica e ambiental do Brasil. Seu ativismo incans\u00e1vel, sua paix\u00e3o pela pesquisa geogr\u00e1fica e seu compromisso com a preserva\u00e7\u00e3o ambiental influenciaram as pol\u00edticas p\u00fablicas por d\u00e9cadas. Ele defendeu fervorosamente o papel da ci\u00eancia na tomada de decis\u00f5es, alertando para os perigos de ignorarmos o conhecimento cient\u00edfico em prol de interesses moment\u00e2neos. \u201cEu diria que o professor Aziz Ab\u2019S\u00e1ber \u00e9 um grande exemplo de um cientista engajado politicamente, com uma enorme sensibilidade social\u201d, afirma Wagner Costa Ribeiro, professor do Departamento de Geografia da Universidade de S\u00e3o Paulo (USP) e coordenador da Rede de Pesquisa em Geografia das \u00c1guas no Brasil.<\/p>\n<p>O ge\u00f3grafo nos alertou para os impactos das a\u00e7\u00f5es humanas no delicado equil\u00edbrio ambiental, defendendo a necessidade premente de uma abordagem respons\u00e1vel e sustent\u00e1vel. Aziz Ab\u2019S\u00e1ber alertou da urg\u00eancia em proteger nossos recursos naturais. Sua vis\u00e3o, muitas vezes \u00e0 frente de seu tempo, ressaltava a import\u00e2ncia de uma abordagem baseada em evid\u00eancias para enfrentarmos os desafios ambientais e sociais de nosso tempo. \u201cAb\u2019S\u00e1ber dizia que um dos problemas do Brasil \u00e9 que est\u00e1vamos planejando para daqui a tr\u00eas anos ou cinco anos, que \u00e9 o tempo de uma elei\u00e7\u00e3o. E n\u00f3s n\u00e3o podemos planejar para daqui a cinco anos. Tamb\u00e9m n\u00e3o posso planejar daqui a 30 anos, que \u00e9 uma gera\u00e7\u00e3o. Por exemplo, n\u00f3s temos que pensar na Amaz\u00f4nia para daqui a 500 anos, para daqui a mil anos\u201d, explica Ricardo de Sampaio Dagnino, professor do Departamento Interdisciplinar da Universidade Federal do Rio Grande do Sul (CLN\/UFRGS) e coordenador do projeto de pesquisa SIG Litoral Norte.<\/p>\n<p><strong>Assista ao v\u00eddeo:<\/strong><\/p>\n<p><iframe loading=\"lazy\" title=\"Aziz Ab\u2019S\u00e1ber e a geografia brasileira\" width=\"1200\" height=\"675\" src=\"https:\/\/www.youtube.com\/embed\/PW-4Sodf8J4?feature=oembed\" frameborder=\"0\" allow=\"accelerometer; autoplay; clipboard-write; encrypted-media; gyroscope; picture-in-picture; web-share\" referrerpolicy=\"strict-origin-when-cross-origin\" allowfullscreen><\/iframe><\/p>\n","protected":false},"excerpt":{"rendered":"Ge\u00f3grafo desvendou a paisagem do Brasil e defendeu sua preserva\u00e7\u00e3o &nbsp; O&hellip;\n","protected":false},"author":19,"featured_media":5921,"comment_status":"open","ping_status":"open","sticky":false,"template":"","format":"standard","meta":[],"categories":[5],"tags":[],"acf":[],"_links":{"self":[{"href":"https:\/\/revistacienciaecultura.org.br\/index.php?rest_route=\/wp\/v2\/posts\/5920"}],"collection":[{"href":"https:\/\/revistacienciaecultura.org.br\/index.php?rest_route=\/wp\/v2\/posts"}],"about":[{"href":"https:\/\/revistacienciaecultura.org.br\/index.php?rest_route=\/wp\/v2\/types\/post"}],"author":[{"embeddable":true,"href":"https:\/\/revistacienciaecultura.org.br\/index.php?rest_route=\/wp\/v2\/users\/19"}],"replies":[{"embeddable":true,"href":"https:\/\/revistacienciaecultura.org.br\/index.php?rest_route=%2Fwp%2Fv2%2Fcomments&post=5920"}],"version-history":[{"count":2,"href":"https:\/\/revistacienciaecultura.org.br\/index.php?rest_route=\/wp\/v2\/posts\/5920\/revisions"}],"predecessor-version":[{"id":5941,"href":"https:\/\/revistacienciaecultura.org.br\/index.php?rest_route=\/wp\/v2\/posts\/5920\/revisions\/5941"}],"wp:featuredmedia":[{"embeddable":true,"href":"https:\/\/revistacienciaecultura.org.br\/index.php?rest_route=\/wp\/v2\/media\/5921"}],"wp:attachment":[{"href":"https:\/\/revistacienciaecultura.org.br\/index.php?rest_route=%2Fwp%2Fv2%2Fmedia&parent=5920"}],"wp:term":[{"taxonomy":"category","embeddable":true,"href":"https:\/\/revistacienciaecultura.org.br\/index.php?rest_route=%2Fwp%2Fv2%2Fcategories&post=5920"},{"taxonomy":"post_tag","embeddable":true,"href":"https:\/\/revistacienciaecultura.org.br\/index.php?rest_route=%2Fwp%2Fv2%2Ftags&post=5920"}],"curies":[{"name":"wp","href":"https:\/\/api.w.org\/{rel}","templated":true}]}}