{"id":5933,"date":"2024-04-29T07:50:46","date_gmt":"2024-04-29T07:50:46","guid":{"rendered":"https:\/\/revistacienciaecultura.org.br\/?p=5933"},"modified":"2024-04-29T10:36:12","modified_gmt":"2024-04-29T10:36:12","slug":"aziz-absaber-vivencias-e-memorias","status":"publish","type":"post","link":"https:\/\/revistacienciaecultura.org.br\/?p=5933","title":{"rendered":"Aziz Ab\u2019S\u00e1ber: viv\u00eancias e mem\u00f3rias"},"content":{"rendered":"<h4 id=\"confira-depoimento-da-secretaria-executiva-da-diretoria-na-sbpc\"><span style=\"color: #808080;\">Confira depoimento da \u00a0Secret\u00e1ria Executiva da Diretoria na SBPC<\/span><\/h4>\n<p>&nbsp;<\/p>\n<h4 id=\"acoes-como-vice-presidente\">A\u00e7\u00f5es como vice-presidente<\/h4>\n<p>Quando Aziz Ab\u2019S\u00e1ber entrou como vice-presidente para ser vice do Crodowaldo Pavan, com a Carolina Bori (em 1983 a 1985), a SBPC era rec\u00e9m-sa\u00edda da ditadura e estava com bastante prest\u00edgio por ser um espa\u00e7o de resist\u00eancia e debate, foi o \u00fanico f\u00f3rum de debate durante a Ditadura. A SBPC e Ab\u2019S\u00e1ber muito se empenharam na quest\u00e3o da difus\u00e3o cient\u00edfica.<\/p>\n<p>Nessa \u00e9poca foi lan\u00e7ada a revista <strong><a href=\"https:\/\/cienciahoje.org.br\/\"><span style=\"color: #800000;\">Ci\u00eancia Hoje<\/span><\/a><\/strong>, e Ab\u2019S\u00e1ber colaborou muito especialmente em um n\u00famero especial <strong><a href=\"https:\/\/sbpcacervodigital.org.br\/items\/59e12c95-0090-45c6-9a05-2312479b257e\"><span style=\"color: #800000;\">chamado Eco Brasil<\/span><\/a><\/strong>, onde ele publicou o artigo <em>\u201cSert\u00f5es: a originalidade da Terra\u201d<\/em>. Nesse artigo ele mostrou os resultados de suas pesquisas realizadas de suas muitas viagens ao Nordeste, incluindo os mapas que ele mesmo criava.<\/p>\n<p>Tamb\u00e9m nesse campo de difus\u00e3o cient\u00edfica, a Carolina Bori com a ajuda de Ab\u2019S\u00e1ber, programas de r\u00e1dio na SBPC. O primeiro foi o \u2018encontro com a ci\u00eancia\u2019, depois outro chamado \u201ctome ci\u00eancia\u201d, sendo Ab\u2019S\u00e1ber inclusive, um dos primeiros entrevistados.<\/p>\n<p>&nbsp;<\/p>\n<h4 id=\"acoes-como-secretario\">A\u00e7\u00f5es como secret\u00e1rio<\/h4>\n<p>A SBPC fez um documento com v\u00e1rios temas para a\u00e7\u00f5es da Assembleia Nacional Constituinte, sendo a comiss\u00e3o geral coordenada pelo professor Jos\u00e9 Albertino Rodrigues. Ab\u2019S\u00e1ber, como secret\u00e1rio em 1987, compunha e coordenava a composi\u00e7\u00e3o dos temas \u201cEspa\u00e7o e territ\u00f3rio e do \u2018Meio ambiente\u201d, onde foi feito um documento direcionado ao ent\u00e3o presidente da constituinte, Ulisses Guimar\u00e3es e para o Bernardo Cabral.<\/p>\n<p>Nesse per\u00edodo, Ab\u2019S\u00e1ber, juntamente com Jos\u00e9 Goldemberg, Am\u00e9lia Hamburger, Pinguelli Rosa, dentre outros, compuseram a comiss\u00e3o que prop\u00f4s emenda popular contra as armas nucleares.<\/p>\n<p>Al\u00e9m dessa emenda, Ab\u2019S\u00e1ber tamb\u00e9m participou de uma proposta de emenda que recolheu mais de 41 mil assinaturas, cuja a\u00e7\u00e3o deu origem ao cap\u00edtulo dos Ind\u00edgenas na Constitui\u00e7\u00e3o, garantindo os direitos fundamentais aos Povos origin\u00e1rios brasileiros. Foi uma atua\u00e7\u00e3o bastante importante da SBPCE em parceria com Ab\u2019S\u00e1ber.<\/p>\n<h2 id=\"\"><\/h2>\n<h4 id=\"acoes-como-presidente\">A\u00e7\u00f5es como presidente<\/h4>\n<p>A primeira nota que Ab\u2019S\u00e1ber emitiu quando se tornou presidente da SBPC em julho de 1993, foi uma forte carta escrita por ele e endere\u00e7ada ao presidente da Rep\u00fablica, Itamar Franco, contra a Chacina da Candel\u00e1ria, que ocorreu no Rio de Janeiro.<\/p>\n<p>Uma das primeiras a\u00e7\u00f5es que o professor Ab\u2019S\u00e1ber fez foi enviar uma carta ao conselho demonstrando a inten\u00e7\u00e3o de criar um espa\u00e7o para que os estudantes pudessem frequentar, j\u00e1 que o bairro onde a sede era localizada estava pr\u00f3ximo a escolas e universidades, e era muito frequentado por jovens. Ele ent\u00e3o utilizou uma sala grande que a sede tinha no final do corredor, adaptou-a com v\u00e1rios sof\u00e1s, uma geladeirinha com sucos, estantes e as preencheu com livros, deixando um ambiente confort\u00e1vel para todos. Ele adorava essa viv\u00eancia com os jovens, foi o \u00fanico que teve essa ideia, era uma pessoa muito humanista.<\/p>\n<p>Ab\u2019S\u00e1ber tamb\u00e9m criou comiss\u00f5es para tratar de assuntos especiais, sendo oito delas anunciadas assim que tomou posse, como a \u201cComiss\u00e3o de Criatividade\u201d, a de \u201cPlanejamento e recursos\u201d, entre outras.<\/p>\n<p>Outro fato importante foi que Ab\u2019S\u00e1ber colocou muitos mapas nos corredores e tinha o maior prazer em ensinar a cada um que o visitava, era um professor nato.<\/p>\n<p>Ab\u2019S\u00e1ber tamb\u00e9m criou uma s\u00e9rie de quatro publica\u00e7\u00f5es chamada \u201cSBPC documenta\u201d que foram lan\u00e7ados entre os anos de 1995 e 1996, onde reunia textos, artigos e trabalhos elaborados por diversos autores, tratando de problemas nacionais. A primeira edi\u00e7\u00e3o tratava quest\u00f5es ind\u00edgenas, a segunda Aziz publicou como \u201ca carta aos brasileiros de Godofredo Telles\u201d. O terceiro caderno foi dedicado \u00e0 educa\u00e7\u00e3o e reunia trabalhos apresentados durante a 46\u00aa Reuni\u00e3o Anual e textos da comiss\u00e3o de educa\u00e7\u00e3o da SBPCE. J\u00e1 o quarto exemplar de Documenta foi publicado sob o tema \u201caspectos estrat\u00e9gicos de uma proposta nacional\u201d e trazia trabalhos apresentados durante a 47\u00aa Reuni\u00e3o Anual.<\/p>\n<p>Ab\u2019S\u00e1ber inclusive participou de muitas reuni\u00f5es anuais da SBPC, sendo a 46\u00aa que ocorreu em Vit\u00f3ria do Esp\u00edrito Santo e a 47\u00aa em S\u00e3o Lu\u00eds do Maranh\u00e3o realizadas em sua gest\u00e3o, tendo essa no Maranh\u00e3o um recorde de p\u00fablico, contando com mais de 13 mil participantes. A partir da\u00ed, as reuni\u00f5es anuais contavam sempre com mais de 10 mil pessoas. E foi nesse per\u00edodo em que se passou a organizar Expoci\u00eancia (que depois se tornaria Expotec) e a SBPC Jovem.<\/p>\n<h2 id=\"-2\"><\/h2>\n<h4 id=\"carinhosa-despedida\">Carinhosa despedida<\/h4>\n<p>Ab\u2019S\u00e1ber foi nomeado como Presidente de Honra da entidade e tinha o costume de ir toda semana at\u00e9 a sede para produzir o material de Leituras Indispens\u00e1veis, onde eu o ajudava a digitar enquanto ele ditava. Quando terminou e eu fechei o computador, ele me entregou um DVD para entregar aos amigos dele. Isso j\u00e1 come\u00e7ou a soar para mim como uma despedida. Parecia que, de alguma forma, ele sabia que era o \u00faltimo encontro ali na SBPC&#8230;<\/p>\n<p>Fui acompanh\u00e1-lo at\u00e9 a sa\u00edda e, enquanto o elevador n\u00e3o chegava, Ab\u2019S\u00e1ber me falou da netinha e de duas alunas da geografia que eram muito inteligentes, mas que tinham dificuldade em chegar at\u00e9 a universidade por morarem distante e que as auxiliava com a condu\u00e7\u00e3o&#8230; Ele ent\u00e3o me deu o nome delas e falou \u201cDona Nicinha, veja se a SBPC consegue ajud\u00e1-las\u201d.<\/p>\n<p>No dia seguinte, est\u00e1vamos em reuni\u00e3o da diretoria e recebemos a not\u00edcia de seu s\u00fabito falecimento, na manh\u00e3 de 16 de mar\u00e7o de 2012 e foi, sinceramente, chocante&#8230; Fiquei muito tempo pensando no dia anterior e no \u00faltimo abra\u00e7o que tivemos, porque sentia que ele estava diferente&#8230;<\/p>\n<p>&nbsp;<\/p>\n<h4 id=\"memorias-gentis\">Mem\u00f3rias gentis<\/h4>\n<p>Ab\u2019S\u00e1ber recebia todo mundo na sede com muito carinho e cuidado. Lembro-me de visitas que iam o procurar na sede e vendo que Ab\u2019S\u00e1ber estava ocupad\u00edssimo, eu pensava em pedir para a pessoa voltar em outro momento, mas ele fazia quest\u00e3o em receber, ajudar e orientar.<\/p>\n<p>Conversando com uma colega que trabalhou na sala dos s\u00f3cios lembramos que, Ab\u2019S\u00e1ber fazia quest\u00e3o de deixar na mesa dela e na sala dos jovens, uma bomboniere com balinhas que ele mesmo comprava e gostava que estivessem l\u00e1 para quem chegasse&#8230; Era de uma gentileza, uma pessoa muito humana&#8230;<\/p>\n<p>Outra mem\u00f3ria carinhosa que tivemos era de que quando chegava o Natal, Ab\u2019S\u00e1ber passava no Ceasa e fazia uma mesa cheia de frutas de todas as esp\u00e9cies na sala de confraterniza\u00e7\u00f5es. E mesmo depois quando ele saiu da presid\u00eancia, lembro que ele mandou uma cesta de frutas na v\u00e9spera de um Natal. Era uma pessoa muito doce&#8230;<\/p>\n<p>Ab\u2019S\u00e1ber tinha uma sensibilidade muito grande. Eu dizia at\u00e9 que ele era um pouco telep\u00e1tico (risos), porque eu pensava e ele respondia logo em seguida! J\u00e1 ocorreram situa\u00e7\u00f5es em que n\u00f3s funcion\u00e1rios conversamos entre a gente e no dia seguinte, ele vinha com uma ideia para aquela quest\u00e3o, sem que n\u00f3s o tiv\u00e9ssemos consultado&#8230; Realmente ele percebia muito as pessoas e quando algu\u00e9m n\u00e3o estava bem, ele tinha essa sensibilidade em ajudar&#8230; Enfim, Ab\u2019S\u00e1ber era um humanista, o maior que eu j\u00e1 conheci.<\/p>\n","protected":false},"excerpt":{"rendered":"Confira depoimento da \u00a0Secret\u00e1ria Executiva da Diretoria na SBPC &nbsp; A\u00e7\u00f5es como&hellip;\n","protected":false},"author":193,"featured_media":5934,"comment_status":"open","ping_status":"open","sticky":false,"template":"","format":"standard","meta":[],"categories":[51],"tags":[],"acf":[],"_links":{"self":[{"href":"https:\/\/revistacienciaecultura.org.br\/index.php?rest_route=\/wp\/v2\/posts\/5933"}],"collection":[{"href":"https:\/\/revistacienciaecultura.org.br\/index.php?rest_route=\/wp\/v2\/posts"}],"about":[{"href":"https:\/\/revistacienciaecultura.org.br\/index.php?rest_route=\/wp\/v2\/types\/post"}],"author":[{"embeddable":true,"href":"https:\/\/revistacienciaecultura.org.br\/index.php?rest_route=\/wp\/v2\/users\/193"}],"replies":[{"embeddable":true,"href":"https:\/\/revistacienciaecultura.org.br\/index.php?rest_route=%2Fwp%2Fv2%2Fcomments&post=5933"}],"version-history":[{"count":3,"href":"https:\/\/revistacienciaecultura.org.br\/index.php?rest_route=\/wp\/v2\/posts\/5933\/revisions"}],"predecessor-version":[{"id":5957,"href":"https:\/\/revistacienciaecultura.org.br\/index.php?rest_route=\/wp\/v2\/posts\/5933\/revisions\/5957"}],"wp:featuredmedia":[{"embeddable":true,"href":"https:\/\/revistacienciaecultura.org.br\/index.php?rest_route=\/wp\/v2\/media\/5934"}],"wp:attachment":[{"href":"https:\/\/revistacienciaecultura.org.br\/index.php?rest_route=%2Fwp%2Fv2%2Fmedia&parent=5933"}],"wp:term":[{"taxonomy":"category","embeddable":true,"href":"https:\/\/revistacienciaecultura.org.br\/index.php?rest_route=%2Fwp%2Fv2%2Fcategories&post=5933"},{"taxonomy":"post_tag","embeddable":true,"href":"https:\/\/revistacienciaecultura.org.br\/index.php?rest_route=%2Fwp%2Fv2%2Ftags&post=5933"}],"curies":[{"name":"wp","href":"https:\/\/api.w.org\/{rel}","templated":true}]}}