{"id":5959,"date":"2024-04-30T07:30:32","date_gmt":"2024-04-30T07:30:32","guid":{"rendered":"https:\/\/revistacienciaecultura.org.br\/?p=5959"},"modified":"2024-04-29T17:31:30","modified_gmt":"2024-04-29T17:31:30","slug":"sbpc-define-temas-das-discussoes-da-76a-reuniao-anual","status":"publish","type":"post","link":"https:\/\/revistacienciaecultura.org.br\/?p=5959","title":{"rendered":"SBPC define temas das discuss\u00f5es da 76\u00aa Reuni\u00e3o Anual"},"content":{"rendered":"<h4 id=\"a-programacao-conta-com-conferencias-mesas-redondas-paineis-rodas-de-conversa-e-muito-mais-o-evento-sera-realizado-de-forma-hibrida-presencial-e-virtual-entre-os-dias-07-e-13-d\"><span style=\"color: #808080;\">A programa\u00e7\u00e3o conta com confer\u00eancias, mesas-redondas, pain\u00e9is, rodas de conversa e muito mais. O evento ser\u00e1 realizado de forma h\u00edbrida \u2013 presencial e virtual \u2013 entre os dias 07 e 13 de julho<\/span><\/h4>\n<p>&nbsp;<\/p>\n<p>A Sociedade Brasileira para o Progresso da Ci\u00eancia (SBPC) j\u00e1 tem definidos os temas das discuss\u00f5es que ir\u00e3o compor a programa\u00e7\u00e3o cient\u00edfica da 76\u00aa Reuni\u00e3o Anual. O evento ser\u00e1 realizado de 07 a 13 de julho de 2024, no campus Guam\u00e1 da Universidade Federal do Par\u00e1 (UFPA), em Bel\u00e9m.<\/p>\n<p>Esta edi\u00e7\u00e3o da RA ter\u00e1 como tema central a\u00a0<strong>\u201cCi\u00eancia para um futuro sustent\u00e1vel e inclusivo: por um novo contrato social com a natureza\u201d<\/strong>.<\/p>\n<p>Com confer\u00eancias, mesas-redondas, minicursos e webminicursos, pain\u00e9is e rodas de conversa, a programa\u00e7\u00e3o foi preparada com o objetivo de levar aos participantes um panorama amplo do que melhor se faz em ci\u00eancia na Regi\u00e3o Norte e em todo o Brasil.<\/p>\n<p>Entre os t\u00f3picos que ser\u00e3o apresentados nas confer\u00eancias por cientistas renomados e experts de diversas \u00e1reas do Brasil est\u00e3o:<\/p>\n<ul>\n<li>\u201cA ci\u00eancia que precisamos para o oceano que queremos: a import\u00e2ncia da Amaz\u00f4nia para a d\u00e9cada do oceano\u201d;<\/li>\n<li>\u201cA cria\u00e7\u00e3o do instituto dos conhecimentos ind\u00edgenas e pesquisa do rio negro\u201d;<\/li>\n<li>\u201cA economia pol\u00edtica da Amaz\u00f4nia e os desafios do desenvolvimento: uma an\u00e1lise cr\u00edtica dos paradigmas de sustentabilidade\u201d;<\/li>\n<li>\u201cA perda dos servi\u00e7os ambientais amea\u00e7a um futuro sustent\u00e1vel e inclusivo para a Amaz\u00f4nia\u201d;<\/li>\n<li>\u201cEventos clim\u00e1ticos extremos e as vulnerabilidades do Brasil\u201d;<\/li>\n<li>\u201cPol\u00edticas de inova\u00e7\u00e3o em sa\u00fade para o SUS\u201d;<\/li>\n<li>\u201cIntelig\u00eancia Artificial e suas aplica\u00e7\u00f5es em ci\u00eancia e educa\u00e7\u00e3o: desafios e oportunidades\u201d.<\/li>\n<li>O direito \u00e0 aprendizagem na alfabetiza\u00e7\u00e3o;<\/li>\n<li>Ao redor de buracos negros: part\u00edculas, ondas e sombras.<\/li>\n<\/ul>\n<p>Nas mesas-redondas, palestrantes convidados de diversas institui\u00e7\u00f5es do Pa\u00eds levantar\u00e3o questionamentos para debater com o p\u00fablico sobre assuntos como:<\/p>\n<ul>\n<li>\u201cPecu\u00e1rios resilientes e a manuten\u00e7\u00e3o da floresta em p\u00e9\u201d;<\/li>\n<li>\u201cAs unidades de pesquisas do MCTI na Amaz\u00f4nia\u201d;<\/li>\n<li>\u201cAvalia\u00e7\u00e3o da educa\u00e7\u00e3o superior no Brasil\u201d;<\/li>\n<li>\u201cCaminhos para afastar a Amaz\u00f4nia do ponto de n\u00e3o-retorno com uma nova sociobioeconomia de saud\u00e1veis florestas em p\u00e9 e rios fluindo\u201d;<\/li>\n<li>\u201cCi\u00eancia, tecnologia e inova\u00e7\u00e3o para as cidades brasileiras do futuro\u201d;<\/li>\n<li>\u201cDesafios contempor\u00e2neos do sistema \u00fanico de sa\u00fade: das grandes metr\u00f3poles aos povos tradicionais brasileiros\u201d.<\/li>\n<li>Como a matem\u00e1tica pode ajudar a resolver os desafios globais?<\/li>\n<li>Pl\u00e1sticos e micropl\u00e1sticos em \u00e1guas brasileiras: estado da arte, impactos e mitiga\u00e7\u00e3o;<\/li>\n<li>Pol\u00edticas de forma\u00e7\u00e3o de professores: desafios e perspectivas;<\/li>\n<li>Sa\u00fade e doen\u00e7as do c\u00e9rebro: papel ben\u00e9fico dos neuromoduladores;<\/li>\n<li>Desafios da Intelig\u00eancia Artificial.<\/li>\n<\/ul>\n<p>Nos pain\u00e9is, promovidos pelas sociedades cient\u00edficas afiliadas \u00e0 SBPC, especialistas de grande renome v\u00e3o debater quest\u00f5es atuais de suma import\u00e2ncia, tais como:<\/p>\n<ul>\n<li>\u201cPol\u00edticas afirmativas para negros e ind\u00edgenas: as cotas raciais como possibilidade de acesso e sucesso\u201d;<\/li>\n<li>\u201cComunica\u00e7\u00e3o em tempos de Intelig\u00eancia Artificial: amplia\u00e7\u00e3o ou redu\u00e7\u00e3o das desigualdades sociais?\u201d;<\/li>\n<li>\u201cDesafios atuais da curriculariza\u00e7\u00e3o da extens\u00e3o universit\u00e1ria na sa\u00fade: impacto social, inova\u00e7\u00e3o e engajamento cidad\u00e3o no fortalecimento do SUS\u201d;<\/li>\n<li>\u201cCompeti\u00e7\u00f5es cient\u00edficas: resultados e a\u00e7\u00f5es de inclus\u00e3o\u201d;<\/li>\n<li>\u201cPerfil do pesquisador em in\u00edcio e meio de carreira no Brasil\u201d.<\/li>\n<\/ul>\n<p>Claudia Linhares Sales, secret\u00e1ria-geral da SBPC e tamb\u00e9m respons\u00e1vel pela coordena\u00e7\u00e3o do evento, destaca que esta 76\u00aa Reuni\u00e3o Anual ser\u00e1 uma oportunidade singular de ecoar vozes e articular encontros entre institui\u00e7\u00f5es e pesquisadores geograficamente distantes do Pa\u00eds. \u201cUm problema recorrente nas institui\u00e7\u00f5es, especialmente da regi\u00e3o Amaz\u00f4nica, \u00e9 que as pessoas dizem que sua ci\u00eancia n\u00e3o \u00e9 escutada, e a SBPC ser\u00e1 um canal, n\u00e3o s\u00f3 para ecoar, mas para tamb\u00e9m promover esse di\u00e1logo com o resto do Brasil. Porque, afinal de contas, a biodiversidade \u00e9 diferente, temos seis biomas espalhados em nosso territ\u00f3rio, mas os problemas talvez n\u00e3o sejam t\u00e3o diferentes. Assim como n\u00e3o s\u00e3o t\u00e3o diferentes os problemas da educa\u00e7\u00e3o e da valoriza\u00e7\u00e3o da ci\u00eancia\u201d, diz.<\/p>\n<p>Um exemplo \u00e9 que neste evento a SBPC dar\u00e1 continuidade aos di\u00e1logos amaz\u00f4nicos, buscando dar mais visibilidade aos pesquisadores e acad\u00eamicos da regi\u00e3o em um cen\u00e1rio de pr\u00e9-realiza\u00e7\u00e3o da Confer\u00eancia das Na\u00e7\u00f5es Unidas sobre as Mudan\u00e7as Clim\u00e1ticas de 2025, tamb\u00e9m chamada de COP30, que Bel\u00e9m sediar\u00e1 ano que vem.<\/p>\n<p>\u201cA gente espera que a SBPC antecipe os grandes debates da COP30. As solu\u00e7\u00f5es para a Amaz\u00f4nia brasileira t\u00eam que ser encontradas no Brasil, com a ci\u00eancia que se faz aqui, porque quem mais conhece a Amaz\u00f4nia s\u00e3o os cientistas locais. Queremos olhar para todos os problemas, porque, como diz o agora imortal Ailton Krenak, precisamos adiar o fim do mundo. Mesmo porque as elites e os tr\u00eas poderes do Brasil ainda n\u00e3o olham para esses assuntos como deveriam\u201d, comenta Linhares.<\/p>\n<p>A diretora da SBPC conta ainda que, al\u00e9m das discuss\u00f5es ao redor do tema central do evento, a entidade tamb\u00e9m incluir\u00e1 nos debates t\u00f3picos da pol\u00edtica nacional, como o or\u00e7amento e a estrat\u00e9gia para ci\u00eancia, tecnologia e inova\u00e7\u00e3o, educa\u00e7\u00e3o e sa\u00fade p\u00fablica, entre outros. \u201cVamos abordar assuntos atuais, como, por exemplo, teremos uma palestra do coordenador-geral da 5\u00aa Confer\u00eancia Nacional de Ci\u00eancia, Tecnologia e Inova\u00e7\u00e3o (5\u00aa CNCTI), o professor e ex-ministro Sergio Rezende, que ir\u00e1 mostrar os resultados do encontro que acontece em junho, em Bras\u00edlia, praticamente um m\u00eas antes da Reuni\u00e3o Anual. Tamb\u00e9m teremos uma mesa-redonda que abordar\u00e1 as recomenda\u00e7\u00f5es para a constru\u00e7\u00e3o de um novo Sistema Nacional de Ci\u00eancia, Tecnologia e Inova\u00e7\u00e3o\u201d, conta.<\/p>\n<p>Linhares destaca que as discuss\u00f5es preparat\u00f3rias para a 5\u00aa CNCTI foram lan\u00e7adas na 75\u00aa Reuni\u00e3o Anual da SBPC, em Curitiba, em julho do ano passado, e se espalharam por todo o Pa\u00eds, em confer\u00eancias regionais, municipais, estaduais, livres e tem\u00e1ticas, que j\u00e1 somam mais de 200 eventos.<\/p>\n<p>&nbsp;<\/p>\n<h4 id=\"a-reuniao-anual\"><strong>A Reuni\u00e3o Anual<\/strong><\/h4>\n<p>Criada em 1948, a SBPC \u00e9 uma entidade voltada \u00e0 defesa do avan\u00e7o cient\u00edfico e tecnol\u00f3gico e do desenvolvimento educacional e cultural do Brasil. Desde 1949, a entidade realiza, ininterruptamente, as Reuni\u00f5es Anuais, com os objetivos de difundir para toda a popula\u00e7\u00e3o os avan\u00e7os da Ci\u00eancia nacional nas diversas \u00e1reas do conhecimento, al\u00e9m de debater pol\u00edticas p\u00fablicas nas \u00e1reas de Ci\u00eancia, Tecnologia, Inova\u00e7\u00e3o e Educa\u00e7\u00e3o.<\/p>\n<p>Considerado o maior evento cient\u00edfico da Am\u00e9rica Latina, as Reuni\u00f5es Anuais da SBPC s\u00e3o gratuitas e abertas a todos. Re\u00fane todos os anos milhares de pessoas \u2013 cientistas, professores e estudantes de todos os n\u00edveis, profissionais liberais e visitantes, al\u00e9m de autoridades e gestores, formuladores de pol\u00edticas p\u00fablicas para ci\u00eancia e tecnologia no Pa\u00eds.<\/p>\n<p>Sua programa\u00e7\u00e3o inclui atividades como a SBPC Inova\u00e7\u00e3o, SBPC Afro e Ind\u00edgena e a SBPC Educa\u00e7\u00e3o. Inclui ainda exposi\u00e7\u00f5es como a SBPC Jovem e a ExpoT&amp;C, com atra\u00e7\u00f5es para todas as idades e interesses.<\/p>\n<p>Esta 76\u00aa edi\u00e7\u00e3o conta com apoio da Coordena\u00e7\u00e3o de Aperfei\u00e7oamento de Pessoal de N\u00edvel Superior (Capes), Conselho Nacional de Desenvolvimento Cient\u00edfico e Tecnol\u00f3gico (CNPq), Funda\u00e7\u00e3o Amparo e Desenvolvimento da Pesquisa (Fadesp), Secretaria Municipal de Educa\u00e7\u00e3o de Bel\u00e9m, Secretaria de Estado de Cultura do Par\u00e1, Financiadora de Estudos e Projetos (Finep), Minist\u00e9rio da Educa\u00e7\u00e3o, Minist\u00e9rio da Ci\u00eancia, Tecnologia e Inova\u00e7\u00e3o, e do Governo Federal.<\/p>\n<p>Os parceiros institucionais s\u00e3o: Universidade do Estado do Par\u00e1 (UEPA), Instituto Federal do Par\u00e1 (IFPA), Universidade Federal do Sul e Sudeste do Par\u00e1 (Unifesspa), Universidade Federal Rural da Amaz\u00f4nia (UFRA) e o Museu Paraense Em\u00edlio Goeldi.<\/p>\n<p>Programe-se e participe!<\/p>\n<p>Para mais informa\u00e7\u00f5es:\u00a0<span style=\"color: #800000;\"><strong><a style=\"color: #800000;\" href=\"https:\/\/ra.sbpcnet.org.br\/76RA\/\" target=\"_blank\" rel=\"noopener\">https:\/\/ra.sbpcnet.org.br\/76RA\/<\/a><\/strong><\/span><\/p>\n<p><span style=\"color: #808080;\"><em>Jornal da Ci\u00eancia<\/em><\/span><\/p>\n","protected":false},"excerpt":{"rendered":"A programa\u00e7\u00e3o conta com confer\u00eancias, mesas-redondas, pain\u00e9is, rodas de conversa e muito&hellip;\n","protected":false},"author":19,"featured_media":5240,"comment_status":"open","ping_status":"open","sticky":false,"template":"","format":"standard","meta":[],"categories":[1,2],"tags":[],"acf":[],"_links":{"self":[{"href":"https:\/\/revistacienciaecultura.org.br\/index.php?rest_route=\/wp\/v2\/posts\/5959"}],"collection":[{"href":"https:\/\/revistacienciaecultura.org.br\/index.php?rest_route=\/wp\/v2\/posts"}],"about":[{"href":"https:\/\/revistacienciaecultura.org.br\/index.php?rest_route=\/wp\/v2\/types\/post"}],"author":[{"embeddable":true,"href":"https:\/\/revistacienciaecultura.org.br\/index.php?rest_route=\/wp\/v2\/users\/19"}],"replies":[{"embeddable":true,"href":"https:\/\/revistacienciaecultura.org.br\/index.php?rest_route=%2Fwp%2Fv2%2Fcomments&post=5959"}],"version-history":[{"count":2,"href":"https:\/\/revistacienciaecultura.org.br\/index.php?rest_route=\/wp\/v2\/posts\/5959\/revisions"}],"predecessor-version":[{"id":5961,"href":"https:\/\/revistacienciaecultura.org.br\/index.php?rest_route=\/wp\/v2\/posts\/5959\/revisions\/5961"}],"wp:featuredmedia":[{"embeddable":true,"href":"https:\/\/revistacienciaecultura.org.br\/index.php?rest_route=\/wp\/v2\/media\/5240"}],"wp:attachment":[{"href":"https:\/\/revistacienciaecultura.org.br\/index.php?rest_route=%2Fwp%2Fv2%2Fmedia&parent=5959"}],"wp:term":[{"taxonomy":"category","embeddable":true,"href":"https:\/\/revistacienciaecultura.org.br\/index.php?rest_route=%2Fwp%2Fv2%2Fcategories&post=5959"},{"taxonomy":"post_tag","embeddable":true,"href":"https:\/\/revistacienciaecultura.org.br\/index.php?rest_route=%2Fwp%2Fv2%2Ftags&post=5959"}],"curies":[{"name":"wp","href":"https:\/\/api.w.org\/{rel}","templated":true}]}}