{"id":5982,"date":"2024-05-08T07:30:28","date_gmt":"2024-05-08T07:30:28","guid":{"rendered":"https:\/\/revistacienciaecultura.org.br\/?p=5982"},"modified":"2024-05-07T13:13:39","modified_gmt":"2024-05-07T13:13:39","slug":"brasil-busca-retrato-detalhado-da-populacao-para-embasar-politicas-publicas","status":"publish","type":"post","link":"https:\/\/revistacienciaecultura.org.br\/?p=5982","title":{"rendered":"Brasil busca retrato detalhado da popula\u00e7\u00e3o para embasar pol\u00edticas p\u00fablicas"},"content":{"rendered":"<h4 id=\"pais-investe-em-desagregacao-de-dados-para-responder-necessidades-especificas-como-violencia-contra-mulheres-negras\"><span style=\"color: #808080;\">Pa\u00eds investe em desagrega\u00e7\u00e3o de dados para responder necessidades espec\u00edficas, como viol\u00eancia contra mulheres negras<\/span><\/h4>\n<p>&nbsp;<\/p>\n<p>Durante a 57\u00aa Comiss\u00e3o sobre Popula\u00e7\u00e3o e Desenvolvimento da ONU, o Brasil expressou seu compromisso em obter uma compreens\u00e3o mais precisa da sua demografia, visando uma formula\u00e7\u00e3o de pol\u00edticas p\u00fablicas mais abrangentes e eficazes.<\/p>\n<p>A Diretora do Departamento de Direitos Humanos e Temas Sociais do Minist\u00e9rio das Rela\u00e7\u00f5es Exteriores, Claudia Barbosa, enfatizou a import\u00e2ncia de desagregar dados para direcionar pol\u00edticas espec\u00edficas, destacando a necessidade de abordar quest\u00f5es como a viol\u00eancia contra mulheres negras. &#8220;Uma mulher negra tem estatisticamente um risco maior de ser v\u00edtima de feminic\u00eddio e viol\u00eancia dom\u00e9stica. \u00c9 crucial direcionar esfor\u00e7os para esse grupo espec\u00edfico&#8221;, afirmou.<\/p>\n<p>Ela defendeu pol\u00edticas baseadas em informa\u00e7\u00f5es detalhadas, destacando que modelos te\u00f3ricos isolados n\u00e3o ser\u00e3o eficazes. Al\u00e9m disso, ressaltou o papel do Brasil na promo\u00e7\u00e3o do empoderamento das mulheres, incluindo o combate \u00e0 viol\u00eancia, misoginia e discurso de \u00f3dio, durante a presid\u00eancia do pa\u00eds no G-20.<\/p>\n<p>Barbosa sublinhou a import\u00e2ncia de buscar uma linguagem universal ao tratar de quest\u00f5es de direitos humanos, enfatizando a necessidade de integrar dimens\u00f5es ambientais, econ\u00f4micas e sociais para alcan\u00e7ar o desenvolvimento sustent\u00e1vel. A diplomata brasileira reiterou o compromisso da diplomacia do pa\u00eds em promover a integra\u00e7\u00e3o e estabelecer di\u00e1logos em agendas comuns, superando resist\u00eancias em prol de um desenvolvimento inclusivo e sustent\u00e1vel.<\/p>\n<p><span style=\"color: #808080;\"><em>Com informa\u00e7\u00f5es da <a style=\"color: #808080;\" href=\"https:\/\/news.un.org\/\">ONU News<\/a><\/em><\/span><\/p>\n<p><em>\u00a0<\/em><\/p>\n<h6 id=\"capa-paulo-pinto-agencia-brasil-reproducao\">Capa. Paulo Pinto\/ Ag\u00eancia Brasil. Reprodu\u00e7\u00e3o<\/h6>\n","protected":false},"excerpt":{"rendered":"Pa\u00eds investe em desagrega\u00e7\u00e3o de dados para responder necessidades espec\u00edficas, como viol\u00eancia&hellip;\n","protected":false},"author":19,"featured_media":5983,"comment_status":"open","ping_status":"open","sticky":false,"template":"","format":"standard","meta":[],"categories":[1,2],"tags":[],"acf":[],"_links":{"self":[{"href":"https:\/\/revistacienciaecultura.org.br\/index.php?rest_route=\/wp\/v2\/posts\/5982"}],"collection":[{"href":"https:\/\/revistacienciaecultura.org.br\/index.php?rest_route=\/wp\/v2\/posts"}],"about":[{"href":"https:\/\/revistacienciaecultura.org.br\/index.php?rest_route=\/wp\/v2\/types\/post"}],"author":[{"embeddable":true,"href":"https:\/\/revistacienciaecultura.org.br\/index.php?rest_route=\/wp\/v2\/users\/19"}],"replies":[{"embeddable":true,"href":"https:\/\/revistacienciaecultura.org.br\/index.php?rest_route=%2Fwp%2Fv2%2Fcomments&post=5982"}],"version-history":[{"count":2,"href":"https:\/\/revistacienciaecultura.org.br\/index.php?rest_route=\/wp\/v2\/posts\/5982\/revisions"}],"predecessor-version":[{"id":5985,"href":"https:\/\/revistacienciaecultura.org.br\/index.php?rest_route=\/wp\/v2\/posts\/5982\/revisions\/5985"}],"wp:featuredmedia":[{"embeddable":true,"href":"https:\/\/revistacienciaecultura.org.br\/index.php?rest_route=\/wp\/v2\/media\/5983"}],"wp:attachment":[{"href":"https:\/\/revistacienciaecultura.org.br\/index.php?rest_route=%2Fwp%2Fv2%2Fmedia&parent=5982"}],"wp:term":[{"taxonomy":"category","embeddable":true,"href":"https:\/\/revistacienciaecultura.org.br\/index.php?rest_route=%2Fwp%2Fv2%2Fcategories&post=5982"},{"taxonomy":"post_tag","embeddable":true,"href":"https:\/\/revistacienciaecultura.org.br\/index.php?rest_route=%2Fwp%2Fv2%2Ftags&post=5982"}],"curies":[{"name":"wp","href":"https:\/\/api.w.org\/{rel}","templated":true}]}}