{"id":5986,"date":"2024-05-09T07:30:49","date_gmt":"2024-05-09T07:30:49","guid":{"rendered":"https:\/\/revistacienciaecultura.org.br\/?p=5986"},"modified":"2024-05-08T12:20:53","modified_gmt":"2024-05-08T12:20:53","slug":"visita-de-marie-curie-ao-brasil","status":"publish","type":"post","link":"https:\/\/revistacienciaecultura.org.br\/?p=5986","title":{"rendered":"Visita de Marie Curie ao Brasil"},"content":{"rendered":"<h4 id=\"cientista-vencedora-do-premio-nobel-inspirou-inicio-da-radioterapia-no-pais\"><span style=\"color: #808080;\">Cientista vencedora do pr\u00eamio Nobel inspirou in\u00edcio da radioterapia no pa\u00eds<\/span><\/h4>\n<p>&nbsp;<\/p>\n<p>Com 59 anos e dois pr\u00eamios Nobel \u2013 um feito extraordin\u00e1rio para a \u00e9poca, especialmente para uma mulher \u2013 Marie Curie visitou o Brasil em 1926, agitando o cen\u00e1rio cient\u00edfico nacional. A cientista esteve no pa\u00eds entre 15 de julho\u00a0e 28 de agosto de 1926. Durante esses 44 dias, visitou universidades e centros e pesquisa, conheceu pesquisadores e pontos tur\u00edsticos, e inspirou o in\u00edcio da radioterapia no pa\u00eds.<\/p>\n<p>Marie Curie desembarcou no Rio de Janeiro, capital do pa\u00eds, vinda de Marselha, na Fran\u00e7a, a bordo do luxuoso navio a vapor Pincio, acompanhada de sua filha primog\u00eanita, Ir\u00e8ne Joliot-Curie, que desempenhava o papel de secret\u00e1ria particular. A cientista detentora de dois pr\u00eamios Nobel \u2013 o primeiro de F\u00edsica em 1903 e o segundo de Qu\u00edmica em 1911 \u2013 foi recebida calorosamente por uma comiss\u00e3o de not\u00e1veis brasileiros, incluindo os m\u00e9dicos Juliano Moreira e Roquette Pinto, figuras proeminentes na psiquiatria e radiodifus\u00e3o brasileiras, respectivamente.<\/p>\n<p>A Embaixada do Brasil na Fran\u00e7a ofereceu o convite para a viagem e o governo franc\u00eas apoiou o evento. Marie Curie, ent\u00e3o professora da Sorbonne, foi convidada pela Universidade de Paris para ministrar os cursos do Instituto Franco Brasileiro de Alta Cultura, que fica anexo \u00e0 Universidade do Rio de Janeiro. As confer\u00eancias de Marie Curie foram realizadas na Escola Polit\u00e9cnica e\u00a0transmitidas pela R\u00e1dio Sociedade.<\/p>\n<p>A Federa\u00e7\u00e3o Brasileira pelo Progresso Feminino, que representava a intelectualidade brasileira feminina, organizou uma comiss\u00e3o para acompanhar Marie e Ir\u00e8ne Curie no Brasil, como a bi\u00f3loga Bertha Lutz, a mecenas Laurinda Santos Lobo, Maria Bandeira, primeira bot\u00e2nica do Jardim Bot\u00e2nico do Rio de Janeiro; e a m\u00e9dica Carlota Pereira de Queiroz, que seria a \u00fanica mulher eleita deputada \u00e0 Assembleia Nacional Constituinte, na legenda da Chapa \u00danica por S\u00e3o Paulo, em 1933. Al\u00e9m disso,\u00a0a chegada de Marie Curie foi saudada com\u00a0o artigo \u201c<em>A mulher e a ci\u00eancia\u201d<\/em>, publicado na\u00a0<span style=\"color: #800000;\"><strong><a style=\"color: #800000;\" href=\"http:\/\/memoria.bn.br\/DocReader\/025909_02\/11932\"><em>Revista da Semana<\/em>\u00a0de 10 de julho de 1926<\/a><\/strong><\/span>.\u00a0A\u00a0<a href=\"http:\/\/memoria.bn.br\/docreader\/116300\/59732\"><span style=\"color: #800000;\"><strong>Revista\u00a0<\/strong><em><strong>O Malho<\/strong><\/em><strong>, de 24 de julho de 1926<\/strong><\/span>,<\/a>\u00a0tamb\u00e9m saudou a presen\u00e7a da cientista no Brasil com o artigo \u201c<em>O verdadeiro feminismo\u201d<\/em>.<\/p>\n<p>&nbsp;<\/p>\n<h4 id=\"rio-de-janeiro\"><strong>Rio de Janeiro<\/strong><\/h4>\n<p>Logo ap\u00f3s sua chegada, m\u00e3e e filha foram recebidas na Escola Polit\u00e9cnica, onde realizaram confer\u00eancias e experimentos, acompanhadas pelo diretor Tobias Moscoso e outros professores. A visita tamb\u00e9m incluiu encontros com autoridades, como Artur Bernardes, ent\u00e3o presidente da Rep\u00fablica, e o secret\u00e1rio da Embaixada da Fran\u00e7a.<\/p>\n<p>A contribui\u00e7\u00e3o de Marie Curie para a ci\u00eancia foi evidenciada durante seu curso sobre o elemento r\u00e1dio, ministrado na Escola Polit\u00e9cnica. Suas confer\u00eancias atraiam grande interesse, contando com a participa\u00e7\u00e3o n\u00e3o s\u00f3 de estudantes, mas tamb\u00e9m de autoridades e membros da comunidade cient\u00edfica.<\/p>\n<p>Durante sua estada no Brasil, Marie Curie foi acompanhada por Bertha Lutz, destacada l\u00edder feminista e presidente da <span style=\"color: #800000;\"><strong><a style=\"color: #800000;\" href=\"https:\/\/dibrarq.arquivonacional.gov.br\/index.php\/federacao-brasileira-pelo-progresso-feminino\">Federa\u00e7\u00e3o Brasileira pelo Progresso Feminino<\/a> (FBPF)<\/strong><\/span>. Testemunhas da \u00e9poca descreveram a chegada da cientista como a de uma verdadeira estrela, sempre acompanhada de um vag\u00e3o de luxo reservado para ela e sua filha. Entre uma s\u00e9rie de compromissos cient\u00edficos, Marie Curie tamb\u00e9m visitou locais hist\u00f3ricos, como o P\u00e3o de A\u00e7\u00facar e o Jardim Bot\u00e2nico. (Figura 1)<\/p>\n<h6 id=\"figura-1-marie-curie-e-sua-filha-irene-visitam-o-pao-de-acucar-no-rio-de-janeirofonte-acervo-joao-pedro-braga-reproducao\" style=\"text-align: center;\"><img loading=\"lazy\" class=\"aligncenter wp-image-5987\" src=\"https:\/\/revistacienciaecultura.org.br\/wp-content\/uploads\/2024\/05\/marie-curie-f1-300x287.jpg\" alt=\"\" width=\"500\" height=\"478\" srcset=\"https:\/\/revistacienciaecultura.org.br\/wp-content\/uploads\/2024\/05\/marie-curie-f1-300x287.jpg 300w, https:\/\/revistacienciaecultura.org.br\/wp-content\/uploads\/2024\/05\/marie-curie-f1-1024x980.jpg 1024w, https:\/\/revistacienciaecultura.org.br\/wp-content\/uploads\/2024\/05\/marie-curie-f1-768x735.jpg 768w, https:\/\/revistacienciaecultura.org.br\/wp-content\/uploads\/2024\/05\/marie-curie-f1-1536x1470.jpg 1536w, https:\/\/revistacienciaecultura.org.br\/wp-content\/uploads\/2024\/05\/marie-curie-f1-13x12.jpg 13w, https:\/\/revistacienciaecultura.org.br\/wp-content\/uploads\/2024\/05\/marie-curie-f1-800x765.jpg 800w, https:\/\/revistacienciaecultura.org.br\/wp-content\/uploads\/2024\/05\/marie-curie-f1-1160x1110.jpg 1160w, https:\/\/revistacienciaecultura.org.br\/wp-content\/uploads\/2024\/05\/marie-curie-f1.jpg 1691w\" sizes=\"(max-width: 500px) 100vw, 500px\" \/><br \/>\n<strong>Figura 1. Marie Curie e sua filha, Ir\u00e8ne, visitam o P\u00e3o de A\u00e7\u00facar, no Rio de Janeiro<br \/>\n<\/strong>(Fonte: Acervo Jo\u00e3o Pedro Braga. Reprodu\u00e7\u00e3o)<\/h6>\n<p>&nbsp;<\/p>\n<h4 id=\"sao-paulo-e-minas-gerais\"><strong>S\u00e3o Paulo e Minas Gerais<\/strong><\/h4>\n<p>Ap\u00f3s sua marcante visita ao Rio de Janeiro, Marie Curie e sua filha foram convidadas pelos governos de S\u00e3o Paulo e Minas Gerais para uma s\u00e9rie de eventos e homenagens.<\/p>\n<p>Acompanhadas por Bertha Lutz e Carlota Pereira de Queiroz, as Curie visitaram os dois estados, atendendo ao convite de Pedro Dias da Silva, diretor da Faculdade de Medicina de S\u00e3o Paulo, e de Borges da Costa, diretor do <span style=\"color: #800000;\"><strong><a style=\"color: #800000;\" href=\"https:\/\/www.ufmg.br\/rededemuseus\/mostravirtual2017\/wp-content\/uploads\/2017\/10\/CEMEMOR_05.pdf\">Instituto de Radium<\/a><\/strong><\/span> de Minas Gerais.<\/p>\n<p>No dia 18 de agosto de 1926, um evento marcante agitou o ambiente acad\u00eamico da <span style=\"color: #800000;\"><strong><a style=\"color: #800000;\" href=\"https:\/\/ufmg.br\/\">Universidade Federal de Minas Gerais (UFMG)<\/a><\/strong><\/span>, em Belo Horizonte. Guimar\u00e3es Rosa, Juscelino Kubitschek e Pedro Nava, jovens de 18 a 24 anos na \u00e9poca, estavam entre os espectadores de uma palestra revolucion\u00e1ria sobre radioatividade e seu potencial para o tratamento do c\u00e2ncer. Na ocasi\u00e3o, Maria Curie doou duas agulhas de r\u00e1dio para o Instituto de Radium de Minas Gerais, o primeiro hospital especializado em radioterapia contra o c\u00e2ncer no Brasil, inaugurado em 1922.<\/p>\n<p>Em 19 de agosto, Marie Curie foi agraciada com as ins\u00edgnias de membro da Academia Nacional de Medicina, entregues por Miguel Couto. Sua contribui\u00e7\u00e3o para a ci\u00eancia foi reconhecida em uma sess\u00e3o solene da <span style=\"color: #800000;\"><strong><a style=\"color: #800000;\" href=\"https:\/\/www.abc.org.br\/\">Academia Brasileira de Ci\u00eancias (ABC)<\/a><\/strong><\/span>, onde foi aclamada como membro correspondente.\u00a0A Federa\u00e7\u00e3o Brasileira para o Progresso Feminino tamb\u00e9m prestou homenagem \u00e0s Curie em uma cerim\u00f4nia realizada no Teatro Casino do Passeio P\u00fablico. Bertha Lutz proferiu um discurso em sua homenagem. Como reconhecimento, Marie recebeu o primeiro diploma de honra concedido pela FBPF, elaborado pela renomada pintora patr\u00edcia Silvie Meyer. (Figura 2)<\/p>\n<h6 id=\"figura-2-marie-curie-e-sua-filha-irene-joliot-curie-ao-lado-de-bertha-lutz-em-visita-ao-museu-nacional-do-rio-de-janeiro-em-1926-fonte-arquivo-do-museu-nacional-reproducao\" style=\"text-align: center;\"><img loading=\"lazy\" class=\"aligncenter wp-image-5988\" src=\"https:\/\/revistacienciaecultura.org.br\/wp-content\/uploads\/2024\/05\/marie-curie-f2-300x244.jpg\" alt=\"\" width=\"500\" height=\"407\" srcset=\"https:\/\/revistacienciaecultura.org.br\/wp-content\/uploads\/2024\/05\/marie-curie-f2-300x244.jpg 300w, https:\/\/revistacienciaecultura.org.br\/wp-content\/uploads\/2024\/05\/marie-curie-f2-1024x833.jpg 1024w, https:\/\/revistacienciaecultura.org.br\/wp-content\/uploads\/2024\/05\/marie-curie-f2-768x625.jpg 768w, https:\/\/revistacienciaecultura.org.br\/wp-content\/uploads\/2024\/05\/marie-curie-f2-15x12.jpg 15w, https:\/\/revistacienciaecultura.org.br\/wp-content\/uploads\/2024\/05\/marie-curie-f2-800x651.jpg 800w, https:\/\/revistacienciaecultura.org.br\/wp-content\/uploads\/2024\/05\/marie-curie-f2.jpg 1041w\" sizes=\"(max-width: 500px) 100vw, 500px\" \/><br \/>\n<strong>Figura 2. Marie Curie e sua filha Ir\u00e8ne Joliot-Curie ao lado de Bertha Lutz em visita ao Museu Nacional do Rio de Janeiro em 1926.<br \/>\n<\/strong>(Fonte: Arquivo do Museu Nacional. Reprodu\u00e7\u00e3o)<\/h6>\n<p>&nbsp;<\/p>\n<p>&nbsp;<\/p>\n<p>A passagem de Marie Curie pelo Brasil n\u00e3o s\u00f3 inspirou gera\u00e7\u00f5es de cientistas, mas tamb\u00e9m deixou um legado tang\u00edvel na luta contra o c\u00e2ncer no pa\u00eds. Seu esp\u00edrito desbravador e sua dedica\u00e7\u00e3o \u00e0 ci\u00eancia continuam a ecoar atrav\u00e9s das conquistas que alcan\u00e7ou e das vidas que impactou.<\/p>\n<p>&nbsp;<\/p>\n<h6 id=\"capa-marie-curie-durante-visita-ao-instituto-de-radium-de-minas-gerais-em-1926foto-centro-da-memoria-da-medicina-da-ufmg-reproducao\"><strong>Capa. Marie Curie durante visita ao Instituto de Radium de Minas Gerais em 1926<br \/>\n<\/strong>(Foto: Centro da Mem\u00f3ria da Medicina da UFMG. Reprodu\u00e7\u00e3o)<\/h6>\n","protected":false},"excerpt":{"rendered":"Cientista vencedora do pr\u00eamio Nobel inspirou in\u00edcio da radioterapia no pa\u00eds &nbsp;&hellip;\n","protected":false},"author":19,"featured_media":5989,"comment_status":"open","ping_status":"open","sticky":false,"template":"","format":"standard","meta":[],"categories":[1,2],"tags":[],"acf":[],"_links":{"self":[{"href":"https:\/\/revistacienciaecultura.org.br\/index.php?rest_route=\/wp\/v2\/posts\/5986"}],"collection":[{"href":"https:\/\/revistacienciaecultura.org.br\/index.php?rest_route=\/wp\/v2\/posts"}],"about":[{"href":"https:\/\/revistacienciaecultura.org.br\/index.php?rest_route=\/wp\/v2\/types\/post"}],"author":[{"embeddable":true,"href":"https:\/\/revistacienciaecultura.org.br\/index.php?rest_route=\/wp\/v2\/users\/19"}],"replies":[{"embeddable":true,"href":"https:\/\/revistacienciaecultura.org.br\/index.php?rest_route=%2Fwp%2Fv2%2Fcomments&post=5986"}],"version-history":[{"count":1,"href":"https:\/\/revistacienciaecultura.org.br\/index.php?rest_route=\/wp\/v2\/posts\/5986\/revisions"}],"predecessor-version":[{"id":5990,"href":"https:\/\/revistacienciaecultura.org.br\/index.php?rest_route=\/wp\/v2\/posts\/5986\/revisions\/5990"}],"wp:featuredmedia":[{"embeddable":true,"href":"https:\/\/revistacienciaecultura.org.br\/index.php?rest_route=\/wp\/v2\/media\/5989"}],"wp:attachment":[{"href":"https:\/\/revistacienciaecultura.org.br\/index.php?rest_route=%2Fwp%2Fv2%2Fmedia&parent=5986"}],"wp:term":[{"taxonomy":"category","embeddable":true,"href":"https:\/\/revistacienciaecultura.org.br\/index.php?rest_route=%2Fwp%2Fv2%2Fcategories&post=5986"},{"taxonomy":"post_tag","embeddable":true,"href":"https:\/\/revistacienciaecultura.org.br\/index.php?rest_route=%2Fwp%2Fv2%2Ftags&post=5986"}],"curies":[{"name":"wp","href":"https:\/\/api.w.org\/{rel}","templated":true}]}}