{"id":5993,"date":"2024-05-14T07:30:34","date_gmt":"2024-05-14T07:30:34","guid":{"rendered":"https:\/\/revistacienciaecultura.org.br\/?p=5993"},"modified":"2024-05-13T19:53:26","modified_gmt":"2024-05-13T19:53:26","slug":"trafico-de-vida-selvagem-prejudica-a-natureza","status":"publish","type":"post","link":"https:\/\/revistacienciaecultura.org.br\/?p=5993","title":{"rendered":"Tr\u00e1fico de vida selvagem prejudica a natureza"},"content":{"rendered":"<h4 id=\"relatorio-mundial-revela-persistencia-do-trafico-de-animais-selvagens-e-impactos-globais\"><span style=\"color: #808080;\">Relat\u00f3rio mundial revela persist\u00eancia do tr\u00e1fico de animais selvagens e impactos globais<\/span><\/h4>\n<p>&nbsp;<\/p>\n<p>O mais recente <span style=\"color: #800000;\"><strong><a style=\"color: #800000;\" href=\"https:\/\/www.unodc.org\/documents\/data-and-analysis\/wildlife\/2024\/Wildlife2024_Final.pdf\">Relat\u00f3rio Mundial sobre Crimes contra a Vida Selvagem<\/a><\/strong><\/span>, divulgado nesta segunda-feira (13), apresenta conclus\u00f5es alarmantes: o tr\u00e1fico de animais silvestres n\u00e3o diminuiu significativamente nas \u00faltimas duas d\u00e9cadas. O estudo, conduzido pelo <span style=\"color: #800000;\"><strong><a style=\"color: #800000;\" href=\"https:\/\/www.unodc.org\/lpo-brazil\/pt\/index.html\">Escrit\u00f3rio das Na\u00e7\u00f5es Unidas sobre Drogas e Crime (Unodc)<\/a><\/strong><\/span>, destaca que embora haja alguns sinais positivos para esp\u00e9cies ic\u00f4nicas como elefantes e rinocerontes, a aplica\u00e7\u00e3o efetiva da lei e investiga\u00e7\u00f5es mais rigorosas s\u00e3o imperativas.<\/p>\n<p>O relat\u00f3rio identifica uma conex\u00e3o direta entre o crime contra a vida selvagem e grupos poderosos do crime organizado, que operam em ecossistemas vulner\u00e1veis em todo o mundo, desde a Amaz\u00f4nia at\u00e9 o Tri\u00e2ngulo Dourado asi\u00e1tico. Os dados mais recentes, abrangendo o per\u00edodo de 2015 a 2021 em 162 pa\u00edses e territ\u00f3rios, revelam que cerca de 4 mil esp\u00e9cies de plantas e animais s\u00e3o afetadas pelo com\u00e9rcio ilegal, com aproximadamente 3.250 delas listadas na <span style=\"color: #800000;\"><strong><a style=\"color: #800000;\" href=\"https:\/\/cites.org\/eng\">Conven\u00e7\u00e3o sobre o Com\u00e9rcio Internacional de Esp\u00e9cies da Fauna e Flora Selvagens Amea\u00e7adas de Extin\u00e7\u00e3o (CITES)<\/a><\/strong><\/span>.<\/p>\n<p>Redes criminosas transnacionais desempenham pap\u00e9is cruciais em todas as etapas da cadeia comercial, desde a exporta\u00e7\u00e3o at\u00e9 a venda para clientes, enfatizando a necessidade de interven\u00e7\u00f5es robustas tanto na demanda quanto na oferta do tr\u00e1fico.<\/p>\n<p>&nbsp;<\/p>\n<h4 id=\"riscos\"><strong>Riscos<\/strong><\/h4>\n<p>Al\u00e9m dos danos ambientais, o relat\u00f3rio ressalta os impactos socioecon\u00f4micos do crime contra a vida selvagem, que afetam os meios de subsist\u00eancia, a sa\u00fade p\u00fablica, a governan\u00e7a e a capacidade de combater as mudan\u00e7as clim\u00e1ticas.<\/p>\n<p>A corrup\u00e7\u00e3o tamb\u00e9m \u00e9 identificada como um desafio significativo, minando tanto a regulamenta\u00e7\u00e3o quanto a fiscaliza\u00e7\u00e3o do com\u00e9rcio ilegal de vida selvagem.<\/p>\n<p>O tr\u00e1fico de animais n\u00e3o apenas amea\u00e7a a extin\u00e7\u00e3o de v\u00e1rias esp\u00e9cies, mas tamb\u00e9m perturba os ecossistemas, desencadeando mudan\u00e7as na cadeia alimentar. Al\u00e9m disso, representa riscos \u00e0 sa\u00fade humana e animal, com a dissemina\u00e7\u00e3o de doen\u00e7as.<\/p>\n<p>O Brasil, com sua vasta biodiversidade, \u00e9 um dos principais alvos do tr\u00e1fico de animais, contribuindo com 10% da receita global dessa atividade. A falta de fiscaliza\u00e7\u00e3o e puni\u00e7\u00f5es rigorosas agravam esse cen\u00e1rio, resultando na retirada anual de milh\u00f5es de animais de seus habitats naturais, com altas taxas de mortalidade durante o transporte e comercializa\u00e7\u00e3o.<\/p>\n<p><span style=\"color: #808080;\"><em>Com informa\u00e7\u00f5es de <a style=\"color: #808080;\" href=\"https:\/\/news.un.org\/\">Onu News<\/a><\/em><\/span><\/p>\n<p><em>\u00a0<\/em><\/p>\n<h6 id=\"capa-zdenek-machacek-unsplash-com\">Capa. Zden\u011bk Mach\u00e1\u010dek. Unsplash.com<\/h6>\n","protected":false},"excerpt":{"rendered":"Relat\u00f3rio mundial revela persist\u00eancia do tr\u00e1fico de animais selvagens e impactos globais&hellip;\n","protected":false},"author":19,"featured_media":5994,"comment_status":"open","ping_status":"open","sticky":false,"template":"","format":"standard","meta":[],"categories":[1,2],"tags":[],"acf":[],"_links":{"self":[{"href":"https:\/\/revistacienciaecultura.org.br\/index.php?rest_route=\/wp\/v2\/posts\/5993"}],"collection":[{"href":"https:\/\/revistacienciaecultura.org.br\/index.php?rest_route=\/wp\/v2\/posts"}],"about":[{"href":"https:\/\/revistacienciaecultura.org.br\/index.php?rest_route=\/wp\/v2\/types\/post"}],"author":[{"embeddable":true,"href":"https:\/\/revistacienciaecultura.org.br\/index.php?rest_route=\/wp\/v2\/users\/19"}],"replies":[{"embeddable":true,"href":"https:\/\/revistacienciaecultura.org.br\/index.php?rest_route=%2Fwp%2Fv2%2Fcomments&post=5993"}],"version-history":[{"count":2,"href":"https:\/\/revistacienciaecultura.org.br\/index.php?rest_route=\/wp\/v2\/posts\/5993\/revisions"}],"predecessor-version":[{"id":5996,"href":"https:\/\/revistacienciaecultura.org.br\/index.php?rest_route=\/wp\/v2\/posts\/5993\/revisions\/5996"}],"wp:featuredmedia":[{"embeddable":true,"href":"https:\/\/revistacienciaecultura.org.br\/index.php?rest_route=\/wp\/v2\/media\/5994"}],"wp:attachment":[{"href":"https:\/\/revistacienciaecultura.org.br\/index.php?rest_route=%2Fwp%2Fv2%2Fmedia&parent=5993"}],"wp:term":[{"taxonomy":"category","embeddable":true,"href":"https:\/\/revistacienciaecultura.org.br\/index.php?rest_route=%2Fwp%2Fv2%2Fcategories&post=5993"},{"taxonomy":"post_tag","embeddable":true,"href":"https:\/\/revistacienciaecultura.org.br\/index.php?rest_route=%2Fwp%2Fv2%2Ftags&post=5993"}],"curies":[{"name":"wp","href":"https:\/\/api.w.org\/{rel}","templated":true}]}}