{"id":5999,"date":"2024-05-16T07:30:30","date_gmt":"2024-05-16T07:30:30","guid":{"rendered":"https:\/\/revistacienciaecultura.org.br\/?p=5999"},"modified":"2024-05-15T19:14:44","modified_gmt":"2024-05-15T19:14:44","slug":"serie-fascinio-do-universo-explora-misterios-da-astronomia","status":"publish","type":"post","link":"https:\/\/revistacienciaecultura.org.br\/?p=5999","title":{"rendered":"S\u00e9rie \u201cFasc\u00ednio do Universo\u201d explora mist\u00e9rios da astronomia"},"content":{"rendered":"<h4 id=\"videos-buscam-divulgar-temas-diversos-relacionados-a-astronomia-para-populacao\"><span style=\"color: #808080;\">V\u00eddeos buscam divulgar temas diversos relacionados \u00e0 astronomia para popula\u00e7\u00e3o<\/span><\/h4>\n<p>&nbsp;<\/p>\n<p>Uma explora\u00e7\u00e3o fascinante de temas como sistemas planet\u00e1rios, origem dos \u00e1tomos e busca por \u00e1gua l\u00edquida em exoplanetas. Isso \u00e9 o que oferece a s\u00e9rie \u201cFasc\u00ednio do Universo\u201d, uma s\u00e9rie de v\u00eddeos cient\u00edficos voltados \u00e0 difus\u00e3o de conhecimentos em Astronomia. A s\u00e9rie j\u00e1 conta com 19 epis\u00f3dios, todos dispon\u00edveis no YouTube, cada um com dura\u00e7\u00e3o de cinco a oito minutos. Os v\u00eddeos contam com entrevistas de especialistas renomados em cada campo, proporcionando uma compreens\u00e3o aprofundada e envolvente. O objetivo \u00e9 que os v\u00eddeos sejam uma fonte acess\u00edvel de conhecimento cient\u00edfico. Financiada pela Fapesp, a s\u00e9rie \u00e9 produzida pela equipe do Escrit\u00f3rio Brasileiro do Telesc\u00f3pio Gigante Magalh\u00e3es (GMT Brasil), em colabora\u00e7\u00e3o com o Departamento de Televis\u00e3o da Universidade do Vale do Para\u00edba (Univap). A iniciativa \u00e9 do cons\u00f3rcio GMTO, respons\u00e1vel pela constru\u00e7\u00e3o do revolucion\u00e1rio Telesc\u00f3pio Gigante Magalh\u00e3es (GMT), localizado no Deserto do Atacama, no Chile. Este telesc\u00f3pio inovador, cuja conclus\u00e3o est\u00e1 prevista para 2029 em Las Campanas, promete revelar os segredos mais profundos do universo.<\/p>\n<p>Confira alguns v\u00eddeos:<\/p>\n<p>&nbsp;<\/p>\n<h4 id=\"o-telescopio-gmt\"><strong>O Telesc\u00f3pio GMT<\/strong><\/h4>\n<p><em>\u201cO Telesc\u00f3pio GMT\u201d<\/em> \u00e9 o primeiro programa da s\u00e9rie \u201cFasc\u00ednio do Universo\u201d. O GMT est\u00e1 sendo constru\u00eddo em Las Campanas, no Chile, e ser\u00e1 um dos maiores telesc\u00f3pios terrestres, fazendo parte de uma nova gera\u00e7\u00e3o de telesc\u00f3pios extremamente grandes, o que revolucionar\u00e1 as pesquisas na astrof\u00edsica. A primeira observa\u00e7\u00e3o, tamb\u00e9m chamada de \u2018primeira luz\u2019, est\u00e1 programada para 2029!<\/p>\n<p><iframe loading=\"lazy\" title=\"O Telesc\u00f3pio GMT | S\u00e9rie Fasc\u00ednio do Universo Ep. 1\" width=\"1200\" height=\"675\" src=\"https:\/\/www.youtube.com\/embed\/uuB2jPcnPgo?list=PLAudUnJeNg4tL04pUTZpR5ejd3zJvVRGi\" frameborder=\"0\" allow=\"accelerometer; autoplay; clipboard-write; encrypted-media; gyroscope; picture-in-picture; web-share\" referrerpolicy=\"strict-origin-when-cross-origin\" allowfullscreen><\/iframe><\/p>\n<p>&nbsp;<\/p>\n<h4 id=\"a-origem-dos-atomos\"><strong>A Origem dos \u00c1tomos<\/strong><\/h4>\n<p>J\u00e1 parou para pensar de onde vieram os \u00e1tomos dos nossos corpos, do nosso planeta ou do pr\u00f3prio Sol? Neste segundo v\u00eddeo da s\u00e9rie Fasc\u00ednio do Universo o professor Dr. Roberto Costa do IAG-USP, explica como se deu o processo de forma\u00e7\u00e3o dos \u00e1tomos que est\u00e3o por toda parte do universo.<\/p>\n<p><iframe loading=\"lazy\" title=\"A Origem dos \u00c1tomos | S\u00e9rie Fasc\u00ednio do Universo Ep. 2\" width=\"1200\" height=\"675\" src=\"https:\/\/www.youtube.com\/embed\/A-w8EmA0PNU?list=PLAudUnJeNg4tL04pUTZpR5ejd3zJvVRGi\" frameborder=\"0\" allow=\"accelerometer; autoplay; clipboard-write; encrypted-media; gyroscope; picture-in-picture; web-share\" referrerpolicy=\"strict-origin-when-cross-origin\" allowfullscreen><\/iframe><\/p>\n<p>&nbsp;<\/p>\n<h4 id=\"o-universo-em-expansao\"><strong>O Universo em Expans\u00e3o<\/strong><\/h4>\n<p>Como foi o in\u00edcio de tudo? O terceiro programa da s\u00e9rie \u201cFasc\u00ednio do Universo\u201d viaja para as origens do universo para tentar explicar essa pergunta.<\/p>\n<p><iframe loading=\"lazy\" title=\"O Universo em Expans\u00e3o | S\u00e9rie Fasc\u00ednio do Universo Ep. 3\" width=\"1200\" height=\"675\" src=\"https:\/\/www.youtube.com\/embed\/vDCDPu-tPNQ?list=PLAudUnJeNg4tL04pUTZpR5ejd3zJvVRGi\" frameborder=\"0\" allow=\"accelerometer; autoplay; clipboard-write; encrypted-media; gyroscope; picture-in-picture; web-share\" referrerpolicy=\"strict-origin-when-cross-origin\" allowfullscreen><\/iframe><\/p>\n<p>&nbsp;<\/p>\n<h4 id=\"agua-no-universo\"><strong>\u00c1gua no Universo<\/strong><\/h4>\n<p>N\u00e3o haveria vida na Terra sem \u00e1gua. Mas existe \u00e1gua em outros planetas? E ela permitira outras formas de vida? Este epis\u00f3dio da s\u00e9rie \u201cFasc\u00ednio do Universo\u201d viaja pela gal\u00e1xia em busca desse elemento fundamental.<\/p>\n<p><iframe loading=\"lazy\" title=\"\u00c1gua no Universo | S\u00e9rie Fasc\u00ednio do Universo Ep. 6\" width=\"1200\" height=\"675\" src=\"https:\/\/www.youtube.com\/embed\/OGpZMUQtB38?list=PLAudUnJeNg4tL04pUTZpR5ejd3zJvVRGi\" frameborder=\"0\" allow=\"accelerometer; autoplay; clipboard-write; encrypted-media; gyroscope; picture-in-picture; web-share\" referrerpolicy=\"strict-origin-when-cross-origin\" allowfullscreen><\/iframe><\/p>\n<p>&nbsp;<\/p>\n<h4 id=\"a-procura-de-planetas-habitaveis\"><strong>\u00c0 procura de planetas habit\u00e1veis\u00a0<\/strong><\/h4>\n<p>Existe vida em outros planetas? Os cientistas ainda n\u00e3o desistiram de procurar. Afinal, o universo \u00e9 muito grandes, com in\u00fameros planetas. Mas o que torna a vida poss\u00edvel? E como seriam esses planetas? Embarque nessa viagem \u00e0 procura de planetas habit\u00e1veis.<\/p>\n<p><iframe loading=\"lazy\" title=\"\u00c0 procura de planetas habit\u00e1veis | S\u00e9rie Fasc\u00ednio do Universo Ep. 7\" width=\"1200\" height=\"675\" src=\"https:\/\/www.youtube.com\/embed\/HFP7bfbYxpA?list=PLAudUnJeNg4tL04pUTZpR5ejd3zJvVRGi\" frameborder=\"0\" allow=\"accelerometer; autoplay; clipboard-write; encrypted-media; gyroscope; picture-in-picture; web-share\" referrerpolicy=\"strict-origin-when-cross-origin\" allowfullscreen><\/iframe><\/p>\n<p>&nbsp;<\/p>\n<p><strong>Assista a todos os v\u00eddeos em:<\/strong><\/p>\n<p><span style=\"color: #800000;\"><strong><a style=\"color: #800000;\" href=\"https:\/\/www.youtube.com\/playlist?list=PLAudUnJeNg4tL04pUTZpR5ejd3zJvVRGi\" target=\"_blank\" rel=\"noopener\">S\u00e9rie Fasc\u00ednio do Universo<\/a><\/strong><\/span><\/p>\n","protected":false},"excerpt":{"rendered":"V\u00eddeos buscam divulgar temas diversos relacionados \u00e0 astronomia para popula\u00e7\u00e3o &nbsp; Uma&hellip;\n","protected":false},"author":19,"featured_media":6000,"comment_status":"open","ping_status":"open","sticky":false,"template":"","format":"standard","meta":[],"categories":[1,2],"tags":[],"acf":[],"_links":{"self":[{"href":"https:\/\/revistacienciaecultura.org.br\/index.php?rest_route=\/wp\/v2\/posts\/5999"}],"collection":[{"href":"https:\/\/revistacienciaecultura.org.br\/index.php?rest_route=\/wp\/v2\/posts"}],"about":[{"href":"https:\/\/revistacienciaecultura.org.br\/index.php?rest_route=\/wp\/v2\/types\/post"}],"author":[{"embeddable":true,"href":"https:\/\/revistacienciaecultura.org.br\/index.php?rest_route=\/wp\/v2\/users\/19"}],"replies":[{"embeddable":true,"href":"https:\/\/revistacienciaecultura.org.br\/index.php?rest_route=%2Fwp%2Fv2%2Fcomments&post=5999"}],"version-history":[{"count":2,"href":"https:\/\/revistacienciaecultura.org.br\/index.php?rest_route=\/wp\/v2\/posts\/5999\/revisions"}],"predecessor-version":[{"id":6002,"href":"https:\/\/revistacienciaecultura.org.br\/index.php?rest_route=\/wp\/v2\/posts\/5999\/revisions\/6002"}],"wp:featuredmedia":[{"embeddable":true,"href":"https:\/\/revistacienciaecultura.org.br\/index.php?rest_route=\/wp\/v2\/media\/6000"}],"wp:attachment":[{"href":"https:\/\/revistacienciaecultura.org.br\/index.php?rest_route=%2Fwp%2Fv2%2Fmedia&parent=5999"}],"wp:term":[{"taxonomy":"category","embeddable":true,"href":"https:\/\/revistacienciaecultura.org.br\/index.php?rest_route=%2Fwp%2Fv2%2Fcategories&post=5999"},{"taxonomy":"post_tag","embeddable":true,"href":"https:\/\/revistacienciaecultura.org.br\/index.php?rest_route=%2Fwp%2Fv2%2Ftags&post=5999"}],"curies":[{"name":"wp","href":"https:\/\/api.w.org\/{rel}","templated":true}]}}