{"id":6006,"date":"2024-05-22T07:30:55","date_gmt":"2024-05-22T07:30:55","guid":{"rendered":"https:\/\/revistacienciaecultura.org.br\/?p=6006"},"modified":"2024-05-21T17:12:14","modified_gmt":"2024-05-21T17:12:14","slug":"tempestade-geomagnetica-historica-destaca-importancia-do-monitoramento-do-clima-espacial","status":"publish","type":"post","link":"https:\/\/revistacienciaecultura.org.br\/?p=6006","title":{"rendered":"Tempestade geomagn\u00e9tica hist\u00f3rica destaca import\u00e2ncia do monitoramento do clima espacial"},"content":{"rendered":"<h4 id=\"auroras-boreais-e-austrais-resultantes-da-elevada-atividade-solar-ressaltam-a-necessidade-de-previsoes-meteorologicas-espaciais\"><span style=\"color: #808080;\">Auroras boreais e austrais resultantes da elevada atividade solar ressaltam a necessidade de previs\u00f5es meteorol\u00f3gicas espaciais<\/span><\/h4>\n<p><em>\u00a0<\/em><\/p>\n<p>Uma das maiores tempestades geomagn\u00e9ticas em d\u00e9cadas gerou um espet\u00e1culo de luzes nos c\u00e9us globais, destacando a import\u00e2ncia das previs\u00f5es de eventos clim\u00e1ticos espaciais potencialmente disruptivos. Este ser\u00e1 um dos temas principais na reuni\u00e3o do Conselho Executivo da <span style=\"color: #800000;\"><strong><a style=\"color: #800000;\" href=\"https:\/\/worldweather.wmo.int\/pt\/home.html\">Organiza\u00e7\u00e3o Meteorol\u00f3gica Mundial (OMM)<\/a><\/strong><\/span>, prevista para junho.<\/p>\n<p>Entre 10 e 13 de maio, auroras boreais e austrais foram vistas em latitudes excepcionalmente baixas. Avistamentos espetaculares ocorreram em lugares incomuns como Fl\u00f3rida, It\u00e1lia e Espanha no hemisf\u00e9rio norte, e at\u00e9 no norte de Queensland, na Austr\u00e1lia, no hemisf\u00e9rio sul. Estes fen\u00f4menos resultaram de uma tempestade geomagn\u00e9tica extrema, a categoria mais alta, causada por uma s\u00e9rie de eje\u00e7\u00f5es de massa coronal \u2013 nuvens de plasma expelidas do sol a alta velocidade.<\/p>\n<p>Embora visualmente deslumbrantes, as tempestades geomagn\u00e9ticas podem causar s\u00e9rios problemas. Elas induzem correntes nas linhas de energia, impondo estresse na rede el\u00e9trica, e podem interferir nas comunica\u00e7\u00f5es e opera\u00e7\u00f5es de sat\u00e9lites. A recente tempestade foi desencadeada por uma elevada atividade solar, com explos\u00f5es eletromagn\u00e9ticas afetando a ionosfera e causando apag\u00f5es de r\u00e1dio no lado da Terra iluminado pelo sol. Estas explos\u00f5es tamb\u00e9m podem perturbar ou interromper servi\u00e7os de navega\u00e7\u00e3o por sat\u00e9lite.<\/p>\n<p>Jesse Andries, cientista do Programa Espacial da OMM, explicou que &#8220;esses eventos solares ocorrem regularmente, seguindo um ciclo de onze anos associado \u00e0 invers\u00e3o do campo magn\u00e9tico solar&#8221;. Estamos nos aproximando do ponto m\u00e1ximo do ciclo atual, resultando em eventos solares mais frequentes. A recente tempestade geomagn\u00e9tica \u00e9 considerada uma das maiores em d\u00e9cadas.<\/p>\n<p>A OMM enfatiza que a monitoriza\u00e7\u00e3o e previs\u00e3o do clima espacial est\u00e3o se tornando pr\u00e1ticas operacionais, similares \u00e0s previs\u00f5es meteorol\u00f3gicas terrestres. Meteorologistas espaciais monitoram o sol diariamente, analisando a evolu\u00e7\u00e3o das regi\u00f5es ativas e estimando a probabilidade de grandes explos\u00f5es. Eles tamb\u00e9m registram propriedades das eje\u00e7\u00f5es de massa coronal para prever sua chegada \u00e0 Terra, permitindo que setores cr\u00edticos e o p\u00fablico tomem medidas de prote\u00e7\u00e3o antecipadamente.<\/p>\n<p>A OMM vem integrando o Clima Espacial em suas atividades h\u00e1 mais de uma d\u00e9cada e adotou este campo como um servi\u00e7o ambiental em seu Plano Estrat\u00e9gico. Na pr\u00f3xima reuni\u00e3o do Conselho Executivo em junho, ser\u00e1 discutido um novo Plano Quadrienal para as Atividades da OMM relacionadas ao Clima Espacial (2024-2027). Este plano abordar\u00e1 os pilares principais da infraestrutura da OMM: observa\u00e7\u00e3o, modelagem, previs\u00e3o e troca de dados, al\u00e9m de buscar aprimorar as capacidades dos membros da OMM para fornecer servi\u00e7os essenciais a diversos setores econ\u00f4micos vulner\u00e1veis a fen\u00f4menos clim\u00e1ticos espaciais.<\/p>\n<p><span style=\"color: #808080;\"><em>Com informa\u00e7\u00f5es da <a style=\"color: #808080;\" href=\"https:\/\/news.un.org\/\">ONU News<\/a><\/em><\/span><\/p>\n<p><em>\u00a0<\/em><\/p>\n<h6 id=\"capa-vicent-guth-unsplash-reproducao\">Capa: Vicent Guth\/ Unsplash. Reprodu\u00e7\u00e3o<\/h6>\n","protected":false},"excerpt":{"rendered":"Auroras boreais e austrais resultantes da elevada atividade solar ressaltam a necessidade&hellip;\n","protected":false},"author":19,"featured_media":6007,"comment_status":"open","ping_status":"open","sticky":false,"template":"","format":"standard","meta":[],"categories":[1,2],"tags":[],"acf":[],"_links":{"self":[{"href":"https:\/\/revistacienciaecultura.org.br\/index.php?rest_route=\/wp\/v2\/posts\/6006"}],"collection":[{"href":"https:\/\/revistacienciaecultura.org.br\/index.php?rest_route=\/wp\/v2\/posts"}],"about":[{"href":"https:\/\/revistacienciaecultura.org.br\/index.php?rest_route=\/wp\/v2\/types\/post"}],"author":[{"embeddable":true,"href":"https:\/\/revistacienciaecultura.org.br\/index.php?rest_route=\/wp\/v2\/users\/19"}],"replies":[{"embeddable":true,"href":"https:\/\/revistacienciaecultura.org.br\/index.php?rest_route=%2Fwp%2Fv2%2Fcomments&post=6006"}],"version-history":[{"count":1,"href":"https:\/\/revistacienciaecultura.org.br\/index.php?rest_route=\/wp\/v2\/posts\/6006\/revisions"}],"predecessor-version":[{"id":6008,"href":"https:\/\/revistacienciaecultura.org.br\/index.php?rest_route=\/wp\/v2\/posts\/6006\/revisions\/6008"}],"wp:featuredmedia":[{"embeddable":true,"href":"https:\/\/revistacienciaecultura.org.br\/index.php?rest_route=\/wp\/v2\/media\/6007"}],"wp:attachment":[{"href":"https:\/\/revistacienciaecultura.org.br\/index.php?rest_route=%2Fwp%2Fv2%2Fmedia&parent=6006"}],"wp:term":[{"taxonomy":"category","embeddable":true,"href":"https:\/\/revistacienciaecultura.org.br\/index.php?rest_route=%2Fwp%2Fv2%2Fcategories&post=6006"},{"taxonomy":"post_tag","embeddable":true,"href":"https:\/\/revistacienciaecultura.org.br\/index.php?rest_route=%2Fwp%2Fv2%2Ftags&post=6006"}],"curies":[{"name":"wp","href":"https:\/\/api.w.org\/{rel}","templated":true}]}}