{"id":6014,"date":"2024-05-28T07:30:53","date_gmt":"2024-05-28T07:30:53","guid":{"rendered":"https:\/\/revistacienciaecultura.org.br\/?p=6014"},"modified":"2024-05-27T18:34:23","modified_gmt":"2024-05-27T18:34:23","slug":"sbpc-e-abc-realizam-4a-sessao-do-forum-da-educacao-superior-nesta-terca","status":"publish","type":"post","link":"https:\/\/revistacienciaecultura.org.br\/?p=6014","title":{"rendered":"SBPC e ABC realizam 4\u00aa sess\u00e3o do F\u00f3rum da Educa\u00e7\u00e3o Superior nesta ter\u00e7a"},"content":{"rendered":"<h4 id=\"com-o-tema-diversificacao-do-ensino-superior-e-seus-subtemas-a-sessao-tera-com-transmissao-ao-vivo-pelo-canal-da-abc-no-youtube-a-partir-das-16h\"><span style=\"color: #808080;\">Com o tema \u201cDiversifica\u00e7\u00e3o do ensino superior e seus subtemas\u201d, a sess\u00e3o ter\u00e1 com transmiss\u00e3o ao vivo pelo canal da ABC no YouTube a partir das 16h<\/span><\/h4>\n<p>&nbsp;<\/p>\n<p>A Academia Brasileira de Ci\u00eancias (ABC) e a Sociedade Brasileira para o Progresso da Ci\u00eancia (SBPC) apresentar\u00e3o nesta ter\u00e7a-feira, 28 de maio, a quarta sess\u00e3o do F\u00f3rum da Educa\u00e7\u00e3o Superior. O evento vem sendo realizado na \u00faltima ter\u00e7a-feira de cada m\u00eas, \u00e0s 16h. Com o tema \u201c<strong>Diversifica\u00e7\u00e3o do Ensino Superior e Seus Subtemas\u201d<\/strong>, o evento contar\u00e1 com a participa\u00e7\u00e3o de Sabine Righetti, pesquisadora do Labjor-Unicamp, e Jos\u00e9 Francisco Soares, professor em\u00e9rito da Universidade Federal de Minas Gerais (UFMG).<\/p>\n<p>O debate ser\u00e1 transmitido ao vivo pelo canal da ABC no YouTube.<\/p>\n<p>O evento tem coordena\u00e7\u00e3o de Aldo Zarbin, conselheiro da SBPC e professor da Universidade Federal do Paran\u00e1, e Sylvio Canuto, professor do Instituto de F\u00edsica da Universidade de S\u00e3o Paulo.<\/p>\n<p><strong>Sobre os palestrantes:<\/strong><\/p>\n<p><strong>Sabine Righetti (Unicamp)<\/strong><\/p>\n<p>Jornalista de ci\u00eancia e pesquisadora do Labjor-Unicamp em comunica\u00e7\u00e3o cient\u00edfica. Doutora em pol\u00edtica cient\u00edfica pela Unicamp, com passagem por Stanford e Universidade de Michigan, recebeu quase dez pr\u00eamios em jornalismo \u2014 incluindo o Jos\u00e9 Reis (2023). Cofundadora e diretora da Ag\u00eancia Bori, servi\u00e7o \u00fanico no Brasil que apoia a cobertura da imprensa de todo o pa\u00eds \u00e0 luz de evid\u00eancias cient\u00edficas.<\/p>\n<p><strong>Jos\u00e9 Francisco Soares (UFMG)<\/strong><\/p>\n<p>\u00c9 professor em\u00e9rito da UFMG. Foi presidente do Instituto Nacional de Estudos e Pesquisas Educacionais An\u00edsio Teixeira (INEP) entre 2014 e 2016. Graduado em Matem\u00e1tica pela UFMG, mestre e doutor em Estat\u00edstica, respectivamente, pelo Instituto Nacional de Matem\u00e1tica Pura e Aplicada (IMPA), em 1977, e pela Universidade do Wisconsin-Madison. P\u00f3s-doutor em Educa\u00e7\u00e3o pela Universidade de Michigan.<\/p>\n<p><span style=\"color: #808080;\"><em>Jornal da Ci\u00eancia e ABC<\/em><\/span><\/p>\n","protected":false},"excerpt":{"rendered":"Com o tema \u201cDiversifica\u00e7\u00e3o do ensino superior e seus subtemas\u201d, a sess\u00e3o&hellip;\n","protected":false},"author":19,"featured_media":6016,"comment_status":"open","ping_status":"open","sticky":false,"template":"","format":"standard","meta":[],"categories":[1,2],"tags":[],"acf":[],"_links":{"self":[{"href":"https:\/\/revistacienciaecultura.org.br\/index.php?rest_route=\/wp\/v2\/posts\/6014"}],"collection":[{"href":"https:\/\/revistacienciaecultura.org.br\/index.php?rest_route=\/wp\/v2\/posts"}],"about":[{"href":"https:\/\/revistacienciaecultura.org.br\/index.php?rest_route=\/wp\/v2\/types\/post"}],"author":[{"embeddable":true,"href":"https:\/\/revistacienciaecultura.org.br\/index.php?rest_route=\/wp\/v2\/users\/19"}],"replies":[{"embeddable":true,"href":"https:\/\/revistacienciaecultura.org.br\/index.php?rest_route=%2Fwp%2Fv2%2Fcomments&post=6014"}],"version-history":[{"count":2,"href":"https:\/\/revistacienciaecultura.org.br\/index.php?rest_route=\/wp\/v2\/posts\/6014\/revisions"}],"predecessor-version":[{"id":6017,"href":"https:\/\/revistacienciaecultura.org.br\/index.php?rest_route=\/wp\/v2\/posts\/6014\/revisions\/6017"}],"wp:featuredmedia":[{"embeddable":true,"href":"https:\/\/revistacienciaecultura.org.br\/index.php?rest_route=\/wp\/v2\/media\/6016"}],"wp:attachment":[{"href":"https:\/\/revistacienciaecultura.org.br\/index.php?rest_route=%2Fwp%2Fv2%2Fmedia&parent=6014"}],"wp:term":[{"taxonomy":"category","embeddable":true,"href":"https:\/\/revistacienciaecultura.org.br\/index.php?rest_route=%2Fwp%2Fv2%2Fcategories&post=6014"},{"taxonomy":"post_tag","embeddable":true,"href":"https:\/\/revistacienciaecultura.org.br\/index.php?rest_route=%2Fwp%2Fv2%2Ftags&post=6014"}],"curies":[{"name":"wp","href":"https:\/\/api.w.org\/{rel}","templated":true}]}}