{"id":6051,"date":"2024-05-29T08:00:50","date_gmt":"2024-05-29T08:00:50","guid":{"rendered":"https:\/\/revistacienciaecultura.org.br\/?p=6051"},"modified":"2024-05-29T18:32:48","modified_gmt":"2024-05-29T18:32:48","slug":"ciencia-cultura-realiza-live-para-comemorar-seus-75-anos","status":"publish","type":"post","link":"https:\/\/revistacienciaecultura.org.br\/?p=6051","title":{"rendered":"Ci\u00eancia &#038; Cultura realiza live para comemorar seus 75 anos"},"content":{"rendered":"<h4 id=\"publicacao-e-a-revista-de-divulgacao-cientifica-mais-antiga-do-brasil-evento-sera-na-proxima-terca-feira-4-de-junho-com-transmissao-pelo-canal-do-youtube-da-sbpc\"><span style=\"color: #808080;\">Publica\u00e7\u00e3o \u00e9 a revista de divulga\u00e7\u00e3o cient\u00edfica mais antiga do Brasil. Evento ser\u00e1 na pr\u00f3xima ter\u00e7a-feira, 4 de junho, com transmiss\u00e3o pelo canal do YouTube da SBPC<\/span><\/h4>\n<p><em>\u00a0<\/em><\/p>\n<p>Uma revista para falar sobre ci\u00eancia, cultura e suas in\u00fameras conex\u00f5es com nossas vidas. Essa \u00e9 a\u00a0<span style=\"color: #800000;\"><a style=\"color: #800000;\" href=\"https:\/\/revistacienciaecultura.org.br\/\"><strong>Ci\u00eancia &amp; Cultura<\/strong><\/a><\/span>, revista de divulga\u00e7\u00e3o cient\u00edfica da\u00a0<span style=\"color: #800000;\"><a style=\"color: #800000;\" href=\"http:\/\/portal.sbpcnet.org.br\/\"><strong>Sociedade Brasileira para o Progresso da Ci\u00eancia<\/strong><\/a><\/span>\u00a0(SBPC), que completa 75 anos de atividade. Para comemorar essa data t\u00e3o especial, a SBPC realizar\u00e1 uma <em>live<\/em> no dia 04 de junho, \u00e0s 17h30, com transmiss\u00e3o pelo canal do <span style=\"color: #800000;\"><a style=\"color: #800000;\" href=\"https:\/\/www.youtube.com\/@canalsbpc\"><strong>YouTube<\/strong><\/a> <\/span>da entidade.<\/p>\n<p>A <em>live<\/em> discutir\u00e1 os grandes temas cient\u00edficos da atualidade e a import\u00e2ncia da divulga\u00e7\u00e3o cient\u00edfica. Participar\u00e3o do evento Renato Janine Ribeiro, presidente da SBPC e professor da Faculdade de Filosofia, Letras e Ci\u00eancias Humanas da USP; Carlos Vogt, ex-reitor da Unicamp e diretor-presidente da Funda\u00e7\u00e3o\u00a0Conrado Wessel; Ruben George Oliven, professor do programa de P\u00f3s-Gradua\u00e7\u00e3o em Antropologia Social da UFRGS; Vanderlan Bolzani, professora do Instituto de Qu\u00edmica da Unesp; Jos\u00e9 Galizia Tundisi, professor do Instituto de Estudos Avan\u00e7ados da USP e presidente da Associa\u00e7\u00e3o Instituto Internacional de Ecologia e Gerenciamento Ambiental (IIEGA); Ima Vieira, pesquisadora titular do Museu Paraense Em\u00edlio Goeldi; e Fernanda Antonia da Fonseca Sobral, professora em\u00e9rita do Instituto de Ci\u00eancias Sociais da UnB e diretora da SBPC.<\/p>\n<p>&nbsp;<\/p>\n<h4 id=\"um-marco-da-divulgacao-cientifica-no-brasil\"><strong>Um marco da divulga\u00e7\u00e3o cient\u00edfica no Brasil<\/strong><\/h4>\n<p>Criada em 1949 \u2014 poucos meses ap\u00f3s a funda\u00e7\u00e3o da SBPC \u2014 a revista \u00e9 o mais antigo ve\u00edculo de divulga\u00e7\u00e3o cient\u00edfica em circula\u00e7\u00e3o no Brasil. Ela nasceu visando a difundir o conhecimento cient\u00edfico e promover uma aproxima\u00e7\u00e3o entre cientistas e o p\u00fablico, com o objetivo de ser \u201caberta n\u00e3o apenas a cientistas, mas a todos os que se interessem pela ci\u00eancia, por suas aplica\u00e7\u00f5es e pelas consequ\u00eancias destas\u201d, conforme se l\u00ea na contracapa de sua primeira edi\u00e7\u00e3o.<\/p>\n<p>Nesses 75 anos, j\u00e1 foram publicadas 466 edi\u00e7\u00f5es. E suas p\u00e1ginas j\u00e1 divulgaram textos de grandes nomes da ci\u00eancia nacional e mundial, como Albert Einstein, Robert Oppenheimer, Carolina Bori e Johanna D\u00f6bereiner.<\/p>\n<p>A publica\u00e7\u00e3o passou por fases diversas, mas sua miss\u00e3o sempre foi a de informar a comunidade cient\u00edfica sobre quest\u00f5es importantes para a ci\u00eancia no Brasil. Contribuiu, e contribui at\u00e9 hoje, para o debate de grandes temas cient\u00edficos e culturais da atualidade, atraindo a aten\u00e7\u00e3o das novas gera\u00e7\u00f5es de pesquisadores e oferecendo conte\u00fados para uma reflex\u00e3o sobre tais temas.<\/p>\n<p>De publica\u00e7\u00e3o trimestral, a revista apresenta, a cada edi\u00e7\u00e3o, um tema a ser abordado do ponto de vista da ci\u00eancia, da cultura, da arte e da filosofia. Todos os meses, um novo cap\u00edtulo \u00e9 publicado, trazendo novos artigos, ensaios, reportagens jornal\u00edsticas, textos de opini\u00e3o, v\u00eddeos, podcasts e muito mais.<\/p>\n<p>Acesse gratuitamente a revista Ci\u00eancia &amp; Cultura <span style=\"color: #800000;\"><a style=\"color: #800000;\" href=\"https:\/\/revistacienciaecultura.org.br\/\"><strong>neste link<\/strong><\/a><\/span> e participe desta celebra\u00e7\u00e3o!<\/p>\n","protected":false},"excerpt":{"rendered":"Publica\u00e7\u00e3o \u00e9 a revista de divulga\u00e7\u00e3o cient\u00edfica mais antiga do Brasil. Evento&hellip;\n","protected":false},"author":19,"featured_media":5491,"comment_status":"open","ping_status":"open","sticky":false,"template":"","format":"standard","meta":[],"categories":[1,2],"tags":[],"acf":[],"_links":{"self":[{"href":"https:\/\/revistacienciaecultura.org.br\/index.php?rest_route=\/wp\/v2\/posts\/6051"}],"collection":[{"href":"https:\/\/revistacienciaecultura.org.br\/index.php?rest_route=\/wp\/v2\/posts"}],"about":[{"href":"https:\/\/revistacienciaecultura.org.br\/index.php?rest_route=\/wp\/v2\/types\/post"}],"author":[{"embeddable":true,"href":"https:\/\/revistacienciaecultura.org.br\/index.php?rest_route=\/wp\/v2\/users\/19"}],"replies":[{"embeddable":true,"href":"https:\/\/revistacienciaecultura.org.br\/index.php?rest_route=%2Fwp%2Fv2%2Fcomments&post=6051"}],"version-history":[{"count":2,"href":"https:\/\/revistacienciaecultura.org.br\/index.php?rest_route=\/wp\/v2\/posts\/6051\/revisions"}],"predecessor-version":[{"id":6053,"href":"https:\/\/revistacienciaecultura.org.br\/index.php?rest_route=\/wp\/v2\/posts\/6051\/revisions\/6053"}],"wp:featuredmedia":[{"embeddable":true,"href":"https:\/\/revistacienciaecultura.org.br\/index.php?rest_route=\/wp\/v2\/media\/5491"}],"wp:attachment":[{"href":"https:\/\/revistacienciaecultura.org.br\/index.php?rest_route=%2Fwp%2Fv2%2Fmedia&parent=6051"}],"wp:term":[{"taxonomy":"category","embeddable":true,"href":"https:\/\/revistacienciaecultura.org.br\/index.php?rest_route=%2Fwp%2Fv2%2Fcategories&post=6051"},{"taxonomy":"post_tag","embeddable":true,"href":"https:\/\/revistacienciaecultura.org.br\/index.php?rest_route=%2Fwp%2Fv2%2Ftags&post=6051"}],"curies":[{"name":"wp","href":"https:\/\/api.w.org\/{rel}","templated":true}]}}