{"id":6056,"date":"2024-06-03T08:00:08","date_gmt":"2024-06-03T08:00:08","guid":{"rendered":"https:\/\/revistacienciaecultura.org.br\/?p=6056"},"modified":"2024-06-03T10:21:07","modified_gmt":"2024-06-03T10:21:07","slug":"uma-jornada-de-conhecimento-e-inovacao","status":"publish","type":"post","link":"https:\/\/revistacienciaecultura.org.br\/?p=6056","title":{"rendered":"Uma jornada de conhecimento e inova\u00e7\u00e3o"},"content":{"rendered":"<h4 id=\"revista-ciencia-cultura-comemora-75-anos-divulgando-a-ciencia-no-brasil\"><span style=\"color: #808080;\">Revista Ci\u00eancia &amp; Cultura comemora 75 anos divulgando a ci\u00eancia no Brasil<\/span><\/h4>\n<p>&nbsp;<\/p>\n<p>\u00c9 com satisfa\u00e7\u00e3o e orgulho que celebramos os 75 anos da revista <a href=\"https:\/\/revistacienciaecultura.org.br\/\"><strong><span style=\"color: #800000;\">Ci\u00eancia &amp; Cultura<\/span><\/strong><\/a>, o mais antigo ve\u00edculo de divulga\u00e7\u00e3o cient\u00edfica em circula\u00e7\u00e3o no Brasil. Desde a primeira edi\u00e7\u00e3o, em janeiro de 1949, a publica\u00e7\u00e3o da <span style=\"color: #800000;\"><a style=\"color: #800000;\" href=\"https:\/\/portal.sbpcnet.org.br\/\"><strong>Sociedade Brasileira para o Progresso da Ci\u00eancia (SBPC)<\/strong><\/a><\/span>, fundada no ano anterior, tem sido uma voz incans\u00e1vel na promo\u00e7\u00e3o do conhecimento cient\u00edfico e cultural no pa\u00eds e desempenhado um papel fundamental na dissemina\u00e7\u00e3o do saber, na promo\u00e7\u00e3o do di\u00e1logo entre as disciplinas cient\u00edficas e na valoriza\u00e7\u00e3o do pensamento cr\u00edtico e da reflex\u00e3o.<\/p>\n<p>H\u00e1 sete d\u00e9cadas, <span style=\"color: #800000;\"><a style=\"color: #800000;\" href=\"https:\/\/revistacienciaecultura.org.br\/\"><strong>Ci\u00eancia &amp; Cultura<\/strong><\/a><\/span> publica artigos, ensaios, reportagens, entrevistas e not\u00edcias que abordam uma ampla gama de temas, desde os mais recentes desenvolvimentos at\u00e9 as quest\u00f5es mais profundas que permeiam o universo cient\u00edfico. Em um mundo cada vez mais complexo e interconectado, a necessidade de compreender os avan\u00e7os da ci\u00eancia, bem como seu impacto na sociedade e na cultura, nunca foi t\u00e3o premente. Hoje, e em per\u00edodos dif\u00edceis da hist\u00f3ria do pa\u00eds, <span style=\"color: #800000;\"><a style=\"color: #800000;\" href=\"https:\/\/revistacienciaecultura.org.br\/\"><strong>Ci\u00eancia &amp; Cultura<\/strong><\/a><\/span> tem contribu\u00eddo para iluminar as sombras da ignor\u00e2ncia e da desinforma\u00e7\u00e3o.<\/p>\n<p>&nbsp;<\/p>\n<h4 id=\"desde-sua-primeira-edicao-tem-sido-uma-voz-incansavel-na-promocao-do-conhecimento-cientifico-e-cultural-no-pais-e-desempenhado-um-papel-fundamental-na-disseminacao-do-saber-na-promocao-do-d\" style=\"text-align: center;\"><span style=\"color: #800000;\"><em>\u201cDesde sua primeira edi\u00e7\u00e3o, tem sido uma voz incans\u00e1vel na promo\u00e7\u00e3o do conhecimento cient\u00edfico e cultural no pa\u00eds e desempenhado um papel fundamental na dissemina\u00e7\u00e3o do saber, na promo\u00e7\u00e3o do di\u00e1logo entre as disciplinas cient\u00edficas e na valoriza\u00e7\u00e3o do pensamento cr\u00edtico e da reflex\u00e3o.\u201d<\/em><\/span><\/h4>\n<p>&nbsp;<\/p>\n<p>Com uma capacidade permanente de se reinventar e de inovar, <span style=\"color: #800000;\"><a style=\"color: #800000;\" href=\"https:\/\/revistacienciaecultura.org.br\/\"><strong>Ci\u00eancia &amp; Cultura<\/strong><\/a><\/span>, em suas p\u00e1ginas impressas e, mais recentemente, digitais, apresenta o trabalho de destacados pesquisadores, acad\u00eamicos e intelectuais, que contribuem para enriquecer nossa compreens\u00e3o sobre o mundo e oferecem um espa\u00e7o inclusivo e aberto \u00e0s mais variadas perspectivas e disciplinas, refletindo a diversidade e a riqueza do conhecimento.<\/p>\n<p>\u201c<span style=\"color: #800000;\"><a style=\"color: #800000;\" href=\"https:\/\/revistacienciaecultura.org.br\/\"><strong>Ci\u00eancia &amp; Cultura<\/strong><\/a><\/span>, que hoje se apresenta do p\u00fablico cient\u00edfico e a todos os que se interessam pelos problemas da Ci\u00eancia,\u00a0\u00e9 o \u00f3rg\u00e3o da Sociedade Brasileira para o Progresso da Ci\u00eancia. Aparece quatro vezes por ano, com artigos e notas originais, al\u00e9m de variada informa\u00e7\u00e3o que sirva para difundir n\u00e3o s\u00f3 os conhecimentos que a Ci\u00eancia vai acumulando, mas tamb\u00e9m os dados relativos \u00e0 proje\u00e7\u00e3o desses conhecimentos na sociedade. Espera ainda a revista, como \u00f3rg\u00e3o que \u00e9 da SBPC, servir de aproxima\u00e7\u00e3o dos cientistas entre si, e destes com o p\u00fablico, entre todos desenvolvendo forte e indispens\u00e1vel sentimento de solidariedade e compreens\u00e3o\u201d, destacou no lan\u00e7amento da revista Jos\u00e9 Reis, um dos fundadores da SBPC, idealizador e editor de <span style=\"color: #800000;\"><a style=\"color: #800000;\" href=\"https:\/\/revistacienciaecultura.org.br\/\"><strong>Ci\u00eancia &amp; Cultura<\/strong><\/a><\/span> em dois per\u00edodos, do lan\u00e7amento a 1954 e de 1972 a 1986.<\/p>\n<p>&nbsp;<\/p>\n<h4 id=\"em-um-mundo-cada-vez-mais-complexo-e-interconectado-a-necessidade-de-compreender-os-avancos-da-ciencia-bem-como-seu-impacto-na-sociedade-e-na-cultura-nunca-foi-tao-premente\" style=\"text-align: center;\"><span style=\"color: #800000;\"><em>\u201cEm um mundo cada vez mais complexo e interconectado, a necessidade de compreender os avan\u00e7os da ci\u00eancia, bem como seu impacto na sociedade e na cultura, nunca foi t\u00e3o premente.\u201d <\/em><\/span><\/h4>\n<p>&nbsp;<\/p>\n<p>Esta edi\u00e7\u00e3o especial comemorativa aos 75 anos republica este primeiro editorial e outros representativos das diversas fases da revista, que, al\u00e9m de Jos\u00e9 Reis, teve \u00e0 frente os editores Luiz Rodolpho Travassos (1991 a 2001, per\u00edodo em que foi publicada em ingl\u00eas como <em>Journal of the Brazilian Association for the Advancement of Science<\/em>), Carlos Vogt (2002 a 2007 e 2017 a 2021), Marcelo Knobel (2008 a 2017) e Chris Bueno (desde 2022).<\/p>\n<p>Esta edi\u00e7\u00e3o comemorativa de Ci\u00eancia &amp; Cultura tamb\u00e9m seleciona artigos das mais diversas \u00e1reas do conhecimento, escritos por alguns dos mais importantes nomes da hist\u00f3ria da ci\u00eancia no Brasil e publicados\u00a0em edi\u00e7\u00f5es anteriores da revista. S\u00e3o textos de Warwick Kerr, Jos\u00e9 Goldemberg, Octavio Ianni, Samuel MacDowell, Leopoldo de Meis, Ot\u00e1vio Velho, Ima Vieira, Sidia Callegari, Francisco Salzano, Erney Plessmann de Camargo, Regina Pekelmann Markus, Miguel Trefaut Rodrigues, Mayana Zatz, Maria Ros\u00e1rio de Carvalho, Fernando Galembeck, Esper Cavalheiro, S\u00e9rgio Adorno e Aldo Zarbin, que oferecem um denso, diverso e valioso panorama da hist\u00f3ria e do desenvolvimento da ci\u00eancia,\u00a0al\u00e9m do debate cultural\u00a0no Brasil.<\/p>\n<p>&nbsp;<\/p>\n<h4 id=\"ciencia-cultura-apresenta-o-trabalho-de-destacados-pesquisadores-academicos-e-intelectuais-que-contribuem-para-enriquecer-nossa-compreensao-sobre-o-mundo-e-oferecem-um-espaco-inclusiv\" style=\"text-align: center;\"><span style=\"color: #800000;\"><em>\u201cCi\u00eancia &amp; Cultura apresenta o trabalho de destacados pesquisadores, acad\u00eamicos e intelectuais, que contribuem para enriquecer nossa compreens\u00e3o sobre o mundo e oferecem um espa\u00e7o inclusivo e aberto \u00e0s mais variadas perspectivas e disciplinas, refletindo a diversidade e a riqueza do conhecimento.\u201d<\/em><\/span><\/h4>\n<p>&nbsp;<\/p>\n<p>A edi\u00e7\u00e3o traz tamb\u00e9m reportagens in\u00e9ditas, al\u00e9m de podcasts e v\u00eddeos em que nomes importantes, tanto para a hist\u00f3ria da ci\u00eancia e da cultura brasileiras como para a hist\u00f3ria da revista, fazem uma retrospectiva da ci\u00eancia e da cultura no Brasil nos \u00faltimos 75 anos e\u00a0 sobre a import\u00e2ncia da revista nesse per\u00edodo.<\/p>\n<p>\u00c0 medida que celebramos os 75 anos, tamb\u00e9m refletimos sobre os desafios que o futuro reserva \u00e0 revista. Em um mundo em constante mudan\u00e7a, \u00e9 essencial que <span style=\"color: #800000;\"><a style=\"color: #800000;\" href=\"https:\/\/revistacienciaecultura.org.br\/\"><strong>Ci\u00eancia &amp; Cultura<\/strong><\/a><\/span> continue a defender valores da ci\u00eancia, da raz\u00e3o e do pensamento cr\u00edtico. Devemos permanecer atentos contra os ataques \u00e0 verdade e \u00e0 objetividade e continuar a promover a ci\u00eancia, a cultura e a cultura cient\u00edfica em todas as esferas da sociedade. Que os pr\u00f3ximos 75 anos sejam marcados por novas descobertas, novas ideias e novas formas de compreender o mundo e que <span style=\"color: #800000;\"><a style=\"color: #800000;\" href=\"https:\/\/revistacienciaecultura.org.br\/\"><strong>Ci\u00eancia &amp; Cultura<\/strong><\/a><\/span> continue a iluminar nossos caminhos e a inspirar as mentes curiosas de hoje e das gera\u00e7\u00f5es futuras.<\/p>\n","protected":false},"excerpt":{"rendered":"Revista Ci\u00eancia &amp; Cultura comemora 75 anos divulgando a ci\u00eancia no Brasil&hellip;\n","protected":false},"author":198,"featured_media":6057,"comment_status":"open","ping_status":"open","sticky":false,"template":"","format":"standard","meta":[],"categories":[52,21],"tags":[],"acf":[],"_links":{"self":[{"href":"https:\/\/revistacienciaecultura.org.br\/index.php?rest_route=\/wp\/v2\/posts\/6056"}],"collection":[{"href":"https:\/\/revistacienciaecultura.org.br\/index.php?rest_route=\/wp\/v2\/posts"}],"about":[{"href":"https:\/\/revistacienciaecultura.org.br\/index.php?rest_route=\/wp\/v2\/types\/post"}],"author":[{"embeddable":true,"href":"https:\/\/revistacienciaecultura.org.br\/index.php?rest_route=\/wp\/v2\/users\/198"}],"replies":[{"embeddable":true,"href":"https:\/\/revistacienciaecultura.org.br\/index.php?rest_route=%2Fwp%2Fv2%2Fcomments&post=6056"}],"version-history":[{"count":3,"href":"https:\/\/revistacienciaecultura.org.br\/index.php?rest_route=\/wp\/v2\/posts\/6056\/revisions"}],"predecessor-version":[{"id":6096,"href":"https:\/\/revistacienciaecultura.org.br\/index.php?rest_route=\/wp\/v2\/posts\/6056\/revisions\/6096"}],"wp:featuredmedia":[{"embeddable":true,"href":"https:\/\/revistacienciaecultura.org.br\/index.php?rest_route=\/wp\/v2\/media\/6057"}],"wp:attachment":[{"href":"https:\/\/revistacienciaecultura.org.br\/index.php?rest_route=%2Fwp%2Fv2%2Fmedia&parent=6056"}],"wp:term":[{"taxonomy":"category","embeddable":true,"href":"https:\/\/revistacienciaecultura.org.br\/index.php?rest_route=%2Fwp%2Fv2%2Fcategories&post=6056"},{"taxonomy":"post_tag","embeddable":true,"href":"https:\/\/revistacienciaecultura.org.br\/index.php?rest_route=%2Fwp%2Fv2%2Ftags&post=6056"}],"curies":[{"name":"wp","href":"https:\/\/api.w.org\/{rel}","templated":true}]}}