{"id":6062,"date":"2024-06-03T07:55:58","date_gmt":"2024-06-03T07:55:58","guid":{"rendered":"https:\/\/revistacienciaecultura.org.br\/?p=6062"},"modified":"2024-06-03T10:21:15","modified_gmt":"2024-06-03T10:21:15","slug":"sociedade-brasileira-para-o-progresso-da-ciencia","status":"publish","type":"post","link":"https:\/\/revistacienciaecultura.org.br\/?p=6062","title":{"rendered":"Sociedade Brasileira para o Progresso da Ci\u00eancia"},"content":{"rendered":"<h4 id=\"revista-foi-criada-em-1949-com-o-objetivo-de-aproximar-cientistas-e-o-publico-para-fortalecer-a-ciencia-nacional\"><span style=\"color: #808080;\">Revista foi criada em 1949 com o objetivo de aproximar cientistas e o p\u00fablico para fortalecer a ci\u00eancia nacional<\/span><\/h4>\n<p>&nbsp;<\/p>\n<p>No dia 8 de junho do ano passado cerca de 60 pessoas, atendendo a convite dos doutores Paulo Sawaya, J. Reis e M. Rocha e Silva, reuniram-se no audit\u00f3rio da Associa\u00e7\u00e3o Paulista de Medicina na cidade de S\u00e3o Paulo para cuidar da funda\u00e7\u00e3o da Sociedade destinada a lutar pelo progresso e pela defesa da Ci\u00eancia em nosso pa\u00eds movida pelo mesmo impulso que no outros pa\u00edses t\u00eam levado os cientistas e homens cultos \u00e0 cria\u00e7\u00e3o de \u00f3rg\u00e3os semelhantes Como as centen\u00e1rias associa\u00e7\u00f5es inglesa norte-americana a francesa a italiana a argentina e outras. Nessa primeira reuni\u00e3o elegeu-se \u00e0 comiss\u00e3o encarregada de redigir os estatutos, a qual ficou composta dos professores J. Americano, F.J. Maffei, J. Ribeiro do Vale e dos doutores M. Rocha e Silva e J. Reis. O projeto elaborado foi discutido e aprovado com emendas no dia 8 de julho e se acha hoje impresso e \u00e0 disposi\u00e7\u00e3o dos interessados. Na mesma ocasi\u00e3o foi eleita uma comiss\u00e3o executiva provis\u00f3ria para dirigir os destinos da sociedade at\u00e9 as elei\u00e7\u00f5es gerais e posse da diretoria e do Conselho. Integraram essa comiss\u00e3o, al\u00e9m das pessoas acima referidas, os professores H. da Rocha Lima, M. de Barros Erhart, O. Bier, P. Sawaya, L. Cintra do Prado, H. Hauptmann e os doutores A. Marchini e G. Rosenfeld.<\/p>\n<p>Assim nasceu a <span style=\"color: #800000;\"><a style=\"color: #800000;\" href=\"https:\/\/portal.sbpcnet.org.br\/\"><strong>Sociedade Brasileira para o Progresso da Ci\u00eancia<\/strong><\/a><\/span>, cuja ata de funda\u00e7\u00e3o traz a data de 8 de julho de 1948.<\/p>\n<p>&nbsp;<\/p>\n<h4 id=\"e-empresa-em-que-os-cientistas-se-irmanarao-com-os-nao-cientistas-porem-amantes-da-ciencia-buscando-prestigio-crescente-desta-ultima-e-o-progresso-do-pais-atraves-do-progresso-da-ciencia\" style=\"text-align: center;\"><em><span style=\"color: #800000;\">\u201c\u00c9 empresa em que os cientistas se irmanar\u00e3o com os n\u00e3o cientistas, por\u00e9m amantes da Ci\u00eancia, buscando prest\u00edgio crescente desta \u00faltima e o progresso do pa\u00eds atrav\u00e9s do progresso da Ci\u00eancia.\u201d<\/span><\/em><\/h4>\n<p>&nbsp;<\/p>\n<p>Ao mesmo tempo que tomava as provid\u00eancias estatut\u00e1rias para realiza\u00e7\u00e3o das elei\u00e7\u00f5es, a comiss\u00e3o executiva provis\u00f3ria deu in\u00edcio ao programa cultural da sociedade. Com uma confer\u00eancia do prof. Rocha Lima, proferida a 27 do mesmo m\u00eas no audit\u00f3rio da Biblioteca Municipal, cuja lota\u00e7\u00e3o ficou total esgotada, o que bem demonstra o auspicioso come\u00e7o que teve a nova agremia\u00e7\u00e3o. Assim como a falta que em nosso meio se fazia agudamente sentir de um \u00f3rg\u00e3o desse g\u00eanero, outras confer\u00eancias p\u00fablicas seguiram-se a essa, em todas havendo oportunidade para debate das quest\u00f5es ventiladas pelo orador sem exce\u00e7\u00e3o constitu\u00edram not\u00e1veis acontecimentos em nossa vida cient\u00edfica, tendo algumas recebido o patroc\u00ednio conjunto de outras associa\u00e7\u00f5es, como o Departamento de Cultura da Associa\u00e7\u00e3o Paulista de Medicina e a Associa\u00e7\u00e3o dos Alunos de Qu\u00edmica da Faculdade de Filosofia Ci\u00eancia e Letras da Universidade de S\u00e3o Paulo.<\/p>\n<p>Aos 8 de novembro empossaram-se a Diretoria e o Conselho eleitos na conformidade dos estatutos e assim constitu\u00eddos Presidente: J. Americano; Vice-Presidente: M. Rocha e Silva; Secret\u00e1rio-Geral: J. Reis; Tesoureiro: P. Sawaya; Secret\u00e1rio: G. Rosenfeld. Conselho: O. Bier, M. Barros Erhart, F. J. Maffei, A. Carvalho e Silva, A. Dreyfus, L. Cintra do Prado, C. Chagas Filho, M. Os\u00f3rio de Almeida, G. Vilela, J. Jesu\u00edno Maciel e A. Marchini. Ao Professor H. da Rocha Lima e ao Dr. H. De Beaurepaire Arag\u00e3o, a Comiss\u00e3o Executiva Provis\u00f3ria, na reuni\u00e3o que precede as elei\u00e7\u00f5es, conferiu por unanimidade os t\u00edtulos de honor\u00e1rios da sociedade cujo conselho passaram por isso membros natos.<\/p>\n<h6 id=\"figura-1-capa-da-primeira-edicao-da-revista-ciencia-cultura-de-janeiro-de-1949foto-arquivo\" style=\"text-align: center;\"><img loading=\"lazy\" class=\"aligncenter wp-image-6064\" src=\"https:\/\/revistacienciaecultura.org.br\/wp-content\/uploads\/2024\/05\/CC-2E24-editorial-1949-figura-2-214x300.jpg\" alt=\"\" width=\"357\" height=\"500\" srcset=\"https:\/\/revistacienciaecultura.org.br\/wp-content\/uploads\/2024\/05\/CC-2E24-editorial-1949-figura-2-214x300.jpg 214w, https:\/\/revistacienciaecultura.org.br\/wp-content\/uploads\/2024\/05\/CC-2E24-editorial-1949-figura-2-732x1024.jpg 732w, https:\/\/revistacienciaecultura.org.br\/wp-content\/uploads\/2024\/05\/CC-2E24-editorial-1949-figura-2-768x1075.jpg 768w, https:\/\/revistacienciaecultura.org.br\/wp-content\/uploads\/2024\/05\/CC-2E24-editorial-1949-figura-2-1098x1536.jpg 1098w, https:\/\/revistacienciaecultura.org.br\/wp-content\/uploads\/2024\/05\/CC-2E24-editorial-1949-figura-2-1464x2048.jpg 1464w, https:\/\/revistacienciaecultura.org.br\/wp-content\/uploads\/2024\/05\/CC-2E24-editorial-1949-figura-2-9x12.jpg 9w, https:\/\/revistacienciaecultura.org.br\/wp-content\/uploads\/2024\/05\/CC-2E24-editorial-1949-figura-2-800x1119.jpg 800w, https:\/\/revistacienciaecultura.org.br\/wp-content\/uploads\/2024\/05\/CC-2E24-editorial-1949-figura-2-1160x1623.jpg 1160w, https:\/\/revistacienciaecultura.org.br\/wp-content\/uploads\/2024\/05\/CC-2E24-editorial-1949-figura-2.jpg 1691w\" sizes=\"(max-width: 357px) 100vw, 357px\" \/><br \/>\n<strong>Figura 1. Capa da primeira edi\u00e7\u00e3o da revista Ci\u00eancia &amp; Cultura, de janeiro de 1949<br \/>\n<\/strong>(Foto: Arquivo)<\/h6>\n<p>&nbsp;<\/p>\n<p>No momento atual, a SBPC possui 352 s\u00f3cios distribu\u00eddos pelas seguintes categorias: contribuintes, remidos, corporativos, benem\u00e9ritos e assinantes.<\/p>\n<p>A Sociedade Brasileira para o Progresso da Ci\u00eancia tem os seguintes objetivos gerais: a) justificativa da Ci\u00eancia mostrando aos p\u00fablicos seus progressos seus m\u00e9todos de trabalho, suas aplica\u00e7\u00f5es, e at\u00e9 mesmo suas limita\u00e7\u00f5es, buscando criar em todas as classes e, consequentemente, na administra\u00e7\u00e3o p\u00fablica, atitude de compreens\u00e3o, apoio e respeito para as atividades de pesquisa; b) crescimento da organiza\u00e7\u00e3o cient\u00edfica nacional pela melhor articula\u00e7\u00e3o dos cientistas, pelo seu mais \u00edntimo conhecimento m\u00fatuo, numa tentativa de unir as diversas especialidades e dissipar eventuais incompreens\u00f5es por meio de a\u00e7\u00f5es conjuntas pelo incentivo \u00e0 forma\u00e7\u00e3o de novos pesquisadores e ainda pela remo\u00e7\u00e3o de entraves que se op\u00f5e ao progresso da Ci\u00eancia; c) luta pela manuten\u00e7\u00e3o de elevados padr\u00f5es de conduta cient\u00edfica e, ao mesmo tempo, combate \u00e0 pseudo e meia Ci\u00eancia, que tantas vezes tomam posi\u00e7\u00f5es que deveriam pertencer \u00e0 verdadeira Ci\u00eancia; d) assumir atitude definida e ativa de combate no sentido de assegurar contra poss\u00edveis incompreens\u00f5es a liberdade de pesquisa e o direito do pesquisador aos meios indispens\u00e1veis de trabalho a estabilidade para realiza\u00e7\u00e3o de seus programas de investiga\u00e7\u00e3o ao ambiente favor\u00e1vel \u00e0 pesquisa desinteressada.<\/p>\n<p>Esses objetivos s\u00e3o assegurados por meio de confer\u00eancias, reuni\u00f5es conjuntas, colabora\u00e7\u00e3o com a imprensa e com todos os interessados e publica\u00e7\u00f5es capazes de atingir as diversas camadas sociais.<\/p>\n<p>&nbsp;<\/p>\n<h4 id=\"espera-ainda-a-revista-como-orgao-que-e-da-sbpc-servir-de-aproximacao-dos-cientistas-entre-si-e-destes-como-o-publico-entre-todos-desenvolvendo-forte-e-indispensavel-sentimento-de-solidari\" style=\"text-align: center;\"><span style=\"color: #800000;\"><em>\u201cEspera ainda a revista, como \u00f3rg\u00e3o que \u00e9 da SBPC, servir de aproxima\u00e7\u00e3o dos cientistas entre si e destes como o p\u00fablico, entre todos desenvolvendo forte e indispens\u00e1vel sentimento de solidariedade e compreens\u00e3o.\u201d<\/em><\/span><\/h4>\n<p>&nbsp;<\/p>\n<p>A SBPC \u00e9 sociedade de \u00e2mbito nacional sem cor pol\u00edtica ou religiosa.\u00a0Seu primeiro n\u00facleo tomou o corpo em S\u00e3o Paulo; outros n\u00facleos, entretanto, j\u00e1 come\u00e7aram a formar-se e transformar-se com o tempo e de acordo com as realiza\u00e7\u00f5es que apresentem em divis\u00f5es da sociedade.<\/p>\n<p>N\u00e3o \u00e9 a SBPC uma sociedade de especialistas, destas j\u00e1 existem v\u00e1rias as quais a nova premia\u00e7\u00e3o n\u00e3o far\u00e1 concorr\u00eancia, mas apoiar\u00e1 de todas as formas poss\u00edveis.<\/p>\n<p>\u00c9 empresa em que os cientistas se irmanar\u00e3o com os n\u00e3o cientistas, por\u00e9m amantes da Ci\u00eancia, buscando prest\u00edgio crescente desta \u00faltima e o progresso do pa\u00eds atrav\u00e9s do progresso da Ci\u00eancia.<\/p>\n<h6 id=\"figura-2-jose-reis-idealizador-e-editor-da-ciencia-cultura-de-1949-1954-e-de-1972-1986-foto-acervo-sbpc-reproducao\" style=\"text-align: center;\"><img loading=\"lazy\" class=\"aligncenter wp-image-6061\" src=\"https:\/\/revistacienciaecultura.org.br\/wp-content\/uploads\/2024\/05\/Jose\u0301-Reis-218x300.jpg\" alt=\"\" width=\"363\" height=\"500\" srcset=\"https:\/\/revistacienciaecultura.org.br\/wp-content\/uploads\/2024\/05\/Jose\u0301-Reis-218x300.jpg 218w, https:\/\/revistacienciaecultura.org.br\/wp-content\/uploads\/2024\/05\/Jose\u0301-Reis-743x1024.jpg 743w, https:\/\/revistacienciaecultura.org.br\/wp-content\/uploads\/2024\/05\/Jose\u0301-Reis-768x1058.jpg 768w, https:\/\/revistacienciaecultura.org.br\/wp-content\/uploads\/2024\/05\/Jose\u0301-Reis-9x12.jpg 9w, https:\/\/revistacienciaecultura.org.br\/wp-content\/uploads\/2024\/05\/Jose\u0301-Reis-800x1102.jpg 800w, https:\/\/revistacienciaecultura.org.br\/wp-content\/uploads\/2024\/05\/Jose\u0301-Reis.jpg 839w\" sizes=\"(max-width: 363px) 100vw, 363px\" \/><br \/>\n<strong>Figura 2. Jos\u00e9 Reis, idealizador e editor da Ci\u00eancia &amp; Cultura de 1949-1954 e de 1972-1986.<br \/>\n<\/strong>(Foto: Acervo SBPC. Reprodu\u00e7\u00e3o)<\/h6>\n<p style=\"text-align: center;\">* * *<\/p>\n<p><a href=\"https:\/\/revistacienciaecultura.org.br\/\"><strong><span style=\"color: #800000;\">Ci\u00eancia &amp; Cultura<\/span><\/strong><\/a>, que hoje se apresenta o p\u00fablico cient\u00edfico e a todos os que se interessam pelos problemas da Ci\u00eancia, \u00e9 o \u00f3rg\u00e3o da Sociedade Brasileira para o Progresso da Ci\u00eancia.\u00a0Aparecer\u00e1 quatro vezes por ano com artigos e notas originais, al\u00e9m de variada informa\u00e7\u00e3o que sirva para difundir n\u00e3o s\u00f3 os conhecimentos que a Ci\u00eancia vai acumulando, mas tamb\u00e9m os dados relativos \u00e0 proje\u00e7\u00e3o desses conhecimentos na sociedade.\u00a0Espera ainda a revista, como \u00f3rg\u00e3o que \u00e9 da SBPC, servir de aproxima\u00e7\u00e3o dos cientistas entre si e destes como o p\u00fablico, entre todos desenvolvendo forte e indispens\u00e1vel sentimento de solidariedade e compreens\u00e3o.<\/p>\n<p>Antes de terminar esta apresenta\u00e7\u00e3o, \u00e9 com prazer que a SBPC registra que a <span style=\"color: #800000;\"><a style=\"color: #800000;\" href=\"https:\/\/revistacienciaecultura.org.br\/\"><strong>Ci\u00eancia &amp; Cultura<\/strong><\/a><\/span> pode tornar-se realidade gra\u00e7as \u00e0 compreens\u00e3o do industrial Francisco Pignatari, que para isso concedeu \u00e0 SBPC uma subven\u00e7\u00e3o anual de Cr $ 50.000.<\/p>\n<p style=\"text-align: center;\">* * *<\/p>\n<p>A capa da <a href=\"https:\/\/revistacienciaecultura.org.br\/\"><strong><span style=\"color: #800000;\">Ci\u00eancia &amp; Cultura<\/span><\/strong><\/a> foi escolhida pela Diretoria da SBPC, dentre originais diversos que examinou, \u00e9 da autoria do arquiteto Ernest de Carvalho Mange, s\u00f3cio da SBPC, que dessa forma contribuiu valiosamente para realiza\u00e7\u00e3o da revista.<\/p>\n<hr \/>\n<h6 id=\"texto-publicado-originalmente-emreis-jose-sociedade-brasileira-para-o-progresso-da-ciencia-cienc-cult-1949-vol-1-n-1\"><strong>Texto publicado originalmente em:<br \/>\n<\/strong>REIS, Jos\u00e9.\u00a0Sociedade Brasileira para o Progresso da Ci\u00eancia.<em>\u00a0Cienc. Cult.<\/em>\u00a01949, vol.1, n.1.<\/h6>\n<h6 id=\"leia-o-texto-original-emhttps-memoria-bn-gov-br-docreader-docreader-aspxbib003069pagfis1\"><strong>Leia o texto original em:<br \/>\n<\/strong><a href=\"https:\/\/memoria.bn.gov.br\/docreader\/DocReader.aspx?bib=003069&amp;pagfis=1\">https:\/\/memoria.bn.gov.br\/docreader\/DocReader.aspx?bib=003069&amp;pagfis=1<\/a><\/h6>\n<h6 id=\"esse-texto-foi-atualizado-segundo-o-novo-acordo-ortografico-da-lingua-portuguesa\"><em>* Esse texto foi atualizado segundo o novo Acordo\u00a0Ortogr\u00e1fico da\u00a0L\u00edngua Portuguesa.<\/em><\/h6>\n<p>&nbsp;<\/p>\n<hr \/>\n<h6 id=\"capa-criacao-da-sociedade-brasileira-para-o-progresso-da-ciencia-sbpc-em-1948folha-da-noite-sao-paulo-do-dia-9-de-junho-de-1948-fmors-acervo-sbpc\"><strong>Capa. Cria\u00e7\u00e3o da Sociedade Brasileira para o Progresso da Ci\u00eancia (SBPC), em 1948<br \/>\n<\/strong>(Folha da Noite, S\u00e3o Paulo, do dia 9 de junho de 1948. FMORS\/Acervo SBPC)<\/h6>\n","protected":false},"excerpt":{"rendered":"Revista foi criada em 1949 com o objetivo de aproximar cientistas e&hellip;\n","protected":false},"author":200,"featured_media":6063,"comment_status":"open","ping_status":"open","sticky":false,"template":"","format":"standard","meta":[],"categories":[52,21],"tags":[],"acf":[],"_links":{"self":[{"href":"https:\/\/revistacienciaecultura.org.br\/index.php?rest_route=\/wp\/v2\/posts\/6062"}],"collection":[{"href":"https:\/\/revistacienciaecultura.org.br\/index.php?rest_route=\/wp\/v2\/posts"}],"about":[{"href":"https:\/\/revistacienciaecultura.org.br\/index.php?rest_route=\/wp\/v2\/types\/post"}],"author":[{"embeddable":true,"href":"https:\/\/revistacienciaecultura.org.br\/index.php?rest_route=\/wp\/v2\/users\/200"}],"replies":[{"embeddable":true,"href":"https:\/\/revistacienciaecultura.org.br\/index.php?rest_route=%2Fwp%2Fv2%2Fcomments&post=6062"}],"version-history":[{"count":3,"href":"https:\/\/revistacienciaecultura.org.br\/index.php?rest_route=\/wp\/v2\/posts\/6062\/revisions"}],"predecessor-version":[{"id":6098,"href":"https:\/\/revistacienciaecultura.org.br\/index.php?rest_route=\/wp\/v2\/posts\/6062\/revisions\/6098"}],"wp:featuredmedia":[{"embeddable":true,"href":"https:\/\/revistacienciaecultura.org.br\/index.php?rest_route=\/wp\/v2\/media\/6063"}],"wp:attachment":[{"href":"https:\/\/revistacienciaecultura.org.br\/index.php?rest_route=%2Fwp%2Fv2%2Fmedia&parent=6062"}],"wp:term":[{"taxonomy":"category","embeddable":true,"href":"https:\/\/revistacienciaecultura.org.br\/index.php?rest_route=%2Fwp%2Fv2%2Fcategories&post=6062"},{"taxonomy":"post_tag","embeddable":true,"href":"https:\/\/revistacienciaecultura.org.br\/index.php?rest_route=%2Fwp%2Fv2%2Ftags&post=6062"}],"curies":[{"name":"wp","href":"https:\/\/api.w.org\/{rel}","templated":true}]}}