{"id":6089,"date":"2024-06-03T08:00:45","date_gmt":"2024-06-03T08:00:45","guid":{"rendered":"https:\/\/revistacienciaecultura.org.br\/?p=6089"},"modified":"2024-05-31T13:40:34","modified_gmt":"2024-05-31T13:40:34","slug":"exposicao-virtual-de-capas-da-revista-ciencia-cultura-2","status":"publish","type":"post","link":"https:\/\/revistacienciaecultura.org.br\/?p=6089","title":{"rendered":"Exposi\u00e7\u00e3o virtual de capas da revista Ci\u00eancia &#038; Cultura"},"content":{"rendered":"<h4 id=\"capas-contam-historia-dos-75-anos-da-revista-confira\"><span style=\"color: #808080;\">Capas contam hist\u00f3ria dos 75 anos da revista. Confira!<\/span><\/h4>\n<p>&nbsp;<\/p>\n<p>A revista <a href=\"https:\/\/revistacienciaecultura.org.br\/\"><strong><span style=\"color: #800000;\">Ci\u00eancia &amp; Cultura<\/span><\/strong><\/a>, a mais antiga publica\u00e7\u00e3o de divulga\u00e7\u00e3o cient\u00edfica ainda em circula\u00e7\u00e3o no Brasil, celebra seus 75 anos com uma exposi\u00e7\u00e3o virtual das suas capas. Mais do que uma simples revista, <span style=\"color: #800000;\"><a style=\"color: #800000;\" href=\"https:\/\/revistacienciaecultura.org.br\/\"><strong>Ci\u00eancia &amp; Cultura<\/strong><\/a> <\/span>\u00e9 um \u00f3rg\u00e3o da <a href=\"http:\/\/www.sbpcnet.org.br\/\"><strong><span style=\"color: #800000;\">Sociedade Brasileira para o Progresso da Ci\u00eancia (SBPC)<\/span><\/strong><\/a>, dedicando-se a promover a ci\u00eancia e suas aplica\u00e7\u00f5es, acess\u00edvel n\u00e3o s\u00f3 a cientistas, mas a todos os interessados na \u00e1rea. Desde a sua primeira edi\u00e7\u00e3o, a revista tem buscado tornar a ci\u00eancia compreens\u00edvel e relevante para a sociedade.<\/p>\n<p>Lan\u00e7ada em janeiro de 1949, apenas um ano ap\u00f3s a funda\u00e7\u00e3o da SBPC, a revista foi idealizada por Jos\u00e9 Reis, que a dirigiu de 1949 a 1954 e de 1972 a 1985. Em 1968, a publica\u00e7\u00e3o passou por uma importante remodela\u00e7\u00e3o: adotou uma nova apresenta\u00e7\u00e3o visual e come\u00e7ou a incluir cr\u00edticas ao regime militar da \u00e9poca, contestando a vis\u00e3o limitada da ci\u00eancia como mera tecnologia e a falta de investimento em pesquisa b\u00e1sica nas universidades.<\/p>\n<p>Nos anos 1990, a revista passou a ser publicada em ingl\u00eas, tornando-se a \u201c<em>Journal of the Brazilian Association for the Advancement of Science<\/em>\u201d. No entanto, em 2002, a publica\u00e7\u00e3o voltou a ser em portugu\u00eas e passou a ser produzida pelo <span style=\"color: #800000;\"><a style=\"color: #800000;\" href=\"https:\/\/www.labjor.unicamp.br\/\"><strong>Laborat\u00f3rio de Estudos Avan\u00e7ados em Jornalismo (Labjor)<\/strong><\/a><\/span> da <span style=\"color: #800000;\"><a style=\"color: #800000;\" href=\"https:\/\/www.unicamp.br\/\"><strong>Unicamp<\/strong><\/a><\/span>. Desde ent\u00e3o, passou a disponibilizar edi\u00e7\u00f5es impressas e online, com uma se\u00e7\u00e3o tem\u00e1tica chamada \u201cTemas e Tend\u00eancias\u201d para debates aprofundados.<\/p>\n<p>Em 2022, <span style=\"color: #800000;\"><a style=\"color: #800000;\" href=\"https:\/\/revistacienciaecultura.org.br\/\"><strong>Ci\u00eancia &amp; Cultura<\/strong><\/a><\/span> foi totalmente reformulada para o formato digital, mantendo sua miss\u00e3o original de divulgar a ci\u00eancia com rigor e acessibilidade. A revista agora adota uma abordagem trimestral, com temas escolhidos para serem explorados sob diversas perspectivas, incluindo ci\u00eancia, cultura, arte e filosofia, e complementados por uma variedade de formatos multim\u00eddia como artigos, v\u00eddeos e podcasts.<\/p>\n<p>A exposi\u00e7\u00e3o virtual celebra n\u00e3o apenas a longevidade da revista, mas tamb\u00e9m sua evolu\u00e7\u00e3o e adapta\u00e7\u00e3o \u00e0s novas m\u00eddias, destacando seu papel fundamental na dissemina\u00e7\u00e3o do conhecimento cient\u00edfico no Brasil.<\/p>\n<p>Confira!<\/p>\n<p><iframe loading=\"lazy\" title=\"Exposi\u00e7\u00e3o virtual de capas da revista Ci\u00eancia &amp; Cultura\" width=\"1200\" height=\"675\" src=\"https:\/\/www.youtube.com\/embed\/BH1wtLAHIWs?feature=oembed\" frameborder=\"0\" allow=\"accelerometer; autoplay; clipboard-write; encrypted-media; gyroscope; picture-in-picture; web-share\" referrerpolicy=\"strict-origin-when-cross-origin\" allowfullscreen><\/iframe><\/p>\n<p>&nbsp;<\/p>\n<p>&nbsp;<\/p>\n<p>&nbsp;<\/p>\n","protected":false},"excerpt":{"rendered":"Capas contam hist\u00f3ria dos 75 anos da revista. Confira! &nbsp; A revista&hellip;\n","protected":false},"author":19,"featured_media":6090,"comment_status":"open","ping_status":"open","sticky":false,"template":"","format":"standard","meta":[],"categories":[5],"tags":[],"acf":[],"_links":{"self":[{"href":"https:\/\/revistacienciaecultura.org.br\/index.php?rest_route=\/wp\/v2\/posts\/6089"}],"collection":[{"href":"https:\/\/revistacienciaecultura.org.br\/index.php?rest_route=\/wp\/v2\/posts"}],"about":[{"href":"https:\/\/revistacienciaecultura.org.br\/index.php?rest_route=\/wp\/v2\/types\/post"}],"author":[{"embeddable":true,"href":"https:\/\/revistacienciaecultura.org.br\/index.php?rest_route=\/wp\/v2\/users\/19"}],"replies":[{"embeddable":true,"href":"https:\/\/revistacienciaecultura.org.br\/index.php?rest_route=%2Fwp%2Fv2%2Fcomments&post=6089"}],"version-history":[{"count":2,"href":"https:\/\/revistacienciaecultura.org.br\/index.php?rest_route=\/wp\/v2\/posts\/6089\/revisions"}],"predecessor-version":[{"id":6092,"href":"https:\/\/revistacienciaecultura.org.br\/index.php?rest_route=\/wp\/v2\/posts\/6089\/revisions\/6092"}],"wp:featuredmedia":[{"embeddable":true,"href":"https:\/\/revistacienciaecultura.org.br\/index.php?rest_route=\/wp\/v2\/media\/6090"}],"wp:attachment":[{"href":"https:\/\/revistacienciaecultura.org.br\/index.php?rest_route=%2Fwp%2Fv2%2Fmedia&parent=6089"}],"wp:term":[{"taxonomy":"category","embeddable":true,"href":"https:\/\/revistacienciaecultura.org.br\/index.php?rest_route=%2Fwp%2Fv2%2Fcategories&post=6089"},{"taxonomy":"post_tag","embeddable":true,"href":"https:\/\/revistacienciaecultura.org.br\/index.php?rest_route=%2Fwp%2Fv2%2Ftags&post=6089"}],"curies":[{"name":"wp","href":"https:\/\/api.w.org\/{rel}","templated":true}]}}