{"id":6107,"date":"2024-06-04T07:30:36","date_gmt":"2024-06-04T07:30:36","guid":{"rendered":"https:\/\/revistacienciaecultura.org.br\/?p=6107"},"modified":"2024-06-04T10:58:22","modified_gmt":"2024-06-04T10:58:22","slug":"e-hoje-sbpc-realiza-live-para-comemorar-75-anos-da-revista-ciencia-cultura","status":"publish","type":"post","link":"https:\/\/revistacienciaecultura.org.br\/?p=6107","title":{"rendered":"\u00c9 hoje: SBPC realiza live para comemorar 75 anos da revista Ci\u00eancia &#038; Cultura"},"content":{"rendered":"<h4 id=\"publicacao-e-a-revista-de-divulgacao-cientifica-mais-antiga-do-brasil-evento-acontece-nesta-terca-feira-4-de-junho-com-transmissao-pelo-canal-do-youtube-da-sbpc\"><span style=\"color: #808080;\">Publica\u00e7\u00e3o \u00e9 a revista de divulga\u00e7\u00e3o cient\u00edfica mais antiga do Brasil. Evento acontece nesta ter\u00e7a-feira, 4 de junho, com transmiss\u00e3o pelo canal do YouTube da SBPC<\/span><\/h4>\n<p><em>\u00a0<\/em><\/p>\n<p>A revista <span style=\"color: #800000;\"><a style=\"color: #800000;\" href=\"https:\/\/revistacienciaecultura.org.br\/\"><strong>Ci\u00eancia &amp; Cultura<\/strong><\/a><\/span> \u00e9 um dos mais antigos \u2014 e importantes \u2014 ve\u00edculos de divulga\u00e7\u00e3o cient\u00edfica do pa\u00eds.\u00a0E para celebrar seus 75 anos, a SBPC realizar\u00e1 uma <em>live<\/em> nesta ter\u00e7a-feira, 04 de junho, \u00e0s 17h30, com transmiss\u00e3o pelo canal do <span style=\"color: #800000;\"><a style=\"color: #800000;\" href=\"https:\/\/www.youtube.com\/@canalsbpc\"><strong>YouTube<\/strong><\/a> <\/span>da entidade.<\/p>\n<p>A <em>live<\/em> discutir\u00e1 os grandes temas cient\u00edficos da atualidade e a import\u00e2ncia da divulga\u00e7\u00e3o cient\u00edfica. Participar\u00e3o do evento Renato Janine Ribeiro, presidente da SBPC e professor da Faculdade de Filosofia, Letras e Ci\u00eancias Humanas da USP; Carlos Vogt, ex-reitor da Unicamp e diretor-presidente da Funda\u00e7\u00e3o\u00a0Conrado Wessel; Ruben George Oliven, professor do programa de P\u00f3s-Gradua\u00e7\u00e3o em Antropologia Social da UFRGS e vice-presidente (Regi\u00e3o Sul) da Academia Brasileira de Ci\u00eancias (ABC); Vanderlan Bolzani, professora do Instituto de Qu\u00edmica da Unesp; Jos\u00e9 Galizia Tundisi, professor do Instituto de Estudos Avan\u00e7ados da USP e presidente da Associa\u00e7\u00e3o Instituto Internacional de Ecologia e Gerenciamento Ambiental (IIEGA); Ima Vieira, pesquisadora titular do Museu Paraense Em\u00edlio Goeldi e da Financiadora de Estudos e Projetos (Finep); e Fernanda Antonia da Fonseca Sobral, professora em\u00e9rita do Instituto de Ci\u00eancias Sociais da UnB e diretora da SBPC.<\/p>\n<p>&nbsp;<\/p>\n<h4 id=\"um-marco-da-divulgacao-cientifica-no-brasil\"><strong>Um marco da divulga\u00e7\u00e3o cient\u00edfica no Brasil<\/strong><\/h4>\n<p>Criada em 1949 \u2014 poucos meses ap\u00f3s a funda\u00e7\u00e3o da SBPC \u2014 a revista \u00e9 o mais antigo ve\u00edculo de divulga\u00e7\u00e3o cient\u00edfica em circula\u00e7\u00e3o no Brasil. Ela nasceu visando a difundir o conhecimento cient\u00edfico e promover uma aproxima\u00e7\u00e3o entre cientistas e o p\u00fablico, com o objetivo de ser \u201caberta n\u00e3o apenas a cientistas, mas a todos os que se interessem pela ci\u00eancia, por suas aplica\u00e7\u00f5es e pelas consequ\u00eancias destas\u201d, conforme se l\u00ea na contracapa de sua primeira edi\u00e7\u00e3o. De l\u00e1 para c\u00e1, j\u00e1 foram publicadas 466 edi\u00e7\u00f5es \u2014 todas dispon\u00edveis online no\u00a0<strong><span style=\"color: #800000;\"><a style=\"color: #800000;\" href=\"http:\/\/sbpcacervodigital.org.br\/handle\/20.500.11832\/2534\">Acervo Digital da SBPC<\/a><\/span>\u00a0<\/strong>ou na\u00a0<span style=\"color: #800000;\"><strong><a style=\"color: #800000;\" href=\"http:\/\/bndigital.bn.gov.br\/hemeroteca-digital\/\">Hemeroteca Digital Brasileira<\/a><\/strong><\/span>, da Biblioteca Nacional.<\/p>\n<p>A publica\u00e7\u00e3o passou por fases diversas, mas sua miss\u00e3o sempre foi a de informar a comunidade cient\u00edfica sobre quest\u00f5es importantes para a ci\u00eancia no Brasil. Contribuiu, e contribui at\u00e9 hoje, para o debate de grandes temas cient\u00edficos e culturais da atualidade, atraindo a aten\u00e7\u00e3o das novas gera\u00e7\u00f5es de pesquisadores e oferecendo conte\u00fados para uma reflex\u00e3o sobre tais temas.<\/p>\n<p>De publica\u00e7\u00e3o trimestral, a revista apresenta, a cada edi\u00e7\u00e3o, um tema a ser abordado do ponto de vista da ci\u00eancia, da cultura, da arte e da filosofia. Todos os meses, um novo cap\u00edtulo \u00e9 publicado, trazendo novos artigos, ensaios, reportagens jornal\u00edsticas, textos de opini\u00e3o, v\u00eddeos, podcasts e muito mais. A nova edi\u00e7\u00e3o,\u00a0<span style=\"color: #800000;\"><strong><a style=\"color: #800000;\" href=\"https:\/\/revistacienciaecultura.org.br\/\">que j\u00e1 est\u00e1 no ar<\/a><\/strong><\/span>, comemora o anivers\u00e1rio da revista de divulga\u00e7\u00e3o cient\u00edfica mais antiga do Brasil. Confira!<\/p>\n<p>&nbsp;<\/p>\n<h4 id=\"servico\"><strong>Servi\u00e7o<\/strong><\/h4>\n<p><strong><em>Live 75 anos revista Ci\u00eancia &amp; Cultura<\/em><\/strong><\/p>\n<p>Data: 04\/06<\/p>\n<p>Hor\u00e1rio: 17h30<\/p>\n<p>Local: <span style=\"color: #800000;\"><strong><a style=\"color: #800000;\" href=\"https:\/\/www.youtube.com\/watch?v=aJaJLoYoPag&amp;ab_channel=SBPCnet\" target=\"_blank\" rel=\"noopener\">Canal da SBPC no YouTube<\/a><\/strong><\/span><\/p>\n","protected":false},"excerpt":{"rendered":"Publica\u00e7\u00e3o \u00e9 a revista de divulga\u00e7\u00e3o cient\u00edfica mais antiga do Brasil. Evento&hellip;\n","protected":false},"author":19,"featured_media":6109,"comment_status":"open","ping_status":"open","sticky":false,"template":"","format":"standard","meta":[],"categories":[1,2],"tags":[],"acf":[],"_links":{"self":[{"href":"https:\/\/revistacienciaecultura.org.br\/index.php?rest_route=\/wp\/v2\/posts\/6107"}],"collection":[{"href":"https:\/\/revistacienciaecultura.org.br\/index.php?rest_route=\/wp\/v2\/posts"}],"about":[{"href":"https:\/\/revistacienciaecultura.org.br\/index.php?rest_route=\/wp\/v2\/types\/post"}],"author":[{"embeddable":true,"href":"https:\/\/revistacienciaecultura.org.br\/index.php?rest_route=\/wp\/v2\/users\/19"}],"replies":[{"embeddable":true,"href":"https:\/\/revistacienciaecultura.org.br\/index.php?rest_route=%2Fwp%2Fv2%2Fcomments&post=6107"}],"version-history":[{"count":3,"href":"https:\/\/revistacienciaecultura.org.br\/index.php?rest_route=\/wp\/v2\/posts\/6107\/revisions"}],"predecessor-version":[{"id":6112,"href":"https:\/\/revistacienciaecultura.org.br\/index.php?rest_route=\/wp\/v2\/posts\/6107\/revisions\/6112"}],"wp:featuredmedia":[{"embeddable":true,"href":"https:\/\/revistacienciaecultura.org.br\/index.php?rest_route=\/wp\/v2\/media\/6109"}],"wp:attachment":[{"href":"https:\/\/revistacienciaecultura.org.br\/index.php?rest_route=%2Fwp%2Fv2%2Fmedia&parent=6107"}],"wp:term":[{"taxonomy":"category","embeddable":true,"href":"https:\/\/revistacienciaecultura.org.br\/index.php?rest_route=%2Fwp%2Fv2%2Fcategories&post=6107"},{"taxonomy":"post_tag","embeddable":true,"href":"https:\/\/revistacienciaecultura.org.br\/index.php?rest_route=%2Fwp%2Fv2%2Ftags&post=6107"}],"curies":[{"name":"wp","href":"https:\/\/api.w.org\/{rel}","templated":true}]}}